{"id":43857,"date":"2023-10-06T17:30:07","date_gmt":"2023-10-06T17:30:07","guid":{"rendered":"https:\/\/dentalpress.com.br\/portal\/?p=43857"},"modified":"2023-10-06T17:30:07","modified_gmt":"2023-10-06T17:30:07","slug":"nobel-da-paz-2023-reconhece-voz-da-revolucao-feminina-no-ira-narges-mohammadi","status":"publish","type":"post","link":"https:\/\/dentalpress.com.br\/portal\/nobel-da-paz-2023-reconhece-voz-da-revolucao-feminina-no-ira-narges-mohammadi\/","title":{"rendered":"Nobel da Paz 2023 Reconhece Voz da Revolu\u00e7\u00e3o Feminina no Ir\u00e3: Narges Mohammadi"},"content":{"rendered":"<h3>Ativista e Engenheira Presa \u00e9 a 19\u00aa Mulher a Receber o Pr\u00eamio em 92 Edi\u00e7\u00f5es, Destacando a Import\u00e2ncia da Mulher na Sociedade<\/h3>\n<p>Em uma emocionante reviravolta, o Pr\u00eamio Nobel da Paz de 2023 foi concedido a Narges Mohammadi, uma not\u00e1vel ativista, engenheira e m\u00e3e de g\u00eameos que liderou uma luta hist\u00f3rica contra a repress\u00e3o \u00e0s mulheres no Ir\u00e3. Essa not\u00edcia ressoa com grande significado, destacando a import\u00e2ncia crucial das mulheres em todos os aspectos da sociedade, mesmo em face de desafios formid\u00e1veis.<\/p>\n<p>A decis\u00e3o de homenagear Narges Mohammadi com o Pr\u00eamio Nobel da Paz \u00e9 um reconhecimento marcante de sua dedica\u00e7\u00e3o incans\u00e1vel em prol dos direitos das mulheres e sua coragem inabal\u00e1vel em enfrentar a opress\u00e3o no Ir\u00e3. Ela \u00e9 uma voz destacada na revolu\u00e7\u00e3o feminina que teve in\u00edcio h\u00e1 um ano, ap\u00f3s a tr\u00e1gica morte de uma jovem detida por &#8220;uso incorreto&#8221; do v\u00e9u.<\/p>\n<p>A premia\u00e7\u00e3o tamb\u00e9m destaca a desigualdade de g\u00eanero hist\u00f3rica no cen\u00e1rio do Nobel da Paz. Em 92 edi\u00e7\u00f5es anteriores, apenas 19 mulheres receberam esse prestigioso pr\u00eamio, enquanto homens foram agraciados em 73 ocasi\u00f5es. A escolha de Narges Mohammadi sublinha a necessidade urgente de reconhecer e valorizar as contribui\u00e7\u00f5es das mulheres na promo\u00e7\u00e3o da paz e da justi\u00e7a em todo o mundo.<\/p>\n<p>Mohammadi \u00e9 um exemplo not\u00e1vel de perseveran\u00e7a em face da adversidade. Como engenheira, ela se destacou em um campo predominantemente masculino, quebrando barreiras e demonstrando que as mulheres podem prosperar em qualquer setor. Al\u00e9m disso, como m\u00e3e de g\u00eameos, ela equilibrou suas responsabilidades familiares com sua paix\u00e3o pela justi\u00e7a social, inspirando muitas mulheres a seguirem seus sonhos e lutarem por seus direitos.<\/p>\n<p>A luta de Narges Mohammadi n\u00e3o \u00e9 apenas uma batalha pessoal, mas um s\u00edmbolo da resist\u00eancia cont\u00ednua das mulheres iranianas contra a repress\u00e3o. Seu ativismo corajoso e sua determina\u00e7\u00e3o incans\u00e1vel tornaram-na uma l\u00edder incontest\u00e1vel na busca por igualdade de g\u00eanero e direitos humanos em seu pa\u00eds.<\/p>\n<p>No entanto, \u00e9 importante destacar que, atualmente, Narges Mohammadi encontra-se presa devido ao seu compromisso com a defesa dos direitos humanos. Sua pris\u00e3o \u00e9 um lembrete doloroso das dificuldades enfrentadas por aqueles que lutam por mudan\u00e7as em sociedades onde a liberdade de express\u00e3o e a justi\u00e7a s\u00e3o frequentemente negadas.<\/p>\n<p>\u00c0 medida que Narges Mohammadi \u00e9 reconhecida com o Pr\u00eamio Nobel da Paz, \u00e9 essencial que a comunidade internacional continue a pressionar por sua liberta\u00e7\u00e3o e pela prote\u00e7\u00e3o dos direitos humanos no Ir\u00e3. Sua coragem inspiradora deve servir como um chamado \u00e0 a\u00e7\u00e3o para todos n\u00f3s, refor\u00e7ando o compromisso global em promover a igualdade de g\u00eanero e garantir que as vozes das mulheres sejam ouvidas e valorizadas em todos os cantos do mundo.<\/p>\n<p>Este pr\u00eamio \u00e9 uma celebra\u00e7\u00e3o da resili\u00eancia de Narges Mohammadi e um lembrete da import\u00e2ncia de reconhecer e apoiar mulheres que lideram mudan\u00e7as sociais e pol\u00edticas significativas em um mundo que ainda luta contra a desigualdade de g\u00eanero. \u00c9 um marco na hist\u00f3ria das mulheres e na promo\u00e7\u00e3o da paz e da justi\u00e7a globalmente.<\/p>\n","protected":false},"excerpt":{"rendered":"<p>Ativista e Engenheira Presa \u00e9 a 19\u00aa Mulher a Receber o Pr\u00eamio em 92 Edi\u00e7\u00f5es, Destacando a Import\u00e2ncia da Mulher na Sociedade Em uma emocionante reviravolta, o Pr\u00eamio Nobel da Paz de 2023 foi concedido a Narges Mohammadi, uma not\u00e1vel ativista, engenheira e m\u00e3e de g\u00eameos que liderou uma luta hist\u00f3rica contra a repress\u00e3o \u00e0s<\/p>\n","protected":false},"author":5,"featured_media":43858,"comment_status":"open","ping_status":"open","sticky":false,"template":"","format":"standard","meta":{"footnotes":""},"categories":[299,3549,1300,3563],"tags":[4490,4489,4487,4488],"class_list":{"0":"post-43857","1":"post","2":"type-post","3":"status-publish","4":"format-standard","5":"has-post-thumbnail","7":"category-noticias","8":"category-news","9":"category-noticias-da-dental-press","10":"category-noticiasdp","11":"tag-direitos-das-mulheres","12":"tag-narges-mohammadi","13":"tag-nobel","14":"tag-nobel-da-paz"},"aioseo_notices":[],"amp_enabled":true,"_links":{"self":[{"href":"https:\/\/dentalpress.com.br\/portal\/wp-json\/wp\/v2\/posts\/43857","targetHints":{"allow":["GET"]}}],"collection":[{"href":"https:\/\/dentalpress.com.br\/portal\/wp-json\/wp\/v2\/posts"}],"about":[{"href":"https:\/\/dentalpress.com.br\/portal\/wp-json\/wp\/v2\/types\/post"}],"author":[{"embeddable":true,"href":"https:\/\/dentalpress.com.br\/portal\/wp-json\/wp\/v2\/users\/5"}],"replies":[{"embeddable":true,"href":"https:\/\/dentalpress.com.br\/portal\/wp-json\/wp\/v2\/comments?post=43857"}],"version-history":[{"count":1,"href":"https:\/\/dentalpress.com.br\/portal\/wp-json\/wp\/v2\/posts\/43857\/revisions"}],"predecessor-version":[{"id":43859,"href":"https:\/\/dentalpress.com.br\/portal\/wp-json\/wp\/v2\/posts\/43857\/revisions\/43859"}],"wp:featuredmedia":[{"embeddable":true,"href":"https:\/\/dentalpress.com.br\/portal\/wp-json\/wp\/v2\/media\/43858"}],"wp:attachment":[{"href":"https:\/\/dentalpress.com.br\/portal\/wp-json\/wp\/v2\/media?parent=43857"}],"wp:term":[{"taxonomy":"category","embeddable":true,"href":"https:\/\/dentalpress.com.br\/portal\/wp-json\/wp\/v2\/categories?post=43857"},{"taxonomy":"post_tag","embeddable":true,"href":"https:\/\/dentalpress.com.br\/portal\/wp-json\/wp\/v2\/tags?post=43857"}],"curies":[{"name":"wp","href":"https:\/\/api.w.org\/{rel}","templated":true}]}}