{"id":43412,"date":"2017-10-31T13:23:26","date_gmt":"2017-10-31T13:23:26","guid":{"rendered":"https:\/\/portal.protesista.com.br\/facimed-promove-ix-jornada-odontologica-em-cacoal-dental-press\/"},"modified":"2017-10-31T13:23:26","modified_gmt":"2017-10-31T13:23:26","slug":"facimed-promove-ix-jornada-odontologica-em-cacoal-dental-press","status":"publish","type":"post","link":"https:\/\/dentalpress.com.br\/portal\/facimed-promove-ix-jornada-odontologica-em-cacoal-dental-press\/","title":{"rendered":"Facimed promove IX Jornada Odontol\u00f3gica em Cacoal \u2013 Dental Press"},"content":{"rendered":"<div id=\"penci-post-entry-inner\">\n<div id=\"attachment_20756\" style=\"width: 310px\" class=\"wp-caption alignleft\"><a href=\"https:\/\/www.dentalpress.com.br\/portal\/wp-content\/uploads\/2017\/10\/Jornada-Odontolo\u0301gica-.jpg\" data-rel=\"penci-gallery-image-content\"><img loading=\"lazy\" aria-describedby=\"caption-attachment-20756\" decoding=\"async\" loading=\"lazy\" class=\"wp-image-20756 size-medium\" src=\"https:\/\/dentalpress.com.br\/portal\/wp-content\/uploads\/2023\/09\/Facimed-promove-IX-Jornada-Odontologica-em-Cacoal-\u2013-Dental-Press.jpg\" alt=\"Jornada Odontol\u00f3gica \" width=\"300\" height=\"225\"  \/><\/a><\/p>\n<p id=\"caption-attachment-20756\" class=\"wp-caption-text\">IX Jornada Odontol\u00f3gica ser\u00e1 realizada no audit\u00f3rio da unidade sede da Facimed, em Cacoal (Foto: Divulga\u00e7\u00e3o)<\/p>\n<\/div>\n<p>Profissionais e estudantes de Odontologia de Cacoal (RO) e regi\u00e3o ter\u00e3o a oportunidade de participar da IX Jornada Odontol\u00f3gica da Facimed \u2013 Faculdade de Ci\u00eancias Biom\u00e9dicas de Cacoal. O evento ser\u00e1 realizado no audit\u00f3rio da unidade sede, entre os dias 8 e 11 de novembro.<\/p>\n<p>Multidisciplinar, o evento reunir\u00e1 palestras de temas como implatodontia, odontologia legal, odontopediatria, farmacologia, est\u00e9tica, urg\u00eancia e emerg\u00eancia, entre outros assuntos, ministradas pelos professores Dr. Cl\u00e1udio N\u00f3ia, Dr. Oscar Barreiros, Dr. Pedro Ivo Santos Silva, Dra. Isabela Caparelli Cadioli, Dra. Leila Gracieli da Silva, Dr. Luan Souza, Dra. K\u00e1tia Abreu Lopes e Dra. Fabiana Furtado Freitas.<\/p>\n<p>A programa\u00e7\u00e3o completa e as inscri\u00e7\u00f5es est\u00e3o dispon\u00edveis <a href=\"http:\/\/www.facimed.edu.br\/divulgacoes\/ler\/ix-jornada-odontologica-104\" target=\"_blank\" rel=\"noopener\"><span style=\"color: #666699;\">no site da Facimed<\/span><\/a>.<\/p>\n<style><![CDATA[#wpdevar_comment_4 span,#wpdevar_comment_4 iframe{width:100% !important;} #wpdevar_comment_4 iframe{max-height: 100% !important;}]]><\/style>\n<\/p><\/div>\n<p><script async defer crossorigin=\"anonymous\" src=\"https:\/\/connect.facebook.net\/pt_BR\/sdk.js#xfbml=1&#038;version=v13.0&#038;appId=1621117988212496&#038;autoLogAppEvents=1\"><\/script><\/p>\n","protected":false},"excerpt":{"rendered":"<p>IX Jornada Odontol\u00f3gica ser\u00e1 realizada no audit\u00f3rio da unidade sede da Facimed, em Cacoal (Foto: Divulga\u00e7\u00e3o) Profissionais e estudantes de Odontologia de Cacoal (RO) e regi\u00e3o ter\u00e3o a oportunidade de participar da IX Jornada Odontol\u00f3gica da Facimed \u2013 Faculdade de Ci\u00eancias Biom\u00e9dicas de Cacoal. O evento ser\u00e1 realizado no audit\u00f3rio da unidade sede, entre os<\/p>\n","protected":false},"author":1,"featured_media":43413,"comment_status":"open","ping_status":"open","sticky":false,"template":"","format":"standard","meta":{"footnotes":""},"categories":[4313,4314,299,3568],"tags":[4315,1320,2210,1192,4086,1324,3603],"class_list":{"0":"post-43412","1":"post","2":"type-post","3":"status-publish","4":"format-standard","5":"has-post-thumbnail","7":"category-facimed","8":"category-jornada-odontologica","9":"category-noticias","10":"category-universidades","11":"tag-cacoal","12":"tag-dental","13":"tag-facimed","14":"tag-jornada","15":"tag-odontologica","16":"tag-press","17":"tag-promove"},"aioseo_notices":[],"amp_enabled":true,"_links":{"self":[{"href":"https:\/\/dentalpress.com.br\/portal\/wp-json\/wp\/v2\/posts\/43412","targetHints":{"allow":["GET"]}}],"collection":[{"href":"https:\/\/dentalpress.com.br\/portal\/wp-json\/wp\/v2\/posts"}],"about":[{"href":"https:\/\/dentalpress.com.br\/portal\/wp-json\/wp\/v2\/types\/post"}],"author":[{"embeddable":true,"href":"https:\/\/dentalpress.com.br\/portal\/wp-json\/wp\/v2\/users\/1"}],"replies":[{"embeddable":true,"href":"https:\/\/dentalpress.com.br\/portal\/wp-json\/wp\/v2\/comments?post=43412"}],"version-history":[{"count":0,"href":"https:\/\/dentalpress.com.br\/portal\/wp-json\/wp\/v2\/posts\/43412\/revisions"}],"wp:featuredmedia":[{"embeddable":true,"href":"https:\/\/dentalpress.com.br\/portal\/wp-json\/wp\/v2\/media\/43413"}],"wp:attachment":[{"href":"https:\/\/dentalpress.com.br\/portal\/wp-json\/wp\/v2\/media?parent=43412"}],"wp:term":[{"taxonomy":"category","embeddable":true,"href":"https:\/\/dentalpress.com.br\/portal\/wp-json\/wp\/v2\/categories?post=43412"},{"taxonomy":"post_tag","embeddable":true,"href":"https:\/\/dentalpress.com.br\/portal\/wp-json\/wp\/v2\/tags?post=43412"}],"curies":[{"name":"wp","href":"https:\/\/api.w.org\/{rel}","templated":true}]}}