{"id":411,"date":"2017-04-17T13:30:45","date_gmt":"2017-04-17T16:30:45","guid":{"rendered":"http:\/\/bangboo.com.br\/dentalpress\/?p=411"},"modified":"2017-04-17T13:51:35","modified_gmt":"2017-04-17T16:51:35","slug":"quando-como-e-por-que-utilizar-a-mecanica-4x2-parte-2","status":"publish","type":"post","link":"https:\/\/dentalpress.com.br\/portal\/quando-como-e-por-que-utilizar-a-mecanica-4x2-parte-2\/","title":{"rendered":"Quando, como e por que utilizar a mec\u00e2nica 4&#215;2?"},"content":{"rendered":"<h2><b>Introdu\u00e7\u00e3o<\/b><\/h2>\n<p style=\"text-align: justify;\"><b><\/b>O aparelho 4&#215;2 \u00e9 considerado um dos aparelhos mais vers\u00e1teis, f\u00e1ceis de se adaptar e bem tolerado pelos pacientes que se encontram na fase de dentadura mista. O 4&#215;2 pode promover benef\u00edcios de car\u00e1ter morfol\u00f3gico, est\u00e9tico e psicol\u00f3gico ao paciente. Ultimamente, o uso crescente dos arcos com a liga de n\u00edquel-tit\u00e2nio, liberando for\u00e7as mais leves e cont\u00ednuas, assim como as evid\u00eancias cient\u00edficas dispon\u00edveis sobre a abordagem precoce das m\u00e1s oclus\u00f5es com mec\u00e2nica <a href=\"https:\/\/dentalpress.com.br\/portal\/curso-de-aperfeicoamento-em-protese-sobre-implante-mais-protese-fixa\/\">fixa<\/a>, parecem encorajar fortemente o ortodontista a realizar a mec\u00e2nica 4&#215;2 no jovem paciente. Nessa Parte 2 da se\u00e7\u00e3o \u201cPergunte a um expert\u201d, focaremos a aplica\u00e7\u00e3o do aparelho 4&#215;2 na <a href=\"https:\/\/dentalpress.com.br\/portal\/imersao-em-correcao-de-sorriso-gengival\/\">corre\u00e7\u00e3o<\/a> de mordida aberta de car\u00e1ter dentoalveolar, pela extrus\u00e3o dos incisivos; na redu\u00e7\u00e3o da sobremordida profunda, por meio da intrus\u00e3o de incisivos; bem como na aplica\u00e7\u00e3o em casos com apinhamento dent\u00e1rio anterior associado \u00e0 discrep\u00e2ncia dente\/osso negativa ap\u00f3s a expans\u00e3o das arcadas e impac\u00e7\u00e3o\/tracionamento de incisivos.<\/p>\n<p style=\"text-align: justify;\"><strong>Autor: Marcio Rodrigues Almeida<a href=\"https:\/\/dentalpress.com.br\/portal\/wp-content\/uploads\/2013\/09\/Ecxpert_V12n01_fig01.jpg\"><img fetchpriority=\"high\" decoding=\"async\" class=\"aligncenter wp-image-412 \" src=\"https:\/\/dentalpress.com.br\/portal\/wp-content\/uploads\/2013\/09\/Ecxpert_V12n01_fig01.jpg\" alt=\"Ecxpert_V12n01_fig01\" width=\"662\" height=\"494\" srcset=\"\/wp-content\/uploads\/2013\/09\/Ecxpert_V12n01_fig01.jpg 600w, \/wp-content\/uploads\/2013\/09\/Ecxpert_V12n01_fig01-300x224.jpg 300w\" sizes=\"(max-width: 662px) 100vw, 662px\" \/><\/a><\/strong><\/p>\n<p style=\"text-align: justify;\">Al\u00e9m disso, como mencionado anteriormente, nem sempre a mec\u00e2nica 4&#215;2 deve ser creditada como causadora de iatrogenias \u00e0s ra\u00edzes dos incisivos laterais. Assim, inicialmente abordaremos esse t\u00f3pico, que parece ser um tanto quanto controverso, usando como ponto de partida a radiografia da Figura 58.<\/p>\n<p style=\"text-align: justify;\">Imagine-se recebendo um paciente ortod\u00f4ntico, transferido de outro colega, como o da Figura 58&#8230; N\u00e3o \u00e9 dif\u00edcil imaginar que, ao analisar a radiografia, o leitor se espante pela condi\u00e7\u00e3o da reabsor\u00e7\u00e3o do incisivo lateral direito. Mas do que isso, ainda, o leitor pode se confrontar com perguntas no m\u00ednimo curiosas sobre essa situa\u00e7\u00e3o, como: 1)\u00a0Podemos atribuir essa reabsor\u00e7\u00e3o do incisivo lateral direito ao efeito iatrog\u00eanico do nivelamento com o aparelho 4&#215;2?; 2)\u00a0Por que o incisivo lateral esquerdo n\u00e3o sofreu o efeito de reabsor\u00e7\u00e3o radicular, como o direito?; 3) A posi\u00e7\u00e3o e inclina\u00e7\u00e3o intra\u00f3ssea dos caninos \u00e9 a mesma em ambos os lados?; 4)\u00a0O fol\u00edculo pericoron\u00e1rio circundante do canino direito \u00e9 de dimens\u00e3o similar ao do esquerdo?. Devemos lembrar que essa situa\u00e7\u00e3o pode acontecer com qualquer ortodontista experiente e, provavelmente, nenhum de n\u00f3s escapar\u00e1 de um dia deparar-se com condi\u00e7\u00e3o similar. Entretanto, a literatura pode ajudar a explicar tal ocorr\u00eancia, que pode acometer uma porcentagem de pacientes durante a fase de dentadura mista e que apresentam caninos impactados ou irrompidos ectopicamente. O leitor \u00e9 convidado a analisar, desse modo, as evid\u00eancias cient\u00edficas a respeito da inter-rela\u00e7\u00e3o do posicionamento de caninos x fol\u00edculo pericoron\u00e1rio x reabsor\u00e7\u00e3o radicular de incisivos<sup>4<\/sup>.<\/p>\n<p style=\"text-align: justify;\">Ao estudar a reabsor\u00e7\u00e3o dos <a href=\"https:\/\/dentalpress.com.br\/portal\/curso-de-aperfeicoamento-em-cirurgia-de-dentes-retidos\/\">dentes<\/a> permanentes, Brown\u00a0et\u00a0al.<sup>6<\/sup>, em 1982, sugeriram que os caninos que irrompem em contato com a raiz dos incisivos permanentes causam reabsor\u00e7\u00f5es como consequ\u00eancia do rompimento do ligamento periodontal na \u00e1rea dos \u00e1pices radiculares (Fig.\u00a059\u00a0e\u00a060). A reabsor\u00e7\u00e3o radicular pode ser esperada em 12% dos incisivos que se contatam com os caninos em erup\u00e7\u00e3o ect\u00f3pica, indicando uma preval\u00eancia de 0,7% em um grupo de crian\u00e7as de 10 a 13 anos, de acordo com Ericson e Kurol<sup>15<\/sup>, em 1987.<\/p>\n<p style=\"text-align: justify;\">Quanto \u00e0 sua localiza\u00e7\u00e3o, a reabsor\u00e7\u00e3o \u00e9 frequentemente observada para a lingual ou distolingual, em 68% dos casos. No plano vertical, 82% das reabsor\u00e7\u00f5es se encontram na parte central da raiz; 13% na regi\u00e3o apical, e 5% na regi\u00e3o cervical. As reabsor\u00e7\u00f5es dos incisivos laterais prevalecem em jovens do sexo feminino, segundo Sasakura et al.<sup>17<\/sup>, Ericson e Kurol<sup>14<\/sup>.<\/p>\n<p style=\"text-align: justify;\">Outro fator contribuinte para as reabsor\u00e7\u00f5es dent\u00e1rias relaciona-se \u00e0s dimens\u00f5es do fol\u00edculo dent\u00e1rio, chamado de pericoron\u00e1rio. Ericson e Kurol<sup>15<\/sup>, em 1987, verificaram altera\u00e7\u00f5es dimensionais dos fol\u00edculos dos caninos em 22% dos casos relacionados \u00e0s reabsor\u00e7\u00f5es dos incisivos laterais. Ericson e Bjerklin<sup>12<\/sup> conclu\u00edram que os fol\u00edculos pericoron\u00e1rios dos caninos superiores ect\u00f3picos s\u00e3o, em m\u00e9dia, maiores (0,5mm a 1,0mm) que nos irrompidos normalmente. Al\u00e9m disso, os mesmos autores<sup>13<\/sup>, um ano mais tarde, conclu\u00edram que o fol\u00edculo pericoron\u00e1rio de caninos em processo eruptivo pode causar reabsor\u00e7\u00e3o do contorno periodontal dos incisivos laterais.<\/p>\n<p style=\"text-align: justify;\">De acordo com Consolaro<sup>9<\/sup>, o fol\u00edculo pericoron\u00e1rio \u00e9 rico em mediadores que estimulam localmente a reabsor\u00e7\u00e3o \u00f3ssea, especialmente o EGF. O fol\u00edculo apresenta estruturas epiteliais \u2014 como o epit\u00e9lio reduzido do \u00f3rg\u00e3o do esmalte e as ilhotas epiteliais remanescentes da l\u00e2mina dent\u00e1ria \u2014 que liberam constantemente EGF ou fator de crescimento epid\u00e9rmico no tecido conjuntivo. Esse mediador, juntamente com outros ativados a partir de sua a\u00e7\u00e3o, induz a reabsor\u00e7\u00e3o \u00f3ssea pericoron\u00e1ria, um fen\u00f4meno essencial para que ocorra a erup\u00e7\u00e3o dent\u00e1ria. Quando a trajet\u00f3ria do dente n\u00e3o irrompido (canino) comprime os vasos do ligamento periodontal dos dentes vizinhos (incisivos laterais), os cementoblastos morrem no local e a raiz \u00e9 reabsorvida para dar lugar ao fol\u00edculo pericoron\u00e1rio e sua coroa em movimento. Desse modo, quando os vetores do crescimento maxilar e as for\u00e7as eruptivas promovem a proximidade da coroa de um dente n\u00e3o irrompido em rela\u00e7\u00e3o \u00e0 raiz de um outro dente j\u00e1 irrompido, ocorre essa compress\u00e3o dos vasos periodontais, a morte dos cementoblastos que recobrem a superf\u00edcie radicular exposta e um aumento local de mediadores da reabsor\u00e7\u00e3o. Assim, o canino n\u00e3o irrompido, se muito pr\u00f3ximo da raiz do incisivo lateral e com trajet\u00f3ria ativa em fun\u00e7\u00e3o da erup\u00e7\u00e3o e de vetores de crescimento, geralmente est\u00e1 associado \u00e0 reabsor\u00e7\u00e3o dent\u00e1ria.<\/p>\n<p><a href=\"https:\/\/dentalpress.com.br\/portal\/wp-content\/uploads\/2013\/09\/Ecxpert_V12n01_fig02.jpg\"><img decoding=\"async\" class=\"aligncenter wp-image-413 \" src=\"https:\/\/dentalpress.com.br\/portal\/wp-content\/uploads\/2013\/09\/Ecxpert_V12n01_fig02.jpg\" alt=\"Ecxpert_V12n01_fig02\" width=\"673\" height=\"591\" srcset=\"\/wp-content\/uploads\/2013\/09\/Ecxpert_V12n01_fig02.jpg 600w, \/wp-content\/uploads\/2013\/09\/Ecxpert_V12n01_fig02-300x263.jpg 300w\" sizes=\"(max-width: 673px) 100vw, 673px\" \/><\/a><\/p>\n<p style=\"text-align: justify;\">Portanto, a literatura acima mencionada aponta para a causa mais prov\u00e1vel de reabsor\u00e7\u00e3o da raiz dos incisivos laterais superiores como sendo a espessura, posi\u00e7\u00e3o, o tamanho e forma do fol\u00edculo pericoron\u00e1rio dos caninos superiores impactados e\/ou irrompidos ectopicamente. Ao analisarmos as Figuras 58 a 60, torna-se evidente que o posicionamento inadequado dos caninos superiores associado ao tamanho, forma, espessura e proximidade do fol\u00edculo pericoron\u00e1rio, deve ser considerado o maior causador desse tipo de cen\u00e1rio. Dessa maneira, uma an\u00e1lise radiogr\u00e1fica e\/ou tomogr\u00e1fica minuciosa e detalhada da regi\u00e3o anterior parece ser interessante, na avalia\u00e7\u00e3o do posicionamento de caninos superiores que atendam os requisitos previamente comentados, antes da instala\u00e7\u00e3o do aparelho 4&#215;2.<\/p>\n<h2><b>Aplica\u00e7\u00e3o do aparelho 4&#215;2 na corre\u00e7\u00e3o da mordida aberta dentoalveolar<\/b><\/h2>\n<p style=\"text-align: justify;\">A mec\u00e2nica do aparelho 4&#215;2 pode ser muito bem empregada na corre\u00e7\u00e3o da mordida aberta anterior de origem dentoalveolar. O caso das Figuras 61 a 66 ilustra o acompanhamento longitudinal de uma oclus\u00e3o dos 5 aos 9 anos de idade. A jovem apresentou-se com mordida cruzada posterior j\u00e1 na dentadura dec\u00eddua, em raz\u00e3o da suc\u00e7\u00e3o do polegar. O protocolo de tratamento primou pela corre\u00e7\u00e3o precoce da mordida cruzada e pela possibilidade de suspens\u00e3o do h\u00e1bito delet\u00e9rio. Instalou-se um aparelho fixo de Porter para corrigir a mordida cruzada posterior. No entanto, aos 7 anos de idade, a paciente persistia com o h\u00e1bito, o que, por sua vez, sinalizava uma mordida aberta anterior (Fig. 67 a 74). A seguir, instalou-se um aparelho 4&#215;2 (Fig. 75 a 77) para alinhamento\u00a0e nivelamento dos incisivos, bem como para o fechamento da mordida aberta anterior. Utilizou-se um arco de extrus\u00e3o de a\u00e7o 0,018\u201d australiano (Fig. 78 a 82) ativado no sentido vertical para gerar for\u00e7a extrusiva sobre os quatro incisivos. Esse arco deve ser adaptado sobre um arco estabilizador de calibre 0,018\u201dde a\u00e7o ou 0,016\u201d x 0,022\u201d. As Figuras 83 a 91 demonstram a evolu\u00e7\u00e3o da mec\u00e2nica e o excelente resultado obtido. Por meio das radiografias periapicais, observa-se que as ra\u00edzes dos incisivos formaram-se completamente sem nenhuma intercorr\u00eancia negativa.<\/p>\n<p><a href=\"https:\/\/dentalpress.com.br\/portal\/wp-content\/uploads\/2013\/09\/Ecxpert_V12n01_fig03.jpg\"><img decoding=\"async\" class=\"aligncenter wp-image-414 size-full\" src=\"https:\/\/dentalpress.com.br\/portal\/wp-content\/uploads\/2013\/09\/Ecxpert_V12n01_fig03.jpg\" alt=\"Ecxpert_V12n01_fig03\" width=\"600\" height=\"363\" srcset=\"\/wp-content\/uploads\/2013\/09\/Ecxpert_V12n01_fig03.jpg 600w, \/wp-content\/uploads\/2013\/09\/Ecxpert_V12n01_fig03-300x181.jpg 300w\" sizes=\"(max-width: 600px) 100vw, 600px\" \/><\/a><\/p>\n<p><a href=\"https:\/\/dentalpress.com.br\/portal\/wp-content\/uploads\/2013\/09\/Ecxpert_V12n01_fig04.jpg\"><img loading=\"lazy\" decoding=\"async\" class=\"aligncenter wp-image-415 size-full\" src=\"https:\/\/dentalpress.com.br\/portal\/wp-content\/uploads\/2013\/09\/Ecxpert_V12n01_fig04.jpg\" alt=\"Ecxpert_V12n01_fig04\" width=\"800\" height=\"155\" srcset=\"\/wp-content\/uploads\/2013\/09\/Ecxpert_V12n01_fig04.jpg 800w, \/wp-content\/uploads\/2013\/09\/Ecxpert_V12n01_fig04-300x58.jpg 300w\" sizes=\"(max-width: 800px) 100vw, 800px\" \/><\/a><a href=\"https:\/\/dentalpress.com.br\/portal\/wp-content\/uploads\/2013\/09\/Ecxpert_V12n01_fig05.jpg\"><img loading=\"lazy\" decoding=\"async\" class=\"aligncenter wp-image-416 size-full\" src=\"https:\/\/dentalpress.com.br\/portal\/wp-content\/uploads\/2013\/09\/Ecxpert_V12n01_fig05.jpg\" alt=\"Ecxpert_V12n01_fig05\" width=\"600\" height=\"400\" srcset=\"\/wp-content\/uploads\/2013\/09\/Ecxpert_V12n01_fig05.jpg 600w, \/wp-content\/uploads\/2013\/09\/Ecxpert_V12n01_fig05-300x200.jpg 300w\" sizes=\"(max-width: 600px) 100vw, 600px\" \/><\/a><\/p>\n<p><a href=\"https:\/\/dentalpress.com.br\/portal\/wp-content\/uploads\/2013\/09\/Ecxpert_V12n01_fig06.jpg\"><img loading=\"lazy\" decoding=\"async\" class=\"aligncenter wp-image-417 size-full\" src=\"https:\/\/dentalpress.com.br\/portal\/wp-content\/uploads\/2013\/09\/Ecxpert_V12n01_fig06.jpg\" alt=\"Ecxpert_V12n01_fig06\" width=\"800\" height=\"728\" srcset=\"\/wp-content\/uploads\/2013\/09\/Ecxpert_V12n01_fig06.jpg 800w, \/wp-content\/uploads\/2013\/09\/Ecxpert_V12n01_fig06-300x273.jpg 300w\" sizes=\"(max-width: 800px) 100vw, 800px\" \/><\/a><\/p>\n<p><a href=\"https:\/\/dentalpress.com.br\/portal\/wp-content\/uploads\/2013\/09\/Ecxpert_V12n01_fig07.jpg\"><img loading=\"lazy\" decoding=\"async\" class=\"aligncenter wp-image-418 size-full\" src=\"https:\/\/dentalpress.com.br\/portal\/wp-content\/uploads\/2013\/09\/Ecxpert_V12n01_fig07.jpg\" alt=\"Ecxpert_V12n01_fig07\" width=\"800\" height=\"205\" srcset=\"\/wp-content\/uploads\/2013\/09\/Ecxpert_V12n01_fig07.jpg 800w, \/wp-content\/uploads\/2013\/09\/Ecxpert_V12n01_fig07-300x76.jpg 300w\" sizes=\"(max-width: 800px) 100vw, 800px\" \/><\/a><\/p>\n<p><a href=\"https:\/\/dentalpress.com.br\/portal\/wp-content\/uploads\/2013\/09\/Ecxpert_V12n01_fig08.jpg\"><img loading=\"lazy\" decoding=\"async\" class=\"aligncenter wp-image-419 size-full\" src=\"https:\/\/dentalpress.com.br\/portal\/wp-content\/uploads\/2013\/09\/Ecxpert_V12n01_fig08.jpg\" alt=\"Ecxpert_V12n01_fig08\" width=\"800\" height=\"497\" srcset=\"\/wp-content\/uploads\/2013\/09\/Ecxpert_V12n01_fig08.jpg 800w, \/wp-content\/uploads\/2013\/09\/Ecxpert_V12n01_fig08-300x186.jpg 300w\" sizes=\"(max-width: 800px) 100vw, 800px\" \/><\/a><\/p>\n<p><a href=\"https:\/\/dentalpress.com.br\/portal\/wp-content\/uploads\/2013\/09\/Ecxpert_V12n01_fig10.jpg\"><img loading=\"lazy\" decoding=\"async\" class=\"aligncenter wp-image-421 size-full\" src=\"https:\/\/dentalpress.com.br\/portal\/wp-content\/uploads\/2013\/09\/Ecxpert_V12n01_fig10.jpg\" alt=\"Ecxpert_V12n01_fig10\" width=\"800\" height=\"849\" srcset=\"\/wp-content\/uploads\/2013\/09\/Ecxpert_V12n01_fig10.jpg 800w, \/wp-content\/uploads\/2013\/09\/Ecxpert_V12n01_fig10-282x300.jpg 282w\" sizes=\"(max-width: 800px) 100vw, 800px\" \/><\/a><\/p>\n<h2><b>Aplica\u00e7\u00e3o do aparelho 4&#215;2 para corre\u00e7\u00e3o da mordida profunda por meio da intrus\u00e3o de incisivos<\/b><\/h2>\n<p style=\"text-align: justify;\">O aparelho 4&#215;2 tamb\u00e9m est\u00e1 corretamente indicado para pacientes jovens com m\u00e1 oclus\u00e3o de Classe II e sobremordida profunda. Nesses casos, \u00e9 imperativo utilizar a biomec\u00e2nica dos arcos de intrus\u00e3o para a corre\u00e7\u00e3o simult\u00e2nea da rela\u00e7\u00e3o molar de Classe II e da mordida profunda. O pr\u00f3ximo caso cl\u00ednico \u00e9 de uma jovem com 10 anos e 7 meses de idade e m\u00e1 oclus\u00e3o de Classe\u00a0II, divis\u00e3o\u00a02 com sobremordida profunda, perfil bom e ligeiramente convexo, padr\u00e3o mesofacial e apinhamento dos incisivos superiores e inferiores. A avalia\u00e7\u00e3o da radiografia panor\u00e2mica evidenciou a presen\u00e7a de todos os dentes permanentes irrompidos em diferentes est\u00e1gios de desenvolvimento, especificamente no per\u00edodo intertransit\u00f3rio da dentadura mista (Fig. 92 a 99). Observa-se, ainda, que os \u00e1pices radiculares dos incisivos superiores encontravam-se em fase de forma\u00e7\u00e3o.<\/p>\n<p><a href=\"https:\/\/dentalpress.com.br\/portal\/wp-content\/uploads\/2013\/09\/Ecxpert_V12n01_fig11.jpg\"><img loading=\"lazy\" decoding=\"async\" class=\"aligncenter wp-image-422 size-full\" src=\"https:\/\/dentalpress.com.br\/portal\/wp-content\/uploads\/2013\/09\/Ecxpert_V12n01_fig11.jpg\" alt=\"Ecxpert_V12n01_fig11\" width=\"800\" height=\"829\" srcset=\"\/wp-content\/uploads\/2013\/09\/Ecxpert_V12n01_fig11.jpg 800w, \/wp-content\/uploads\/2013\/09\/Ecxpert_V12n01_fig11-289x300.jpg 289w, \/wp-content\/uploads\/2013\/09\/Ecxpert_V12n01_fig11-32x32.jpg 32w\" sizes=\"(max-width: 800px) 100vw, 800px\" \/><\/a><\/p>\n<p style=\"text-align: justify;\">O protocolo de tratamento para esse caso constou da instala\u00e7\u00e3o de um aparelho 4&#215;2 com o fim de, inicialmente, alinhar e nivelar os dentes anterossuperiores. Para corre\u00e7\u00e3o da sobremordida profunda, adaptou-se um arco de intrus\u00e3o confeccionado com fio de TMA 0,017\u201dx 0,025\u201d sobre os quatro incisivos superiores, permanecendo por 24 meses. Para manuten\u00e7\u00e3o do comprimento da arcada inferior, instalou-se uma placa labioativa (PLA) (Fig. 100 a 105).<\/p>\n<p><a href=\"https:\/\/dentalpress.com.br\/portal\/wp-content\/uploads\/2013\/09\/Ecxpert_V12n01_fig12.jpg\"><img loading=\"lazy\" decoding=\"async\" class=\"aligncenter wp-image-423 size-full\" src=\"https:\/\/dentalpress.com.br\/portal\/wp-content\/uploads\/2013\/09\/Ecxpert_V12n01_fig12.jpg\" alt=\"Ecxpert_V12n01_fig12\" width=\"800\" height=\"559\" srcset=\"\/wp-content\/uploads\/2013\/09\/Ecxpert_V12n01_fig12.jpg 800w, \/wp-content\/uploads\/2013\/09\/Ecxpert_V12n01_fig12-300x209.jpg 300w\" sizes=\"(max-width: 800px) 100vw, 800px\" \/><\/a><\/p>\n<p style=\"text-align: justify;\">Ap\u00f3s dois anos de uso do 4&#215;2 associado ao arco de intrus\u00e3o, notou-se que houve corre\u00e7\u00e3o da mordida profunda, assim como a corre\u00e7\u00e3o da rela\u00e7\u00e3o molar de Classe\u00a0II (Fig.\u00a0106\u00a0a\u00a0110). Por meio da radiografia panor\u00e2mica, pode-se observar a correta forma\u00e7\u00e3o radicular dos dentes envolvidos na mec\u00e2nica\u00a0(Fig. 111). As Figuras 112 a 119 demonstram a <a href=\"https:\/\/dentalpress.com.br\/portal\/excelencia-em-ortodontia-2\/\">excel\u00eancia<\/a> da oclus\u00e3o obtida e a correta posi\u00e7\u00e3o dent\u00e1ria, evidenciada nas radiografias panor\u00e2micas (Fig.\u00a0120 a 123).<\/p>\n<p><a href=\"https:\/\/dentalpress.com.br\/portal\/wp-content\/uploads\/2013\/09\/Ecxpert_V12n01_fig13.jpg\"><img loading=\"lazy\" decoding=\"async\" class=\"aligncenter wp-image-424 size-full\" src=\"https:\/\/dentalpress.com.br\/portal\/wp-content\/uploads\/2013\/09\/Ecxpert_V12n01_fig13.jpg\" alt=\"Ecxpert_V12n01_fig13\" width=\"800\" height=\"542\" srcset=\"\/wp-content\/uploads\/2013\/09\/Ecxpert_V12n01_fig13.jpg 800w, \/wp-content\/uploads\/2013\/09\/Ecxpert_V12n01_fig13-300x203.jpg 300w\" sizes=\"(max-width: 800px) 100vw, 800px\" \/><\/a><\/p>\n<p><a href=\"https:\/\/dentalpress.com.br\/portal\/wp-content\/uploads\/2013\/09\/Ecxpert_V12n01_fig14.jpg\"><img loading=\"lazy\" decoding=\"async\" class=\"aligncenter wp-image-425 size-full\" src=\"https:\/\/dentalpress.com.br\/portal\/wp-content\/uploads\/2013\/09\/Ecxpert_V12n01_fig14.jpg\" alt=\"Ecxpert_V12n01_fig14\" width=\"800\" height=\"637\" srcset=\"\/wp-content\/uploads\/2013\/09\/Ecxpert_V12n01_fig14.jpg 800w, \/wp-content\/uploads\/2013\/09\/Ecxpert_V12n01_fig14-300x238.jpg 300w\" sizes=\"(max-width: 800px) 100vw, 800px\" \/><\/a><\/p>\n<p><a href=\"https:\/\/dentalpress.com.br\/portal\/wp-content\/uploads\/2013\/09\/Ecxpert_V12n01_fig15.jpg\"><img loading=\"lazy\" decoding=\"async\" class=\"aligncenter wp-image-426 size-full\" src=\"https:\/\/dentalpress.com.br\/portal\/wp-content\/uploads\/2013\/09\/Ecxpert_V12n01_fig15.jpg\" alt=\"Ecxpert_V12n01_fig15\" width=\"800\" height=\"325\" srcset=\"\/wp-content\/uploads\/2013\/09\/Ecxpert_V12n01_fig15.jpg 800w, \/wp-content\/uploads\/2013\/09\/Ecxpert_V12n01_fig15-300x121.jpg 300w\" sizes=\"(max-width: 800px) 100vw, 800px\" \/><\/a><\/p>\n<h2><b>Aplica\u00e7\u00e3o do aparelho 4&#215;2 para corre\u00e7\u00e3o do apinhamento e discrep\u00e2ncia dente\/osso negativa<\/b><\/h2>\n<p style=\"text-align: justify;\">O aparelho 4&#215;2 pode ser empregado para casos com apinhamento associado \u00e0 discrep\u00e2ncia \u00f3ssea negativa, ap\u00f3s a expans\u00e3o das arcadas dent\u00e1rias. Comumente, ap\u00f3s a utiliza\u00e7\u00e3o de expansores como Haas, Hyrax e outros tipos de disjuntores, pode-se alinhar e nivelar os incisivos superiores, tornando a est\u00e9tica aprimorada. Al\u00e9m disso, pode-se, com a mec\u00e2nica do 4&#215;2 associada \u00e0 colagem de outros dentes \u2014 a exemplo de pr\u00e9-molares ou molares dec\u00edduos\u00a0\u2014, adicionar molas de abertura de espa\u00e7o para favorecer a erup\u00e7\u00e3o dos caninos. Esse \u00e9 o exemplo do caso cl\u00ednico a seguir, de uma jovem com 8 anos e 2 meses de idade, apresentando m\u00e1 oclus\u00e3o de Classe I com apinhamento superior\u00a0e inferior, sobremordida e padr\u00e3o mesofacial (Fig. 124 a 132).<\/p>\n<p><a href=\"https:\/\/dentalpress.com.br\/portal\/wp-content\/uploads\/2013\/09\/Ecxpert_V12n01_fig16.jpg\"><img loading=\"lazy\" decoding=\"async\" class=\"aligncenter wp-image-427 size-full\" src=\"https:\/\/dentalpress.com.br\/portal\/wp-content\/uploads\/2013\/09\/Ecxpert_V12n01_fig16.jpg\" alt=\"Ecxpert_V12n01_fig16\" width=\"800\" height=\"830\" srcset=\"\/wp-content\/uploads\/2013\/09\/Ecxpert_V12n01_fig16.jpg 800w, \/wp-content\/uploads\/2013\/09\/Ecxpert_V12n01_fig16-289x300.jpg 289w, \/wp-content\/uploads\/2013\/09\/Ecxpert_V12n01_fig16-32x32.jpg 32w\" sizes=\"(max-width: 800px) 100vw, 800px\" \/><\/a><\/p>\n<p style=\"text-align: justify;\">Primeiramente, optou-se pela instala\u00e7\u00e3o de um aparelho fixo expansor tipo Hyrax para a arcada superior, e placa remov\u00edvel tipo Schwarz na arcada inferior (Fig. 133 e 134). A proposta dos aparelhos expansores foi, justamente, ganhar espa\u00e7o transversalmente, para evitar a extra\u00e7\u00e3o dent\u00e1ria futura. A paciente utilizou esses aparelhos por um per\u00edodo de 6 meses. Ap\u00f3s esse per\u00edodo, adaptou-se um aparelho 4&#215;2 com a inten\u00e7\u00e3o de alinhar e nivelar os dentes anteriores superiores; enquanto, na arcada inferior, manteve-se a placa de Schwarz como conten\u00e7\u00e3o. Para a arcada superior, adicionou-se uma barra palatina como mantenedor de espa\u00e7o (Fig.\u00a0135\u00a0a\u00a0139). Ap\u00f3s esse per\u00edodo, iniciou-se a montagem de braquetes no canino superior direito e primeiros pr\u00e9-molares, e molas de n\u00edquel-tit\u00e2nio como recuperadores de espa\u00e7o para o canino esquerdo (Fig. 140 a 144). Ap\u00f3s a erup\u00e7\u00e3o de todos os dentes permanentes, montou-se a aparelhagem fixa superior e inferior, para alinhamento e nivelamento dent\u00e1rio (Fig.\u00a0145\u00a0a\u00a0149). As Figuras 150 a 157 demonstram a obten\u00e7\u00e3o de excelente oclus\u00e3o e est\u00e9tica do sorriso, assim como a radiografia panor\u00e2mica denuncia a obten\u00e7\u00e3o de um comprimento radicular normal dos incisivos superiores (Fig.\u00a0158).<\/p>\n<p><a href=\"https:\/\/dentalpress.com.br\/portal\/wp-content\/uploads\/2013\/09\/Ecxpert_V12n01_fig17.jpg\"><img loading=\"lazy\" decoding=\"async\" class=\"aligncenter wp-image-428 size-full\" src=\"https:\/\/dentalpress.com.br\/portal\/wp-content\/uploads\/2013\/09\/Ecxpert_V12n01_fig17.jpg\" alt=\"Ecxpert_V12n01_fig17\" width=\"800\" height=\"304\" srcset=\"\/wp-content\/uploads\/2013\/09\/Ecxpert_V12n01_fig17.jpg 800w, \/wp-content\/uploads\/2013\/09\/Ecxpert_V12n01_fig17-300x114.jpg 300w\" sizes=\"(max-width: 800px) 100vw, 800px\" \/><\/a><\/p>\n<p><a href=\"https:\/\/dentalpress.com.br\/portal\/wp-content\/uploads\/2013\/09\/Ecxpert_V12n01_fig18.jpg\"><img loading=\"lazy\" decoding=\"async\" class=\"aligncenter wp-image-429 size-full\" src=\"https:\/\/dentalpress.com.br\/portal\/wp-content\/uploads\/2013\/09\/Ecxpert_V12n01_fig18.jpg\" alt=\"Ecxpert_V12n01_fig18\" width=\"800\" height=\"349\" srcset=\"\/wp-content\/uploads\/2013\/09\/Ecxpert_V12n01_fig18.jpg 800w, \/wp-content\/uploads\/2013\/09\/Ecxpert_V12n01_fig18-300x130.jpg 300w\" sizes=\"(max-width: 800px) 100vw, 800px\" \/><\/a><\/p>\n<p><a href=\"https:\/\/dentalpress.com.br\/portal\/wp-content\/uploads\/2013\/09\/Ecxpert_V12n01_fig19.jpg\"><img loading=\"lazy\" decoding=\"async\" class=\"aligncenter wp-image-430 size-full\" src=\"https:\/\/dentalpress.com.br\/portal\/wp-content\/uploads\/2013\/09\/Ecxpert_V12n01_fig19.jpg\" alt=\"Ecxpert_V12n01_fig19\" width=\"800\" height=\"350\" srcset=\"\/wp-content\/uploads\/2013\/09\/Ecxpert_V12n01_fig19.jpg 800w, \/wp-content\/uploads\/2013\/09\/Ecxpert_V12n01_fig19-300x131.jpg 300w\" sizes=\"(max-width: 800px) 100vw, 800px\" \/><\/a><\/p>\n<p><a href=\"https:\/\/dentalpress.com.br\/portal\/wp-content\/uploads\/2013\/09\/Ecxpert_V12n01_fig20.jpg\"><img loading=\"lazy\" decoding=\"async\" class=\"aligncenter wp-image-431 size-full\" src=\"https:\/\/dentalpress.com.br\/portal\/wp-content\/uploads\/2013\/09\/Ecxpert_V12n01_fig20.jpg\" alt=\"Ecxpert_V12n01_fig20\" width=\"800\" height=\"351\" srcset=\"\/wp-content\/uploads\/2013\/09\/Ecxpert_V12n01_fig20.jpg 800w, \/wp-content\/uploads\/2013\/09\/Ecxpert_V12n01_fig20-300x131.jpg 300w\" sizes=\"(max-width: 800px) 100vw, 800px\" \/><\/a><a href=\"https:\/\/dentalpress.com.br\/portal\/wp-content\/uploads\/2013\/09\/Ecxpert_V12n01_fig21.jpg\"><img loading=\"lazy\" decoding=\"async\" class=\"aligncenter wp-image-432 size-full\" src=\"https:\/\/dentalpress.com.br\/portal\/wp-content\/uploads\/2013\/09\/Ecxpert_V12n01_fig21.jpg\" alt=\"Ecxpert_V12n01_fig21\" width=\"800\" height=\"868\" srcset=\"\/wp-content\/uploads\/2013\/09\/Ecxpert_V12n01_fig21.jpg 800w, \/wp-content\/uploads\/2013\/09\/Ecxpert_V12n01_fig21-276x300.jpg 276w\" sizes=\"(max-width: 800px) 100vw, 800px\" \/><\/a><\/p>\n<h2><b>Aplica\u00e7\u00e3o do 4&#215;2 para tracionamento de incisivos<\/b><\/h2>\n<p style=\"text-align: justify;\">O aparelho 4&#215;2 tamb\u00e9m pode ser empregado em casos de incisivos permanentes impactados. Esse \u00e9 o exemplo do caso a seguir, onde uma jovem com 8 anos e 6 meses de idade, mesofacial e com perfil convexo buscou tratamento ortod\u00f4ntico com a persist\u00eancia do incisivo dec\u00edduo esquerdo, rela\u00e7\u00e3o molar de Classe I no lado direito e Classe II no esquerdo. Al\u00e9m disso, apresentava mordida cruzada posterior unilateral no lado esquerdo (Fig. 159 a 166).<\/p>\n<p><a href=\"https:\/\/dentalpress.com.br\/portal\/wp-content\/uploads\/2013\/09\/Ecxpert_V12n01_fig22.jpg\"><img loading=\"lazy\" decoding=\"async\" class=\"aligncenter wp-image-433 size-full\" src=\"https:\/\/dentalpress.com.br\/portal\/wp-content\/uploads\/2013\/09\/Ecxpert_V12n01_fig22.jpg\" alt=\"Ecxpert_V12n01_fig22\" width=\"800\" height=\"667\" srcset=\"\/wp-content\/uploads\/2013\/09\/Ecxpert_V12n01_fig22.jpg 800w, \/wp-content\/uploads\/2013\/09\/Ecxpert_V12n01_fig22-300x250.jpg 300w\" sizes=\"(max-width: 800px) 100vw, 800px\" \/><\/a><\/p>\n<p style=\"text-align: justify;\">Por meio das radiografias iniciais, observa-se a presen\u00e7a de um dente supranumer\u00e1rio na regi\u00e3o do incisivo central esquerdo\u00a0(Fig.\u00a0167 a\u00a0169). Primeiramente, optou-se pela instala\u00e7\u00e3o de um aparelho fixo expansor tipo Hyrax (Fig. 170 e 171) para a arcada superior, extra\u00e7\u00e3o do supranumer\u00e1rio e colagem de acess\u00f3rio no incisivo permanente incluso, para posterior tracionamento. As Figuras 172 e 173 demonstram a instala\u00e7\u00e3o do aparelho 4&#215;2 superior segmentado e a abertura de espa\u00e7o com mola de n\u00edquel-tit\u00e2nio entre os elementos 11 e 22. Nas Figuras 174 a 176, pode-se observar que, ap\u00f3s 2 meses, o espa\u00e7o para o incisivo central esquerdo estava adequado; optou-se, ent\u00e3o, por iniciar seu tracionamento utilizando um cantil\u00e9ver de fio TMA 0,017\u201d x 0,025\u201d apoiado sob um arco principal de NiTi 0,016\u201d x 0,022\u201d e um tubo cruzado, para adapta\u00e7\u00e3o e ativa\u00e7\u00e3o da alavanca. Utilizou-se uma for\u00e7a de 30g para o tracionamento do dente incluso, mantendo-se essa for\u00e7a em todas as consultas.<\/p>\n<p style=\"text-align: justify;\">Ap\u00f3s um per\u00edodo de 11 meses de tracionamento com a alavanca, notou-se que o incisivo come\u00e7ou a aparecer na cavidade bucal (Fig. 177\u00a0a\u00a0181). O tracionamento do incisivo ocorreu em 13 meses, sendo usada mec\u00e2nica de bin\u00e1rio para realizar a girovers\u00e3o desse dente com o uso de el\u00e1stico corrente (Fig. 182 a 184). Ap\u00f3s a corre\u00e7\u00e3o da girovers\u00e3o do incisivo esquerdo, iniciou-se o nivelamento dos outros dentes, assim como se utilizou um cantil\u00e9ver de TMA 0,017\u201d x 0,025\u201d com for\u00e7a de 30g, para extrus\u00e3o e nivelamento do canino esquerdo. As Figuras 185 a 187 demonstram o uso concomitante de um cantil\u00e9ver TMA 0,017\u201d x 0,025\u201d apoiado na regi\u00e3o do canino direito, com o intuito de distalizar o molar direito por meio do tip-back (momento distal). Para realizar a finaliza\u00e7\u00e3o, foram utilizados arcos de a\u00e7o braided 0,018\u201d\u00a0x\u00a00,025\u201d para intercuspida\u00e7\u00e3o (Fig. 188 a 190). O tempo total de tratamento foi de 3 anos (Fig. 191 a 201).<\/p>\n<p><a href=\"https:\/\/dentalpress.com.br\/portal\/wp-content\/uploads\/2013\/09\/Ecxpert_V12n01_fig23.jpg\"><img loading=\"lazy\" decoding=\"async\" class=\"aligncenter wp-image-434 size-full\" src=\"https:\/\/dentalpress.com.br\/portal\/wp-content\/uploads\/2013\/09\/Ecxpert_V12n01_fig23.jpg\" alt=\"Ecxpert_V12n01_fig23\" width=\"800\" height=\"275\" srcset=\"\/wp-content\/uploads\/2013\/09\/Ecxpert_V12n01_fig23.jpg 800w, \/wp-content\/uploads\/2013\/09\/Ecxpert_V12n01_fig23-300x103.jpg 300w\" sizes=\"(max-width: 800px) 100vw, 800px\" \/><\/a><\/p>\n<p><a href=\"https:\/\/dentalpress.com.br\/portal\/wp-content\/uploads\/2013\/09\/Ecxpert_V12n01_fig24.jpg\"><img loading=\"lazy\" decoding=\"async\" class=\"aligncenter wp-image-435 size-full\" src=\"https:\/\/dentalpress.com.br\/portal\/wp-content\/uploads\/2013\/09\/Ecxpert_V12n01_fig24.jpg\" alt=\"Ecxpert_V12n01_fig24\" width=\"800\" height=\"268\" srcset=\"\/wp-content\/uploads\/2013\/09\/Ecxpert_V12n01_fig24.jpg 800w, \/wp-content\/uploads\/2013\/09\/Ecxpert_V12n01_fig24-300x100.jpg 300w\" sizes=\"(max-width: 800px) 100vw, 800px\" \/><\/a><\/p>\n<p><a href=\"https:\/\/dentalpress.com.br\/portal\/wp-content\/uploads\/2013\/09\/Ecxpert_V12n01_fig25.jpg\"><img loading=\"lazy\" decoding=\"async\" class=\"aligncenter wp-image-436 size-full\" src=\"https:\/\/dentalpress.com.br\/portal\/wp-content\/uploads\/2013\/09\/Ecxpert_V12n01_fig25.jpg\" alt=\"Ecxpert_V12n01_fig25\" width=\"800\" height=\"176\" srcset=\"\/wp-content\/uploads\/2013\/09\/Ecxpert_V12n01_fig25.jpg 800w, \/wp-content\/uploads\/2013\/09\/Ecxpert_V12n01_fig25-300x66.jpg 300w\" sizes=\"(max-width: 800px) 100vw, 800px\" \/><\/a><\/p>\n<p><a href=\"https:\/\/dentalpress.com.br\/portal\/wp-content\/uploads\/2013\/09\/Ecxpert_V12n01_fig26.jpg\"><img loading=\"lazy\" decoding=\"async\" class=\"aligncenter wp-image-437 size-full\" src=\"https:\/\/dentalpress.com.br\/portal\/wp-content\/uploads\/2013\/09\/Ecxpert_V12n01_fig26.jpg\" alt=\"Ecxpert_V12n01_fig26\" width=\"800\" height=\"237\" srcset=\"\/wp-content\/uploads\/2013\/09\/Ecxpert_V12n01_fig26.jpg 800w, \/wp-content\/uploads\/2013\/09\/Ecxpert_V12n01_fig26-300x88.jpg 300w\" sizes=\"(max-width: 800px) 100vw, 800px\" \/><\/a><\/p>\n<p><a href=\"https:\/\/dentalpress.com.br\/portal\/wp-content\/uploads\/2013\/09\/Ecxpert_V12n01_fig27.jpg\"><img loading=\"lazy\" decoding=\"async\" class=\"aligncenter wp-image-438 size-full\" src=\"https:\/\/dentalpress.com.br\/portal\/wp-content\/uploads\/2013\/09\/Ecxpert_V12n01_fig27.jpg\" alt=\"Ecxpert_V12n01_fig27\" width=\"800\" height=\"334\" srcset=\"\/wp-content\/uploads\/2013\/09\/Ecxpert_V12n01_fig27.jpg 800w, \/wp-content\/uploads\/2013\/09\/Ecxpert_V12n01_fig27-300x125.jpg 300w\" sizes=\"(max-width: 800px) 100vw, 800px\" \/><\/a><\/p>\n<p><a href=\"https:\/\/dentalpress.com.br\/portal\/wp-content\/uploads\/2013\/09\/Ecxpert_V12n01_fig28.jpg\"><img loading=\"lazy\" decoding=\"async\" class=\"aligncenter wp-image-439 size-full\" src=\"https:\/\/dentalpress.com.br\/portal\/wp-content\/uploads\/2013\/09\/Ecxpert_V12n01_fig28.jpg\" alt=\"Ecxpert_V12n01_fig28\" width=\"800\" height=\"183\" srcset=\"\/wp-content\/uploads\/2013\/09\/Ecxpert_V12n01_fig28.jpg 800w, \/wp-content\/uploads\/2013\/09\/Ecxpert_V12n01_fig28-300x68.jpg 300w\" sizes=\"(max-width: 800px) 100vw, 800px\" \/><\/a><\/p>\n<p><a href=\"https:\/\/dentalpress.com.br\/portal\/wp-content\/uploads\/2013\/09\/Ecxpert_V12n01_fig30.jpg\"><img loading=\"lazy\" decoding=\"async\" class=\"aligncenter wp-image-441 size-full\" src=\"https:\/\/dentalpress.com.br\/portal\/wp-content\/uploads\/2013\/09\/Ecxpert_V12n01_fig30.jpg\" alt=\"Ecxpert_V12n01_fig30\" width=\"800\" height=\"181\" srcset=\"\/wp-content\/uploads\/2013\/09\/Ecxpert_V12n01_fig30.jpg 800w, \/wp-content\/uploads\/2013\/09\/Ecxpert_V12n01_fig30-300x67.jpg 300w\" sizes=\"(max-width: 800px) 100vw, 800px\" \/><\/a><\/p>\n<p><a href=\"https:\/\/dentalpress.com.br\/portal\/wp-content\/uploads\/2013\/09\/Ecxpert_V12n01_fig31.jpg\"><img loading=\"lazy\" decoding=\"async\" class=\"aligncenter wp-image-442 size-full\" src=\"https:\/\/dentalpress.com.br\/portal\/wp-content\/uploads\/2013\/09\/Ecxpert_V12n01_fig31.jpg\" alt=\"Ecxpert_V12n01_fig31\" width=\"800\" height=\"933\" srcset=\"\/wp-content\/uploads\/2013\/09\/Ecxpert_V12n01_fig31.jpg 800w, \/wp-content\/uploads\/2013\/09\/Ecxpert_V12n01_fig31-257x300.jpg 257w\" sizes=\"(max-width: 800px) 100vw, 800px\" \/><\/a><\/p>\n<h2><b>Considera\u00e7\u00f5es Finais<\/b><\/h2>\n<p style=\"text-align: justify;\">O aparelho 4&#215;2 \u00e9 considerado um dos aparelhos mais vers\u00e1teis, f\u00e1ceis de se adaptar, bem tolerado pelos pacientes e de extrema utilidade cl\u00ednica. Procurou-se, nesse contexto, demonstrar as indica\u00e7\u00f5es mais comuns dessa forma simples de tratar irregularidades da oclus\u00e3o na fase da dentadura mista. O autor acredita que o aparelho 4&#215;2 permite uma abordagem com maior controle do movimento dent\u00e1rio nas tr\u00eas dimens\u00f5es do espa\u00e7o, possibilitando facilitar o tratamento na segunda fase e, assim, obter resultados mais previs\u00edveis \u2014 uma vez que n\u00e3o se trata de uma abordagem na qual os resultados est\u00e3o diretamente ligados com a colabora\u00e7\u00e3o do paciente, como nos casos de aparelhos remov\u00edveis. Al\u00e9m disso, o aspecto psicol\u00f3gico e o entusiasmo dos jovens pacientes quando se utiliza esse aparelho tamb\u00e9m se refletem em est\u00edmulos e benef\u00edcios ao ortodontista. A pr\u00e1tica cl\u00ednica tem demonstrado que a instala\u00e7\u00e3o do 4&#215;2 na denti\u00e7\u00e3o jovem n\u00e3o acarreta danos biol\u00f3gicos radiculares ou periodontais, como encurtamento da raiz ou reabsor\u00e7\u00e3o al\u00e9m do normal esperado. Cabe ressaltar, no entanto, que uma correta higieniza\u00e7\u00e3o bucal por parte dos pacientes deve ser condi\u00e7\u00e3o obrigat\u00f3ria quando da aplica\u00e7\u00e3o dessa terap\u00eautica.<\/p>\n<p style=\"text-align: justify;\">A literatura correlata aponta para a causa mais prov\u00e1vel de problemas de reabsor\u00e7\u00e3o da raiz dos incisivos laterais superiores como sendo a espessura, posi\u00e7\u00e3o, tamanho e forma do fol\u00ed-culo pericoron\u00e1rio dos caninos superiores impactados e\/ou irrompidos ectopicamente previamente \u00e0 instala\u00e7\u00e3o do aparelho 4&#215;2. O posicionamento inadequado dos caninos superiores, associado ao tamanho, forma, espessura e proximidade do fol\u00ed-culo pericoron\u00e1rio, deve ser considerado o maior causador desse tipo de cen\u00e1rio. Dessa maneira, uma an\u00e1lise radiogr\u00e1fica e\/ou tomogr\u00e1fica minuciosa e detalhada da regi\u00e3o anterior parece ser interessante, na avalia\u00e7\u00e3o do posicionamento de caninos superiores que atendam os requisitos previamente comentados, antes da instala\u00e7\u00e3o do aparelho 4&#215;2.<\/p>\n<h4 style=\"text-align: justify;\"><b>Agradecimentos<\/b><\/h4>\n<p style=\"text-align: justify;\">O autor gostaria de agradecer ao Dr. Renato Rodrigues de Almeida, pelas corre\u00e7\u00f5es e sugest\u00f5es elaboradas no presente trabalho.<\/p>\n<h4 style=\"text-align: justify;\"><b>Refer\u00eancias<\/b><\/h4>\n<p style=\"text-align: justify;\">1. Almeida MR, Pereira ALP, Almeida RR, Almeida-Pedrin RR, Silva Filho OG. Preval\u00eancia de m\u00e1 oclus\u00e3o em crian\u00e7as de 7 a 12 anos de idade. Dental Press J Orthod. 2011;16(4):123-31.<\/p>\n<p style=\"text-align: justify;\">2. Almeida MR. Quando, como e por que utilizar a mec\u00e2nica 4&#215;2: Parte 1. Rev Cl\u00edn Ortod Dental Press. 2012 dez-2013 jan;11(6):10-9.<\/p>\n<p style=\"text-align: justify;\">3. Almeida RR. <a href=\"https:\/\/dentalpress.com.br\/portal\/excelencia-em-alinhadores-e-ortodontia-digital-2\/\">Ortodontia<\/a> preventiva e interceptora: mito ou realidade. Maring\u00e1: Dental Press; 2012.<\/p>\n<p style=\"text-align: justify;\">4. Almeida RR, Fuzie A, Almeida MR, Almeida-Pedrin RR, Henriques JFC, Insabralde CMB. Abordagem da impacta\u00e7\u00e3o e\/ou irrup\u00e7\u00e3o ect\u00f3pica dos caninos permanentes: considera\u00e7\u00f5es gerais, diagn\u00f3stico e terap\u00eautica. Rev Dental Press Ortod Ortop Facial. 2001;6(1):93-116.<\/p>\n<p style=\"text-align: justify;\">5. Broadbent BH. The face of the normal child. Angle Orthod. 1937;7:205.<\/p>\n<p style=\"text-align: justify;\">6. Brown LH,\u00a0Berkman S,\u00a0Cohen D,\u00a0Kaplan AL,\u00a0Rosenberg M. A radiological study of the frequency and distribution of impacted teeth. J Dental Assoc South Africa. 1982;37:627-30.<\/p>\n<p style=\"text-align: justify;\">7. Capeloza Filho L, Silva Filho OG. Reabsor\u00e7\u00e3o radicular na cl\u00ednica ortod\u00f4ntica: atitudes para uma conduta preventiva. Rev Dental Press Ortod Ortop Facial. 1998;3(1):104-24.<\/p>\n<p style=\"text-align: justify;\">8. Clinch LM. Symposium on aspects of the dental development of the child. I. The development of the primary and the mixed dentitions. Dent Pract Dent Rec. 1966;17(4):135-44.<\/p>\n<p style=\"text-align: justify;\">9. Consolaro A. Controv\u00e9rsias: o fol\u00edculo pericoron\u00e1rio e suas implica\u00e7\u00f5es cl\u00ednicas nos tracionamentos dos caninos. Rev Cl\u00edn Ortod Dental Press. 2010;9(3):105-10.<\/p>\n<p style=\"text-align: justify;\">10. Dowsing P, Sandler PJ. How to effectively use a 2&#215;4 appliance. J Orthod. 2004;31:248-58.<\/p>\n<p style=\"text-align: justify;\">11. Drumond AF, Gontijo AI, Miranda GE, Silva AMB, Alvedanha VL. Nivelamento 4&#215;2: uma conduta \u00e9tica. Rev Cl\u00edn Ortod Dental Press. 2003;2(3):65-78.<\/p>\n<p style=\"text-align: justify;\">12. Ericson S, Bjerklin K. The dental follicle in normally and ectopically erupting maxillary canines: a computed tomography study. Angle Orthod. 2001;71(5):333-42.<\/p>\n<p style=\"text-align: justify;\">13. Ericson S, Bjerklin K, Falahat B. Does the canine dental follicle cause resorption of permanent incisor roots? A computed tomographic study of erupting maxillary canines. Angle Orthod. 2002;72(2):95-104.<\/p>\n<p style=\"text-align: justify;\">14. Ericson S, Kurol J.\u00a0 CT diagnosis of ectopically erupting maxillary canines-a case report.\u00a0 Eur J Orthod. 1998;10:283-95.<\/p>\n<p style=\"text-align: justify;\">15. Ericson S, Kurol J.\u00a0 Incisor resorption caused by maxillary cuspids &#8211; a radiographic study.\u00a0 Angle Orthod. 1987;57:332-46.<\/p>\n<p style=\"text-align: justify;\">16. Mavragani M, B\u00f8e ME, Wisth PJ, Selvig KA. Changes in root length during orthodontic treatment: advantages for immature teeth. Eur J Orthod. 2002;24(1):91-7.<\/p>\n<p style=\"text-align: justify;\">17. Sasakura H,\u00a0Yoshida T,\u00a0Murayama S,\u00a0Hanada K,\u00a0Nakajima T. Root resorption of upper permanent incisor caused by impacted canine.\u00a0 Int J Oral Surg. 1984;13:299-306.<\/p>\n<p style=\"text-align: justify;\">18. Silva Filho OG, Garib DG, Freire Maia BAV, Ozawa TO. Apinhamento prim\u00e1rio tempor\u00e1rio e definitivo: diagn\u00f3stico diferencial. Rev Assoc Paul Cir Dent. 1998;52(1):75-81.<\/p>\n<p style=\"text-align: justify;\">19. Silva Filho OG, Lara ST, Silva GFB. Nivelamento 4&#215;2: pondera\u00e7\u00f5es sobre sua aplica\u00e7\u00e3o na dentadura mista e permanente. Rev Cl\u00edn Ortod Dental Press. 2006;5(3):20-46.<\/p>\n<p style=\"text-align: justify;\">20. Silva Filho OG, Mendes OF, Ozawa TO, Ferrari Junior FM, Correa TM. Behavior of partially formed roots of teeth submitted to orthodontic movement. J Clin Pediatr Dent. 2004;28(2):147-54.<\/p>\n<p>&nbsp;<\/p>\n","protected":false},"excerpt":{"rendered":"<p>Introdu\u00e7\u00e3o O aparelho 4&#215;2 \u00e9 considerado um dos aparelhos mais vers\u00e1teis, f\u00e1ceis de se adaptar e bem tolerado pelos pacientes que se encontram na fase de dentadura mista. O 4&#215;2 pode promover benef\u00edcios de car\u00e1ter morfol\u00f3gico, est\u00e9tico e psicol\u00f3gico ao paciente. Ultimamente, o uso crescente dos arcos com a liga de n\u00edquel-tit\u00e2nio, liberando for\u00e7as mais<\/p>\n","protected":false},"author":20,"featured_media":17580,"comment_status":"open","ping_status":"closed","sticky":false,"template":"","format":"standard","meta":{"footnotes":""},"categories":[],"tags":[],"class_list":["post-411","post","type-post","status-publish","format-standard","has-post-thumbnail"],"aioseo_notices":[],"amp_enabled":true,"_links":{"self":[{"href":"https:\/\/dentalpress.com.br\/portal\/wp-json\/wp\/v2\/posts\/411","targetHints":{"allow":["GET"]}}],"collection":[{"href":"https:\/\/dentalpress.com.br\/portal\/wp-json\/wp\/v2\/posts"}],"about":[{"href":"https:\/\/dentalpress.com.br\/portal\/wp-json\/wp\/v2\/types\/post"}],"author":[{"embeddable":true,"href":"https:\/\/dentalpress.com.br\/portal\/wp-json\/wp\/v2\/users\/20"}],"replies":[{"embeddable":true,"href":"https:\/\/dentalpress.com.br\/portal\/wp-json\/wp\/v2\/comments?post=411"}],"version-history":[{"count":0,"href":"https:\/\/dentalpress.com.br\/portal\/wp-json\/wp\/v2\/posts\/411\/revisions"}],"wp:featuredmedia":[{"embeddable":true,"href":"https:\/\/dentalpress.com.br\/portal\/wp-json\/wp\/v2\/media\/17580"}],"wp:attachment":[{"href":"https:\/\/dentalpress.com.br\/portal\/wp-json\/wp\/v2\/media?parent=411"}],"wp:term":[{"taxonomy":"category","embeddable":true,"href":"https:\/\/dentalpress.com.br\/portal\/wp-json\/wp\/v2\/categories?post=411"},{"taxonomy":"post_tag","embeddable":true,"href":"https:\/\/dentalpress.com.br\/portal\/wp-json\/wp\/v2\/tags?post=411"}],"curies":[{"name":"wp","href":"https:\/\/api.w.org\/{rel}","templated":true}]}}