{"id":4037,"date":"2014-03-05T16:07:10","date_gmt":"2014-03-05T19:07:10","guid":{"rendered":"https:\/\/www.dentalpress.com.br\/portal\/?p=4037"},"modified":"2014-03-24T16:24:40","modified_gmt":"2014-03-24T19:24:40","slug":"dia-mundial-saude-bucal","status":"publish","type":"post","link":"https:\/\/dentalpress.com.br\/portal\/dia-mundial-saude-bucal\/","title":{"rendered":"Dia Mundial da Sa\u00fade Bucal"},"content":{"rendered":"<p><a href=\"https:\/\/dentalpress.com.br\/portal\/wp-content\/uploads\/2014\/03\/711610.jpg\"><img fetchpriority=\"high\" decoding=\"async\" class=\"aligncenter size-full wp-image-4038\" alt=\"711610\" src=\"https:\/\/dentalpress.com.br\/portal\/wp-content\/uploads\/2014\/03\/711610.jpg\" width=\"300\" height=\"300\" srcset=\"\/wp-content\/uploads\/2014\/03\/711610.jpg 300w, \/wp-content\/uploads\/2014\/03\/711610-150x150.jpg 150w\" sizes=\"(max-width: 300px) 100vw, 300px\" \/><\/a><\/p>\n<p>Apenas 60% da popula\u00e7\u00e3o mundial t\u00eam acesso a cuidados bucais. O problema \u00e9 que at\u00e9 90% das crian\u00e7as em idade escolar, dependendo da regi\u00e3o, sofrem de c\u00e1rie. Por causa de sua propor\u00e7\u00e3o epid\u00eamica, inclusive, entidades do mundo todo que representam a Odontologia \u2013 encabe\u00e7adas pela FDI (Federa\u00e7\u00e3o Dent\u00e1ria Internacional) \u2013 se uniram para criar o Dia Mundial da Sa\u00fade Bucal. Em 20 de mar\u00e7o, cirurgi\u00f5es-dentistas de v\u00e1rios pa\u00edses estar\u00e3o unidos em torno do prop\u00f3sito de reduzir a incid\u00eancia dessa doen\u00e7a em n\u00edvel global.<\/p>\n<p>No Brasil, a campanha est\u00e1 sendo lan\u00e7ada pela ABCD (Associa\u00e7\u00e3o Brasileira de Cirurgi\u00f5es-Dentistas), entidade nacional vinculada \u00e0 FDI, e j\u00e1 conquistou a ades\u00e3o da Associa\u00e7\u00e3o Paulista de Cirurgi\u00f5es-Dentistas (APCD) \u2013 entidade de classe com alta representatividade e que promove anualmente o maior congresso de odontologia do mundo, o CIOSP. Silvio Cecchetto, presidente da ABCD, diz que 56% dos brasileiros com menos de 12 anos t\u00eam c\u00e1rie, apesar de o Brasil reunir o maior n\u00famero de profissionais da Odontologia no mundo. \u201c\u00c9 fundamental mobilizar os mais de 254 mil cirurgi\u00f5es-dentistas brasileiros a trabalhar nesse projeto ao lado de profissionais de mais de 50 pa\u00edses que j\u00e1 abra\u00e7aram a ideia. No Brasil, estudos mostram que Norte, Nordeste e Centro-Oeste t\u00eam situa\u00e7\u00e3o pior do que Sul e Sudeste, com uma diferen\u00e7a de at\u00e9 90%. Isso indica n\u00e3o s\u00f3 um ataque maior da doen\u00e7a, como um menor acesso aos servi\u00e7os odontol\u00f3gicos. \u00c9 urgente eliminar essa disparidade.\u201d<\/p>\n<p>J\u00e1 na opini\u00e3o de Adriano Forghieri, presidente da APCD, a c\u00e1rie \u00e9 uma doen\u00e7a com um impacto t\u00e3o grande na qualidade de vida das pessoas \u2013 desde a inf\u00e2ncia at\u00e9 a maturidade \u2013 que exige um trabalho conjunto entre os cirurgi\u00f5es-dentistas, o poder p\u00fablico e a m\u00eddia. \u201cEnquanto o poder p\u00fablico exerce papel fundamental no tratamento da \u00e1gua, garantindo que todos tenham acesso \u00e0 \u00e1gua com fl\u00faor, ou ainda a programas que facilitam o acesso da popula\u00e7\u00e3o ao tratamento odontol\u00f3gico, os cirurgi\u00f5es-dentistas exercem um papel importante de esclarecimento com seus pacientes. N\u00e3o podemos deixar de ressaltar, tamb\u00e9m, o grande poder dos meios de comunica\u00e7\u00e3o. Atrav\u00e9s de mat\u00e9rias sobre sa\u00fade oral, a popula\u00e7\u00e3o vai, aos poucos, adquirindo uma preocupa\u00e7\u00e3o maior em rela\u00e7\u00e3o \u00e0 higiene bucal \u2013 o que representa, sem d\u00favida, grande parte da preven\u00e7\u00e3o da c\u00e1rie e de outras doen\u00e7as.\u201d<\/p>\n<p>O CPO (\u00edndice que considera <a href=\"https:\/\/dentalpress.com.br\/portal\/curso-de-aperfeicoamento-em-cirurgia-de-dentes-retidos\/\">dentes<\/a> cariados, perdidos e obturados) m\u00e9dio mundial aos 12 anos \u00e9 de 1,6 nos 188 pa\u00edses analisados. No Brasil, \u00e9 de 2,1. Na Am\u00e9rica do Sul, apenas a Venezuela apresenta m\u00e9dia de CPO semelhante \u00e0 brasileira (2,1), evidenciando que a doen\u00e7a c\u00e1rie \u00e9 ainda mais grave nos pa\u00edses vizinhos: Argentina (3,4), Col\u00f4mbia (2,3), Paraguai (2,8), Bol\u00edvia (4,7) e Peru (3,7). Ao criar o Dia Mundial da Sa\u00fade Bucal, entidades que representam a Odontologia em v\u00e1rios pa\u00edses t\u00eam como objetivo principal baixar esses \u00edndices, proporcionando melhor sa\u00fade bucal e geral para a popula\u00e7\u00e3o.<br \/>\nVisite<a href=\"http:\/\/ www.saudebucal2014.com.br\"> www.saudebucal2014.com.br<\/a> para saber mais.<\/p>\n<p>Fontes:<\/p>\n<p><b><i>Dr. Silvio Cecchetto<\/i><\/b>, presidente da\u00a0<b>Associa\u00e7\u00e3o Brasileira de Cirurgi\u00f5es-Dentistas<\/b>\u00a0(ABCD)<\/p>\n<p><b><i>Dr. Adriano Forghieri<\/i><\/b>, presidente da\u00a0<b>Associa\u00e7\u00e3o Paulista de Cirurgi\u00f5es-Dentistas<\/b>\u00a0(APCD)<\/p>\n<p>&nbsp;<\/p>\n","protected":false},"excerpt":{"rendered":"<p>Apesar de ser o pa\u00eds com maior n\u00famero de cirurgi\u00f5es-dentistas,56% dos brasileiros com menos de 12 anos t\u00eam c\u00e1rie.<\/p>\n","protected":false},"author":20,"featured_media":4039,"comment_status":"open","ping_status":"closed","sticky":false,"template":"","format":"standard","meta":{"footnotes":""},"categories":[],"tags":[],"class_list":["post-4037","post","type-post","status-publish","format-standard","has-post-thumbnail"],"aioseo_notices":[],"amp_enabled":true,"_links":{"self":[{"href":"https:\/\/dentalpress.com.br\/portal\/wp-json\/wp\/v2\/posts\/4037","targetHints":{"allow":["GET"]}}],"collection":[{"href":"https:\/\/dentalpress.com.br\/portal\/wp-json\/wp\/v2\/posts"}],"about":[{"href":"https:\/\/dentalpress.com.br\/portal\/wp-json\/wp\/v2\/types\/post"}],"author":[{"embeddable":true,"href":"https:\/\/dentalpress.com.br\/portal\/wp-json\/wp\/v2\/users\/20"}],"replies":[{"embeddable":true,"href":"https:\/\/dentalpress.com.br\/portal\/wp-json\/wp\/v2\/comments?post=4037"}],"version-history":[{"count":0,"href":"https:\/\/dentalpress.com.br\/portal\/wp-json\/wp\/v2\/posts\/4037\/revisions"}],"wp:featuredmedia":[{"embeddable":true,"href":"https:\/\/dentalpress.com.br\/portal\/wp-json\/wp\/v2\/media\/4039"}],"wp:attachment":[{"href":"https:\/\/dentalpress.com.br\/portal\/wp-json\/wp\/v2\/media?parent=4037"}],"wp:term":[{"taxonomy":"category","embeddable":true,"href":"https:\/\/dentalpress.com.br\/portal\/wp-json\/wp\/v2\/categories?post=4037"},{"taxonomy":"post_tag","embeddable":true,"href":"https:\/\/dentalpress.com.br\/portal\/wp-json\/wp\/v2\/tags?post=4037"}],"curies":[{"name":"wp","href":"https:\/\/api.w.org\/{rel}","templated":true}]}}