{"id":4027,"date":"2014-02-28T14:14:44","date_gmt":"2014-02-28T17:14:44","guid":{"rendered":"https:\/\/www.dentalpress.com.br\/portal\/?p=4027"},"modified":"2014-03-12T16:34:19","modified_gmt":"2014-03-12T19:34:19","slug":"5o-curso-teorico-tecnica-segmentada-simplificada","status":"publish","type":"post","link":"https:\/\/dentalpress.com.br\/portal\/5o-curso-teorico-tecnica-segmentada-simplificada\/","title":{"rendered":"5\u00ba Curso te\u00f3rico t\u00e9cnica segmentada simplificada"},"content":{"rendered":"<p>Acontece nos dias 14 e 15 de Mar\u00e7o de 2014 o 5\u00ba <a href=\"https:\/\/dentalpress.com.br\/portal\/como-inserir-lasers-de-baixa-e-alta-potencia-na-rotina-clinica\/\">Curso<\/a> te\u00f3rico da t\u00e9cnica segmentada simplificada, com os Drs. Dauro Douglas Oliveira, Helio Henrique de Ara\u00fajo Brito e Jos\u00e9 Eymard Bicalho.<\/p>\n<p><strong>Programa\u00e7\u00e3o :<\/strong><br \/>\nConceitos biomec\u00e2nicos b\u00e1sicos<br \/>\nNivelamento da Curva de Spee sem proje\u00e7\u00e3o de incisivos<br \/>\nIntrus\u00e3o e retra\u00e7\u00e3o simult\u00e2nea de incisivos superiores<br \/>\nRetra\u00e7\u00e3o segmentada de caninos inferiores<br \/>\nVerticaliza\u00e7\u00e3o de molares superiores<br \/>\nUso de mini-implantes<\/p>\n<p><strong>Informa\u00e7\u00f5es:<\/strong><br \/>\nSecretaria de Odontologia da PUC Minas<br \/>\nE-mail: cop@pucminas.br &#8211; Ana Paula Bergo<br \/>\nFones:(31) 3319-4608 &#8211; Fax: 3319 &#8211; 4415<\/p>\n<p>&nbsp;<\/p>\n<p><a href=\"https:\/\/dentalpress.com.br\/portal\/wp-content\/uploads\/2014\/02\/Untitled-1.jpg\"><img fetchpriority=\"high\" decoding=\"async\" class=\"aligncenter size-full wp-image-4028\" alt=\"Untitled-1\" src=\"https:\/\/dentalpress.com.br\/portal\/wp-content\/uploads\/2014\/02\/Untitled-1.jpg\" width=\"568\" height=\"796\" srcset=\"\/wp-content\/uploads\/2014\/02\/Untitled-1.jpg 568w, \/wp-content\/uploads\/2014\/02\/Untitled-1-214x300.jpg 214w\" sizes=\"(max-width: 568px) 100vw, 568px\" \/><\/a><\/p>\n","protected":false},"excerpt":{"rendered":"<p>Acontece nos dias 14 e 15 de Mar\u00e7o de 2014, o 5\u00ba Curso te\u00f3rico t\u00e9cnica segmentada simplificada com os Drs. Dauro Douglas Oliveira, Helio Henrique de Ara\u00fajo Brito e  Jos\u00e9 Eymard Bicalho.<\/p>\n","protected":false},"author":20,"featured_media":4028,"comment_status":"open","ping_status":"closed","sticky":false,"template":"","format":"standard","meta":{"footnotes":""},"categories":[],"tags":[],"class_list":["post-4027","post","type-post","status-publish","format-standard","has-post-thumbnail"],"aioseo_notices":[],"amp_enabled":true,"_links":{"self":[{"href":"https:\/\/dentalpress.com.br\/portal\/wp-json\/wp\/v2\/posts\/4027","targetHints":{"allow":["GET"]}}],"collection":[{"href":"https:\/\/dentalpress.com.br\/portal\/wp-json\/wp\/v2\/posts"}],"about":[{"href":"https:\/\/dentalpress.com.br\/portal\/wp-json\/wp\/v2\/types\/post"}],"author":[{"embeddable":true,"href":"https:\/\/dentalpress.com.br\/portal\/wp-json\/wp\/v2\/users\/20"}],"replies":[{"embeddable":true,"href":"https:\/\/dentalpress.com.br\/portal\/wp-json\/wp\/v2\/comments?post=4027"}],"version-history":[{"count":0,"href":"https:\/\/dentalpress.com.br\/portal\/wp-json\/wp\/v2\/posts\/4027\/revisions"}],"wp:featuredmedia":[{"embeddable":true,"href":"https:\/\/dentalpress.com.br\/portal\/wp-json\/wp\/v2\/media\/4028"}],"wp:attachment":[{"href":"https:\/\/dentalpress.com.br\/portal\/wp-json\/wp\/v2\/media?parent=4027"}],"wp:term":[{"taxonomy":"category","embeddable":true,"href":"https:\/\/dentalpress.com.br\/portal\/wp-json\/wp\/v2\/categories?post=4027"},{"taxonomy":"post_tag","embeddable":true,"href":"https:\/\/dentalpress.com.br\/portal\/wp-json\/wp\/v2\/tags?post=4027"}],"curies":[{"name":"wp","href":"https:\/\/api.w.org\/{rel}","templated":true}]}}