{"id":4011,"date":"2014-02-26T17:28:47","date_gmt":"2014-02-26T20:28:47","guid":{"rendered":"https:\/\/www.dentalpress.com.br\/portal\/?p=4011"},"modified":"2014-03-11T14:36:27","modified_gmt":"2014-03-11T17:36:27","slug":"alunos-agor-recebem-visita-dental-press","status":"publish","type":"post","link":"https:\/\/dentalpress.com.br\/portal\/alunos-agor-recebem-visita-dental-press\/","title":{"rendered":"Alunos da AGOR recebem visita da Dental Press"},"content":{"rendered":"<p>A turma de especializa\u00e7\u00e3o da AGOR (Associa\u00e7\u00e3o Ga\u00facha de Ortodontia) recebeu a visita da representante comercial da Dental Press, Rosineide Martins.<\/p>\n<p>&nbsp;<\/p>\n<p><a href=\"https:\/\/dentalpress.com.br\/portal\/wp-content\/uploads\/2014\/02\/foto-5.jpg\"><img fetchpriority=\"high\" decoding=\"async\" class=\"aligncenter size-full wp-image-4012\" alt=\"foto-5\" src=\"https:\/\/dentalpress.com.br\/portal\/wp-content\/uploads\/2014\/02\/foto-5.jpg\" width=\"640\" height=\"480\" srcset=\"\/wp-content\/uploads\/2014\/02\/foto-5.jpg 640w, \/wp-content\/uploads\/2014\/02\/foto-5-300x225.jpg 300w\" sizes=\"(max-width: 640px) 100vw, 640px\" \/><\/a><\/p>\n<p style=\"text-align: center;\"><strong>Prof. Marcio Gick com os alunos do <a href=\"https:\/\/dentalpress.com.br\/portal\/como-inserir-lasers-de-baixa-e-alta-potencia-na-rotina-clinica\/\">curso<\/a> de Especializa\u00e7\u00e3o em Ortdontia<\/strong><\/p>\n<p style=\"text-align: center;\"><a href=\"https:\/\/dentalpress.com.br\/portal\/wp-content\/uploads\/2014\/02\/foto-2.jpg\"><img decoding=\"async\" class=\"aligncenter size-full wp-image-4013\" alt=\"foto-2\" src=\"https:\/\/dentalpress.com.br\/portal\/wp-content\/uploads\/2014\/02\/foto-2.jpg\" width=\"640\" height=\"480\" srcset=\"\/wp-content\/uploads\/2014\/02\/foto-2.jpg 640w, \/wp-content\/uploads\/2014\/02\/foto-2-300x225.jpg 300w\" sizes=\"(max-width: 640px) 100vw, 640px\" \/><\/a><\/p>\n<p style=\"text-align: center;\"><strong>Professores Jo\u00e3o Roberto dos Santos, Temistocles Zucchi e Jairo Benetti com os alunos do curso de Especializa\u00e7\u00e3o<\/strong><\/p>\n","protected":false},"excerpt":{"rendered":"<p>A turma de especializa\u00e7\u00e3o da AGOR (Associa\u00e7\u00e3o Ga\u00facha de Ortodontia) recebeu a visita da representante comercial da Dental Press, Rosineide Martins.<\/p>\n","protected":false},"author":20,"featured_media":4013,"comment_status":"open","ping_status":"closed","sticky":false,"template":"","format":"standard","meta":{"footnotes":""},"categories":[],"tags":[],"class_list":["post-4011","post","type-post","status-publish","format-standard","has-post-thumbnail"],"aioseo_notices":[],"amp_enabled":true,"_links":{"self":[{"href":"https:\/\/dentalpress.com.br\/portal\/wp-json\/wp\/v2\/posts\/4011","targetHints":{"allow":["GET"]}}],"collection":[{"href":"https:\/\/dentalpress.com.br\/portal\/wp-json\/wp\/v2\/posts"}],"about":[{"href":"https:\/\/dentalpress.com.br\/portal\/wp-json\/wp\/v2\/types\/post"}],"author":[{"embeddable":true,"href":"https:\/\/dentalpress.com.br\/portal\/wp-json\/wp\/v2\/users\/20"}],"replies":[{"embeddable":true,"href":"https:\/\/dentalpress.com.br\/portal\/wp-json\/wp\/v2\/comments?post=4011"}],"version-history":[{"count":0,"href":"https:\/\/dentalpress.com.br\/portal\/wp-json\/wp\/v2\/posts\/4011\/revisions"}],"wp:featuredmedia":[{"embeddable":true,"href":"https:\/\/dentalpress.com.br\/portal\/wp-json\/wp\/v2\/media\/4013"}],"wp:attachment":[{"href":"https:\/\/dentalpress.com.br\/portal\/wp-json\/wp\/v2\/media?parent=4011"}],"wp:term":[{"taxonomy":"category","embeddable":true,"href":"https:\/\/dentalpress.com.br\/portal\/wp-json\/wp\/v2\/categories?post=4011"},{"taxonomy":"post_tag","embeddable":true,"href":"https:\/\/dentalpress.com.br\/portal\/wp-json\/wp\/v2\/tags?post=4011"}],"curies":[{"name":"wp","href":"https:\/\/api.w.org\/{rel}","templated":true}]}}