{"id":3991,"date":"2014-02-24T17:17:32","date_gmt":"2014-02-24T20:17:32","guid":{"rendered":"https:\/\/www.dentalpress.com.br\/portal\/?p=3991"},"modified":"2014-03-19T11:14:36","modified_gmt":"2014-03-19T14:14:36","slug":"dr-james-mcnamara","status":"publish","type":"post","link":"https:\/\/dentalpress.com.br\/portal\/dr-james-mcnamara\/","title":{"rendered":"Dr. James A. McNamara"},"content":{"rendered":"<p>Dr. James A. McNamara foi residente de Ortodontia, estudante de doutorado em anatomia, professor<br \/>\nuniversit\u00e1rio, mentor, pesquisador, autor de livros did\u00e1ticos, editor, conferencista internacional e cl\u00ednico<br \/>\nparticular durante as \u00faltimas quatro d\u00e9cadas. Sua ampla experi\u00eancia em ambas as \u00e1reas: cl\u00ednica e<br \/>\nexperimental e suas viagens em todo o mundo deram-lhe uma oportunidade \u00fanica para sintetizar uma<br \/>\nabordagem para a pr\u00e1tica cl\u00ednica, que n\u00e3o s\u00f3 \u00e9 baseada em evid\u00eancias, mas tamb\u00e9m \u00e9 focado na arte, bem<br \/>\ncomo na ci\u00eancia da Ortodontia e Ortopedia Facial (com particular \u00eanfase para a abordagem da expans\u00e3o<br \/>\nr\u00e1pida da maxila).<\/p>\n<p>Este encontro contar\u00e1 com um dia e meio de aula com o Prof. McNamara, que ir\u00e1 fornecer uma vis\u00e3o geral da<br \/>\nabordagem do palestrante acerca do diagn\u00f3stico ortod\u00f4ntico e ortop\u00e9dico e do tratamento de casos<br \/>\nortod\u00f4nticos complexos. Este <a href=\"https:\/\/dentalpress.com.br\/portal\/como-inserir-lasers-de-baixa-e-alta-potencia-na-rotina-clinica\/\">curso<\/a> de natureza eminentemente cl\u00ednica, ir\u00e1 incluir a discuss\u00e3o dos seguintes<br \/>\ntemas :<\/p>\n<p>&#8211; Dicas sobre colagem de Brackets;<br \/>\n&#8211; Sele\u00e7\u00e3o dos arcos;<br \/>\n&#8211; Ajuste preciso do arco transpalatino;<br \/>\n&#8211; uso de el\u00e1sticos intra e intermaxilares;<br \/>\n&#8211; Corre\u00e7\u00e3o da Classe II com os aparelhos Herbst e Pendex;<br \/>\n&#8211; Melhora espont\u00e2nea da Classe II e Classe III por meio da expans\u00e3o r\u00e1pida da maxilla;<br \/>\n&#8211; Arco utilidade: fabrica\u00e7\u00e3o e manejo;<br \/>\n&#8211; Redu\u00e7\u00e3o interproximal (stripping) e ameloplastia;<br \/>\n&#8211; Acabamento;<br \/>\n&#8211; Protocolos de conten\u00e7\u00e3o, incluindo fios coaxiais, posicionadores e retentores invis\u00edveis.<\/p>\n<p><a href=\"https:\/\/dentalpress.com.br\/portal\/wp-content\/uploads\/2014\/02\/1498925_534502483313753_1955947483_o.jpg\"><img fetchpriority=\"high\" decoding=\"async\" class=\"aligncenter size-large wp-image-3993\" alt=\"1498925_534502483313753_1955947483_o\" src=\"https:\/\/dentalpress.com.br\/portal\/wp-content\/uploads\/2014\/02\/1498925_534502483313753_1955947483_o-1024x451.jpg\" width=\"1024\" height=\"451\" srcset=\"\/wp-content\/uploads\/2014\/02\/1498925_534502483313753_1955947483_o-1024x451.jpg 1024w, \/wp-content\/uploads\/2014\/02\/1498925_534502483313753_1955947483_o-300x132.jpg 300w\" sizes=\"(max-width: 1024px) 100vw, 1024px\" \/><\/a><\/p>\n<p>&nbsp;<\/p>\n<p>Sempre que poss\u00edvel, uma abordagem baseada em evid\u00eancias, ser\u00e1 usada para determinar os protocolos de<br \/>\ntratamento apropriados. Ser\u00e1 dada \u00eanfase \u00e0 gest\u00e3o do tempo de tratamento em situa\u00e7\u00f5es de discrep\u00e2ncias<br \/>\ndente\/osso negativas, bem como nos casos de Classe II e Classe III. Ser\u00e1 apresentada a vers\u00e3o mais atualizada<br \/>\ndo m\u00e9todo de avalia\u00e7\u00e3o da matura\u00e7\u00e3o esquel\u00e9tica pela visualiza\u00e7\u00e3o das v\u00e9rtebras cervicais, para permitir que<br \/>\no participante utiliza tal abordagem na sua pr\u00e1tica di\u00e1ria. Os detalhes espec\u00edficos do manejo cl\u00ednico dos<br \/>\naparelhos descritos durante o curso, tamb\u00e9m ser\u00e3o apresentados.<\/p>\n<p>Data 10, 11 e 12 de Abril, em Salvador\/BA, grandes nomes da Ortodontia os Drs. James A. McNamara (com tradu\u00e7\u00e3o simult\u00e2nea), Prof. David Normando, Prof. Weber Ursi, Prof. Kleber Meireles, Prof. Ertty Silva.<\/p>\n<p><strong>Pela Fan Page<\/strong> www.facebook.com\/KmOrtodontia ou atrav\u00e9s solicite a ficha de inscri\u00e7\u00e3o<br \/>\n<strong>pelo e-mail<\/strong> kmortodontia@hotmail.com<\/p>\n<p>&nbsp;<\/p>\n","protected":false},"excerpt":{"rendered":"<p>Este encontro contar\u00e1 com um dia e meio de aula com o Prof. McNamara, que ir\u00e1 fornecer uma vis\u00e3o geral da abordagem do palestrante acerca do diagn\u00f3stico ortod\u00f4ntico e ortop\u00e9dico e do tratamento de casos ortod\u00f4nticos complexos. Este curso de natureza eminentemente cl\u00ednica.<\/p>\n","protected":false},"author":20,"featured_media":3992,"comment_status":"open","ping_status":"closed","sticky":false,"template":"","format":"standard","meta":{"footnotes":""},"categories":[],"tags":[],"class_list":["post-3991","post","type-post","status-publish","format-standard","has-post-thumbnail"],"aioseo_notices":[],"amp_enabled":true,"_links":{"self":[{"href":"https:\/\/dentalpress.com.br\/portal\/wp-json\/wp\/v2\/posts\/3991","targetHints":{"allow":["GET"]}}],"collection":[{"href":"https:\/\/dentalpress.com.br\/portal\/wp-json\/wp\/v2\/posts"}],"about":[{"href":"https:\/\/dentalpress.com.br\/portal\/wp-json\/wp\/v2\/types\/post"}],"author":[{"embeddable":true,"href":"https:\/\/dentalpress.com.br\/portal\/wp-json\/wp\/v2\/users\/20"}],"replies":[{"embeddable":true,"href":"https:\/\/dentalpress.com.br\/portal\/wp-json\/wp\/v2\/comments?post=3991"}],"version-history":[{"count":0,"href":"https:\/\/dentalpress.com.br\/portal\/wp-json\/wp\/v2\/posts\/3991\/revisions"}],"wp:featuredmedia":[{"embeddable":true,"href":"https:\/\/dentalpress.com.br\/portal\/wp-json\/wp\/v2\/media\/3992"}],"wp:attachment":[{"href":"https:\/\/dentalpress.com.br\/portal\/wp-json\/wp\/v2\/media?parent=3991"}],"wp:term":[{"taxonomy":"category","embeddable":true,"href":"https:\/\/dentalpress.com.br\/portal\/wp-json\/wp\/v2\/categories?post=3991"},{"taxonomy":"post_tag","embeddable":true,"href":"https:\/\/dentalpress.com.br\/portal\/wp-json\/wp\/v2\/tags?post=3991"}],"curies":[{"name":"wp","href":"https:\/\/api.w.org\/{rel}","templated":true}]}}