{"id":3983,"date":"2014-02-21T09:47:38","date_gmt":"2014-02-21T12:47:38","guid":{"rendered":"https:\/\/www.dentalpress.com.br\/portal\/?p=3983"},"modified":"2014-09-02T15:21:31","modified_gmt":"2014-09-02T18:21:31","slug":"curso-ortodontia-drs-ertty-silva-porto-sergio-pinh","status":"publish","type":"post","link":"https:\/\/dentalpress.com.br\/portal\/curso-ortodontia-drs-ertty-silva-porto-sergio-pinh\/","title":{"rendered":"Curso de Ortodontia com  Drs. Ertty Silva e S\u00e9rgio Pinho em Porto"},"content":{"rendered":"<p>No dia 03 de Mar\u00e7o, no audit\u00f3rio do Centro de Investiga\u00e7\u00e3o M\u00e9dica da Faculdade de Medicina da Universidade do Porto, em Porto\/Portugal.<\/p>\n<p>Drs. Ertty Silva \u00a0e S\u00e9rgio Pinho Especialistas em <a href=\"https:\/\/dentalpress.com.br\/portal\/excelencia-em-ortodontia-2\/\">Ortodontia<\/a>, falam sobre os seguintes t\u00f3picos:<\/p>\n<p>Novos recursos tecnol\u00f3gicos no processo de diagn\u00f3stico multidisciplinar por tomografias: Protocolo SEG\u00a0\u00ae\u00a03D &#8211; Diagn\u00f3stico Morfofuncional Tridimensional; ancoragem esquel\u00e9tica com miniplacas; tratamento da Classe II e Classe III esquel\u00e9ticas; tratamento da assimetria e mordida aberta dentoalveolares.<\/p>\n<p>A entrada \u00e9 gratuita, carecendo de confirma\u00e7\u00e3o de presen\u00e7a por meio do seguinte mail: congressoortodontiafmup@gmail.com<\/p>\n<p><a href=\"https:\/\/dentalpress.com.br\/portal\/wp-content\/uploads\/2014\/02\/1901542_410270752442061_537989339_n.jpg\"><img fetchpriority=\"high\" decoding=\"async\" class=\"aligncenter size-full wp-image-3984\" alt=\"1901542_410270752442061_537989339_n\" src=\"https:\/\/dentalpress.com.br\/portal\/wp-content\/uploads\/2014\/02\/1901542_410270752442061_537989339_n.jpg\" width=\"749\" height=\"960\" srcset=\"\/wp-content\/uploads\/2014\/02\/1901542_410270752442061_537989339_n.jpg 749w, \/wp-content\/uploads\/2014\/02\/1901542_410270752442061_537989339_n-234x300.jpg 234w\" sizes=\"(max-width: 749px) 100vw, 749px\" \/><\/a><\/p>\n<p><strong>Mais informa\u00e7\u00f5es em:<\/strong><a href=\"http:\/\/www.facebook.com\/MestradoOrtodontiaFMUP?fref=ts\"> www.facebook.com\/MestradoOrtodontiaFMUP<\/a><\/p>\n<p>&nbsp;<\/p>\n<p><strong>\u00a0<\/strong><\/p>\n","protected":false},"excerpt":{"rendered":"<p>No dia 03 de Mar\u00e7o, no audit\u00f3rio do Centro de Investiga\u00e7\u00e3o M\u00e9dica da Faculdade de Medicina da Universidade do Porto, em Porto\/Portugal.<\/p>\n","protected":false},"author":20,"featured_media":3989,"comment_status":"open","ping_status":"closed","sticky":false,"template":"","format":"standard","meta":{"footnotes":""},"categories":[],"tags":[],"class_list":["post-3983","post","type-post","status-publish","format-standard","has-post-thumbnail"],"aioseo_notices":[],"amp_enabled":true,"_links":{"self":[{"href":"https:\/\/dentalpress.com.br\/portal\/wp-json\/wp\/v2\/posts\/3983","targetHints":{"allow":["GET"]}}],"collection":[{"href":"https:\/\/dentalpress.com.br\/portal\/wp-json\/wp\/v2\/posts"}],"about":[{"href":"https:\/\/dentalpress.com.br\/portal\/wp-json\/wp\/v2\/types\/post"}],"author":[{"embeddable":true,"href":"https:\/\/dentalpress.com.br\/portal\/wp-json\/wp\/v2\/users\/20"}],"replies":[{"embeddable":true,"href":"https:\/\/dentalpress.com.br\/portal\/wp-json\/wp\/v2\/comments?post=3983"}],"version-history":[{"count":0,"href":"https:\/\/dentalpress.com.br\/portal\/wp-json\/wp\/v2\/posts\/3983\/revisions"}],"wp:featuredmedia":[{"embeddable":true,"href":"https:\/\/dentalpress.com.br\/portal\/wp-json\/wp\/v2\/media\/3989"}],"wp:attachment":[{"href":"https:\/\/dentalpress.com.br\/portal\/wp-json\/wp\/v2\/media?parent=3983"}],"wp:term":[{"taxonomy":"category","embeddable":true,"href":"https:\/\/dentalpress.com.br\/portal\/wp-json\/wp\/v2\/categories?post=3983"},{"taxonomy":"post_tag","embeddable":true,"href":"https:\/\/dentalpress.com.br\/portal\/wp-json\/wp\/v2\/tags?post=3983"}],"curies":[{"name":"wp","href":"https:\/\/api.w.org\/{rel}","templated":true}]}}