{"id":3979,"date":"2014-02-20T17:50:58","date_gmt":"2014-02-20T20:50:58","guid":{"rendered":"https:\/\/www.dentalpress.com.br\/portal\/?p=3979"},"modified":"2014-02-20T17:50:58","modified_gmt":"2014-02-20T20:50:58","slug":"alunos-especializacao-aula-pratica-typodont","status":"publish","type":"post","link":"https:\/\/dentalpress.com.br\/portal\/alunos-especializacao-aula-pratica-typodont\/","title":{"rendered":"Alunos da Especializa\u00e7\u00e3o t\u00eam aula pr\u00e1tica com Typodont"},"content":{"rendered":"<p>Turma de <a href=\"https:\/\/dentalpress.com.br\/portal\/especializacao-em-harmonizacao-orofacial\/\">Especializa\u00e7\u00e3o<\/a> em <a href=\"https:\/\/dentalpress.com.br\/portal\/excelencia-em-ortodontia-2\/\">Ortodontia<\/a> tem aula de &#8220;T\u00e9cnica do arco segmentado: pr\u00e1tica com Typodont (verticaliza\u00e7\u00e3o e intrus\u00e3o)&#8221;, com Dr. Helio Terada.<\/p>\n<p>O Dr. H\u00e9lio Hissashi Terada possui Gradua\u00e7\u00e3o em Odontologia pela Universidade de S\u00e3o Paulo, Mestrado em Odontologia (Ortodontia) e Doutorado em Odontologia (Ortodontia) pela Universidade Estadual Paulista J\u00falio de Mesquita Filho. Atualmente, \u00e9 Professor Adjunto da Universidade Estadual de Maring\u00e1 e Professor do Associa\u00e7\u00e3o Maringaense de Odontologia. Tem experi\u00eancia na \u00e1rea de Odontologia, com \u00eanfase em Ortodontia.<\/p>\n<p><strong>Veja as fotos:<\/strong><\/p>\n<p><object width=\"800\" height=\"533\" classid=\"clsid:d27cdb6e-ae6d-11cf-96b8-444553540000\" codebase=\"http:\/\/download.macromedia.com\/pub\/shockwave\/cabs\/flash\/swflash.cab#version=6,0,40,0\"><param name=\"src\" value=\"https:\/\/static.googleusercontent.com\/external_content\/picasaweb.googleusercontent.com\/slideshow.swf\" \/><param name=\"flashvars\" value=\"host=picasaweb.google.com&amp;hl=pt_BR&amp;feat=flashalbum&amp;RGB=0x000000&amp;feed=https%3A%2F%2Fpicasaweb.google.com%2Fdata%2Ffeed%2Fapi%2Fuser%2F105563955363363904212%2Falbumid%2F5982584914572453473%3Falt%3Drss%26kind%3Dphoto%26hl%3Dpt_BR\" \/><param name=\"pluginspage\" value=\"http:\/\/www.macromedia.com\/go\/getflashplayer\" \/><embed width=\"800\" height=\"533\" type=\"application\/x-shockwave-flash\" src=\"https:\/\/static.googleusercontent.com\/external_content\/picasaweb.googleusercontent.com\/slideshow.swf\" flashvars=\"host=picasaweb.google.com&amp;hl=pt_BR&amp;feat=flashalbum&amp;RGB=0x000000&amp;feed=https%3A%2F%2Fpicasaweb.google.com%2Fdata%2Ffeed%2Fapi%2Fuser%2F105563955363363904212%2Falbumid%2F5982584914572453473%3Falt%3Drss%26kind%3Dphoto%26hl%3Dpt_BR\" pluginspage=\"http:\/\/www.macromedia.com\/go\/getflashplayer\" \/><\/object><\/p>\n<p><strong>Fotografia:<\/strong> Ivo Azevedo<\/p>\n","protected":false},"excerpt":{"rendered":"<p>Turma de Especializa\u00e7\u00e3o em Ortodontia tem aula de &#8220;T\u00e9cnica do arco segmentado: pr\u00e1tica com Typodont (verticaliza\u00e7\u00e3o e intrus\u00e3o)&#8221;, com Dr. Helio Terada.<\/p>\n","protected":false},"author":20,"featured_media":3980,"comment_status":"open","ping_status":"closed","sticky":false,"template":"","format":"standard","meta":{"footnotes":""},"categories":[],"tags":[],"class_list":["post-3979","post","type-post","status-publish","format-standard","has-post-thumbnail"],"aioseo_notices":[],"amp_enabled":true,"_links":{"self":[{"href":"https:\/\/dentalpress.com.br\/portal\/wp-json\/wp\/v2\/posts\/3979","targetHints":{"allow":["GET"]}}],"collection":[{"href":"https:\/\/dentalpress.com.br\/portal\/wp-json\/wp\/v2\/posts"}],"about":[{"href":"https:\/\/dentalpress.com.br\/portal\/wp-json\/wp\/v2\/types\/post"}],"author":[{"embeddable":true,"href":"https:\/\/dentalpress.com.br\/portal\/wp-json\/wp\/v2\/users\/20"}],"replies":[{"embeddable":true,"href":"https:\/\/dentalpress.com.br\/portal\/wp-json\/wp\/v2\/comments?post=3979"}],"version-history":[{"count":0,"href":"https:\/\/dentalpress.com.br\/portal\/wp-json\/wp\/v2\/posts\/3979\/revisions"}],"wp:featuredmedia":[{"embeddable":true,"href":"https:\/\/dentalpress.com.br\/portal\/wp-json\/wp\/v2\/media\/3980"}],"wp:attachment":[{"href":"https:\/\/dentalpress.com.br\/portal\/wp-json\/wp\/v2\/media?parent=3979"}],"wp:term":[{"taxonomy":"category","embeddable":true,"href":"https:\/\/dentalpress.com.br\/portal\/wp-json\/wp\/v2\/categories?post=3979"},{"taxonomy":"post_tag","embeddable":true,"href":"https:\/\/dentalpress.com.br\/portal\/wp-json\/wp\/v2\/tags?post=3979"}],"curies":[{"name":"wp","href":"https:\/\/api.w.org\/{rel}","templated":true}]}}