{"id":3976,"date":"2014-02-20T17:22:12","date_gmt":"2014-02-20T20:22:12","guid":{"rendered":"https:\/\/www.dentalpress.com.br\/portal\/?p=3976"},"modified":"2014-02-24T16:07:08","modified_gmt":"2014-02-24T19:07:08","slug":"dra-maria-gisette-arias-provenzano-ministra-aula","status":"publish","type":"post","link":"https:\/\/dentalpress.com.br\/portal\/dra-maria-gisette-arias-provenzano-ministra-aula\/","title":{"rendered":"Dra. Maria Gisette Arias Provenzano ministra aula"},"content":{"rendered":"<p>&#8220;Desenvolvimento da oclus\u00e3o e anomalias&#8221; foi o tema passado aos alunos da 4\u00ba Especializa\u00e7\u00e3o em Ortodontia.<\/p>\n<p>A Dra. Maria Gisette Arias Provenzano possui Gradua\u00e7\u00e3o em Odontologia pela Universidade de Mar\u00edlia, Mestrado em Odontologia (Odontopediatria) pela Universidade de S\u00e3o Paulo, Especializa\u00e7\u00e3o em Ortopedia pelo Conselho Federal de Odontologia e em Ortodontia pela Associa\u00e7\u00e3o Maringaense de Odontologia e Centro educacional Dental Press. Foi estagi\u00e1ria da Universidade Estadual de Londrina na Cl\u00ednica de Beb\u00eas. Atuou como docente na Cl\u00ednica Infantil do Centro Universit\u00e1rio de Maring\u00e1 . Atualmente, \u00e9 docente assistente na Cl\u00ednica Infantil do <a href=\"https:\/\/dentalpress.com.br\/portal\/como-inserir-lasers-de-baixa-e-alta-potencia-na-rotina-clinica\/\">Curso<\/a> de Odontologia da Universidade Estadual de Maring\u00e1 (UEM). Tem experi\u00eancia na \u00e1rea de Odontologia, com \u00eanfase em Odontopediatria, Odontologia para Beb\u00eas, Ortopedia Funcional dos Maxilares e Ortodontia. Atua principalmente nos seguintes temas: preven\u00e7\u00e3o e promo\u00e7\u00e3o de sa\u00fade bucal, fluorose dent\u00e1ria, desenvolvimento da oclus\u00e3o, m\u00e1 oclus\u00e3o.<\/p>\n<p><strong>Veja as fotos:\u00a0<\/strong><\/p>\n<p><object width=\"800\" height=\"533\" classid=\"clsid:d27cdb6e-ae6d-11cf-96b8-444553540000\" codebase=\"http:\/\/download.macromedia.com\/pub\/shockwave\/cabs\/flash\/swflash.cab#version=6,0,40,0\"><param name=\"src\" value=\"https:\/\/static.googleusercontent.com\/external_content\/picasaweb.googleusercontent.com\/slideshow.swf\" \/><param name=\"flashvars\" value=\"host=picasaweb.google.com&amp;hl=pt_BR&amp;feat=flashalbum&amp;RGB=0x000000&amp;feed=https%3A%2F%2Fpicasaweb.google.com%2Fdata%2Ffeed%2Fapi%2Fuser%2F105563955363363904212%2Falbumid%2F5982575241979810593%3Falt%3Drss%26kind%3Dphoto%26hl%3Dpt_BR\" \/><param name=\"pluginspage\" value=\"http:\/\/www.macromedia.com\/go\/getflashplayer\" \/><embed width=\"800\" height=\"533\" type=\"application\/x-shockwave-flash\" src=\"https:\/\/static.googleusercontent.com\/external_content\/picasaweb.googleusercontent.com\/slideshow.swf\" flashvars=\"host=picasaweb.google.com&amp;hl=pt_BR&amp;feat=flashalbum&amp;RGB=0x000000&amp;feed=https%3A%2F%2Fpicasaweb.google.com%2Fdata%2Ffeed%2Fapi%2Fuser%2F105563955363363904212%2Falbumid%2F5982575241979810593%3Falt%3Drss%26kind%3Dphoto%26hl%3Dpt_BR\" pluginspage=\"http:\/\/www.macromedia.com\/go\/getflashplayer\" \/><\/object><\/p>\n<p><strong>Fotografia:<\/strong> Ivo Azevedo<\/p>\n","protected":false},"excerpt":{"rendered":"<p>&#8220;Desenvolvimento da oclus\u00e3o e anomalias&#8221; foi o tema passado aos alunos da 4\u00ba Especializa\u00e7\u00e3o em Ortodontia.<\/p>\n","protected":false},"author":20,"featured_media":3977,"comment_status":"open","ping_status":"closed","sticky":false,"template":"","format":"standard","meta":{"footnotes":""},"categories":[],"tags":[],"class_list":["post-3976","post","type-post","status-publish","format-standard","has-post-thumbnail"],"aioseo_notices":[],"amp_enabled":true,"_links":{"self":[{"href":"https:\/\/dentalpress.com.br\/portal\/wp-json\/wp\/v2\/posts\/3976","targetHints":{"allow":["GET"]}}],"collection":[{"href":"https:\/\/dentalpress.com.br\/portal\/wp-json\/wp\/v2\/posts"}],"about":[{"href":"https:\/\/dentalpress.com.br\/portal\/wp-json\/wp\/v2\/types\/post"}],"author":[{"embeddable":true,"href":"https:\/\/dentalpress.com.br\/portal\/wp-json\/wp\/v2\/users\/20"}],"replies":[{"embeddable":true,"href":"https:\/\/dentalpress.com.br\/portal\/wp-json\/wp\/v2\/comments?post=3976"}],"version-history":[{"count":0,"href":"https:\/\/dentalpress.com.br\/portal\/wp-json\/wp\/v2\/posts\/3976\/revisions"}],"wp:featuredmedia":[{"embeddable":true,"href":"https:\/\/dentalpress.com.br\/portal\/wp-json\/wp\/v2\/media\/3977"}],"wp:attachment":[{"href":"https:\/\/dentalpress.com.br\/portal\/wp-json\/wp\/v2\/media?parent=3976"}],"wp:term":[{"taxonomy":"category","embeddable":true,"href":"https:\/\/dentalpress.com.br\/portal\/wp-json\/wp\/v2\/categories?post=3976"},{"taxonomy":"post_tag","embeddable":true,"href":"https:\/\/dentalpress.com.br\/portal\/wp-json\/wp\/v2\/tags?post=3976"}],"curies":[{"name":"wp","href":"https:\/\/api.w.org\/{rel}","templated":true}]}}