{"id":3972,"date":"2014-02-20T16:42:09","date_gmt":"2014-02-20T19:42:09","guid":{"rendered":"https:\/\/www.dentalpress.com.br\/portal\/?p=3972"},"modified":"2014-02-24T16:06:48","modified_gmt":"2014-02-24T19:06:48","slug":"alunos-curso-especializacao-aula-dra-renata-pascotto","status":"publish","type":"post","link":"https:\/\/dentalpress.com.br\/portal\/alunos-curso-especializacao-aula-dra-renata-pascotto\/","title":{"rendered":"Alunos do curso de Especializa\u00e7\u00e3o t\u00eam aula com Dra. Renata Pascotto"},"content":{"rendered":"<p>Dra. Renata Pascotto\u00a0\u00a0Ministra aula para a turma de <a href=\"https:\/\/dentalpress.com.br\/portal\/especializacao-em-harmonizacao-orofacial\/\">Especializa\u00e7\u00e3o<\/a> em <a href=\"https:\/\/dentalpress.com.br\/portal\/excelencia-em-ortodontia-2\/\">Ortodontia<\/a>.<br \/>\n&#8220;Odontologia Est\u00e9tica integrada \u00e0 Ortodontia&#8221; foi o tema abordado neste 25\u00ba m\u00f3dulo.<\/p>\n<p>A <strong>Dra. Renata Pascotto<\/strong> possui Gradua\u00e7\u00e3o em Odontologia pela Faculdade de Odontologia de Bauru\/USP, Mestrado em Odontologia\/Dent\u00edstica pela Universidade de S\u00e3o Paulo e Doutorado em Odontologia\/Dent\u00edstica pela Universidade de S\u00e3o Paulo. Atualmente, \u00e9 Professora Associada C da Universidade Estadual de Maring\u00e1, Coordenadora do Programa de P\u00f3s-gradua\u00e7\u00e3o em Odontologia Integrada da UEM, bolsista produtividade da Funda\u00e7\u00e3o Arauc\u00e1ria, editora cient\u00edfica da Revista Dental Press de Est\u00e9tica e tem experi\u00eancia na \u00e1rea de Odontologia, com \u00eanfase em Dent\u00edstica, atuando, principalmente, nos seguintes temas: <a href=\"https:\/\/dentalpress.com.br\/portal\/imersao-em-resina-compostas\/\">resina<\/a> composta, cimento de ion\u00f4mero de vidro, fl\u00faor e est\u00e9tica.<\/p>\n<p><strong>Veja as fotos:\u00a0<\/strong><\/p>\n<p><object width=\"800\" height=\"533\" classid=\"clsid:d27cdb6e-ae6d-11cf-96b8-444553540000\" codebase=\"http:\/\/download.macromedia.com\/pub\/shockwave\/cabs\/flash\/swflash.cab#version=6,0,40,0\"><param name=\"src\" value=\"https:\/\/static.googleusercontent.com\/external_content\/picasaweb.googleusercontent.com\/slideshow.swf\" \/><param name=\"flashvars\" value=\"host=picasaweb.google.com&amp;hl=pt_BR&amp;feat=flashalbum&amp;RGB=0x000000&amp;feed=https%3A%2F%2Fpicasaweb.google.com%2Fdata%2Ffeed%2Fapi%2Fuser%2F105563955363363904212%2Falbumid%2F5982481662641195249%3Falt%3Drss%26kind%3Dphoto%26hl%3Dpt_BR\" \/><param name=\"pluginspage\" value=\"http:\/\/www.macromedia.com\/go\/getflashplayer\" \/><embed width=\"800\" height=\"533\" type=\"application\/x-shockwave-flash\" src=\"https:\/\/static.googleusercontent.com\/external_content\/picasaweb.googleusercontent.com\/slideshow.swf\" flashvars=\"host=picasaweb.google.com&amp;hl=pt_BR&amp;feat=flashalbum&amp;RGB=0x000000&amp;feed=https%3A%2F%2Fpicasaweb.google.com%2Fdata%2Ffeed%2Fapi%2Fuser%2F105563955363363904212%2Falbumid%2F5982481662641195249%3Falt%3Drss%26kind%3Dphoto%26hl%3Dpt_BR\" pluginspage=\"http:\/\/www.macromedia.com\/go\/getflashplayer\" \/><\/object><\/p>\n<p><strong>Fotografia:<\/strong> Ivo Azevedo<\/p>\n","protected":false},"excerpt":{"rendered":"<p>Dra. Renata Pascoto Ministra aula para a turma de Especializa\u00e7\u00e3o em Ortodontia.<br \/>\n&#8220;Odontologia Est\u00e9tica integrada \u00e0 Ortodontia&#8221; foi o tema abordado neste 25\u00ba m\u00f3dulo.<\/p>\n","protected":false},"author":20,"featured_media":3973,"comment_status":"open","ping_status":"closed","sticky":false,"template":"","format":"standard","meta":{"footnotes":""},"categories":[],"tags":[],"class_list":["post-3972","post","type-post","status-publish","format-standard","has-post-thumbnail"],"aioseo_notices":[],"amp_enabled":true,"_links":{"self":[{"href":"https:\/\/dentalpress.com.br\/portal\/wp-json\/wp\/v2\/posts\/3972","targetHints":{"allow":["GET"]}}],"collection":[{"href":"https:\/\/dentalpress.com.br\/portal\/wp-json\/wp\/v2\/posts"}],"about":[{"href":"https:\/\/dentalpress.com.br\/portal\/wp-json\/wp\/v2\/types\/post"}],"author":[{"embeddable":true,"href":"https:\/\/dentalpress.com.br\/portal\/wp-json\/wp\/v2\/users\/20"}],"replies":[{"embeddable":true,"href":"https:\/\/dentalpress.com.br\/portal\/wp-json\/wp\/v2\/comments?post=3972"}],"version-history":[{"count":0,"href":"https:\/\/dentalpress.com.br\/portal\/wp-json\/wp\/v2\/posts\/3972\/revisions"}],"wp:featuredmedia":[{"embeddable":true,"href":"https:\/\/dentalpress.com.br\/portal\/wp-json\/wp\/v2\/media\/3973"}],"wp:attachment":[{"href":"https:\/\/dentalpress.com.br\/portal\/wp-json\/wp\/v2\/media?parent=3972"}],"wp:term":[{"taxonomy":"category","embeddable":true,"href":"https:\/\/dentalpress.com.br\/portal\/wp-json\/wp\/v2\/categories?post=3972"},{"taxonomy":"post_tag","embeddable":true,"href":"https:\/\/dentalpress.com.br\/portal\/wp-json\/wp\/v2\/tags?post=3972"}],"curies":[{"name":"wp","href":"https:\/\/api.w.org\/{rel}","templated":true}]}}