{"id":3899,"date":"2014-02-19T17:52:15","date_gmt":"2014-02-19T20:52:15","guid":{"rendered":"https:\/\/www.dentalpress.com.br\/portal\/?p=3899"},"modified":"2014-02-28T11:26:39","modified_gmt":"2014-02-28T14:26:39","slug":"encontro-ortodontia-individualizada-capelozza-joao-pb","status":"publish","type":"post","link":"https:\/\/dentalpress.com.br\/portal\/encontro-ortodontia-individualizada-capelozza-joao-pb\/","title":{"rendered":"Encontro de Ortodontia Individualizada Capelozza em Jo\u00e3o Pessoa-PB"},"content":{"rendered":"<p>O Prof. Dr. Leopoldino Capelozza Filho, ministrar\u00e1 nos dias 03 e 04 de abril o Encontro de Ortodontia Individualizada Capelozza, em Jo\u00e3o Pessoa-PB.<\/p>\n<p>&nbsp;<\/p>\n<p><a href=\"https:\/\/dentalpress.com.br\/portal\/wp-content\/uploads\/2014\/02\/leopoldo_img2.jpg\"><img decoding=\"async\" class=\"wp-image-3901 alignleft\" alt=\"leopoldo_img2\" src=\"https:\/\/dentalpress.com.br\/portal\/wp-content\/uploads\/2014\/02\/leopoldo_img2.jpg\" width=\"auto\" height=\"200\" srcset=\"\/wp-content\/uploads\/2014\/02\/leopoldo_img2.jpg 400w, \/wp-content\/uploads\/2014\/02\/leopoldo_img2-300x200.jpg 300w\" sizes=\"(max-width: 400px) 100vw, 400px\" \/><\/a><span style=\"color: #000000;\">O Prof. Dr. <strong>Leopoldino Capelozza Filho<\/strong>, autor dos livros Diagn\u00f3stico em Ortodontia e Metas Terap\u00eauticas Individualizadas vol.1 e 2 e de v\u00e1rios outros artigos pela Dental Press,\u00a0\u00e9\u00a0Mestre em Ortodontia pela faculdade de Odontologia de Bauru da Universidade de S\u00e3o Paulo (FOB-USP);\u00a0Doutor em Reabilita\u00e7\u00e3o Oral, \u00e1rea Periodontia, pela FOB-USP;\u00a0\u00a0Coordenador do <a href=\"https:\/\/dentalpress.com.br\/portal\/como-inserir-lasers-de-baixa-e-alta-potencia-na-rotina-clinica\/\">curso<\/a> de Especializa\u00e7\u00e3o em Ortodontia da Sociedade de Promo\u00e7\u00e3o do Fissurado L\u00e1bio Palatal (Profis-Bauru);\u00a0\u00a0Coordenador do curso de Especializa\u00e7\u00e3o em Ortodontia da Universidade do Sagrado Cora\u00e7\u00e3o (USC-BAURU);\u00a0Professor do curso de Mestrado em Ortodontia da Universidade do Sagrado Cora\u00e7\u00e3o USC-Bauru;\u00a0Cl\u00ednico atuante no Centro de Cirurgia e Ortodontia, nas cidades de Bauru, Ja\u00fa e S\u00e3o Paulo.<\/span><\/p>\n<p>&nbsp;<\/p>\n<p><strong>\u00a0<strong>Clique e conhe\u00e7a os livros:<\/strong>\u00a0<\/strong><\/p>\n<p>Metas Terap\u00eauticas Individualizadas &#8211;\u00a0<a href=\"https:\/\/www.dentalpress.com.br\/portal\/livro\/metas-terapeuticas-individualizadas\">https:\/\/www.dentalpress.com.br\/portal\/livro\/metas-terapeuticas-individualizadas<\/a><\/p>\n<p>Diagn\u00f3stico em Ortodontia &#8211;\u00a0<a href=\"https:\/\/www.dentalpress.com.br\/portal\/livro\/2293\">https:\/\/www.dentalpress.com.br\/portal\/livro\/2293<\/a><\/p>\n<p>&nbsp;<\/p>\n<p>&nbsp;<\/p>\n<p style=\"text-align: center;\"><strong>Confira abaixo o folder do curso.<\/strong><\/p>\n<p style=\"text-align: center;\"><a href=\"https:\/\/dentalpress.com.br\/portal\/wp-content\/uploads\/2014\/02\/EncontroCapelozza2.jpg\"><img decoding=\"async\" class=\" wp-image-3927 aligncenter\" alt=\"EncontroCapelozza2\" src=\"https:\/\/dentalpress.com.br\/portal\/wp-content\/uploads\/2014\/02\/EncontroCapelozza2.jpg\" width=\"640\" height=\"auto\" srcset=\"\/wp-content\/uploads\/2014\/02\/EncontroCapelozza2.jpg 800w, \/wp-content\/uploads\/2014\/02\/EncontroCapelozza2-300x262.jpg 300w\" sizes=\"(max-width: 800px) 100vw, 800px\" \/><\/a><\/p>\n<p style=\"text-align: center;\">\n","protected":false},"excerpt":{"rendered":"<p>Prof. Dr. Leopoldino Capelozza Filho ministrar\u00e1 nos dias 03 e 04 de abril o Encontro de Ortodontia Individualizada Capelozza, em Jo\u00e3o Pessoa-PB<\/p>\n","protected":false},"author":11,"featured_media":3932,"comment_status":"open","ping_status":"closed","sticky":false,"template":"","format":"standard","meta":{"footnotes":""},"categories":[],"tags":[],"class_list":["post-3899","post","type-post","status-publish","format-standard","has-post-thumbnail"],"aioseo_notices":[],"amp_enabled":true,"_links":{"self":[{"href":"https:\/\/dentalpress.com.br\/portal\/wp-json\/wp\/v2\/posts\/3899","targetHints":{"allow":["GET"]}}],"collection":[{"href":"https:\/\/dentalpress.com.br\/portal\/wp-json\/wp\/v2\/posts"}],"about":[{"href":"https:\/\/dentalpress.com.br\/portal\/wp-json\/wp\/v2\/types\/post"}],"author":[{"embeddable":true,"href":"https:\/\/dentalpress.com.br\/portal\/wp-json\/wp\/v2\/users\/11"}],"replies":[{"embeddable":true,"href":"https:\/\/dentalpress.com.br\/portal\/wp-json\/wp\/v2\/comments?post=3899"}],"version-history":[{"count":0,"href":"https:\/\/dentalpress.com.br\/portal\/wp-json\/wp\/v2\/posts\/3899\/revisions"}],"wp:featuredmedia":[{"embeddable":true,"href":"https:\/\/dentalpress.com.br\/portal\/wp-json\/wp\/v2\/media\/3932"}],"wp:attachment":[{"href":"https:\/\/dentalpress.com.br\/portal\/wp-json\/wp\/v2\/media?parent=3899"}],"wp:term":[{"taxonomy":"category","embeddable":true,"href":"https:\/\/dentalpress.com.br\/portal\/wp-json\/wp\/v2\/categories?post=3899"},{"taxonomy":"post_tag","embeddable":true,"href":"https:\/\/dentalpress.com.br\/portal\/wp-json\/wp\/v2\/tags?post=3899"}],"curies":[{"name":"wp","href":"https:\/\/api.w.org\/{rel}","templated":true}]}}