{"id":3851,"date":"2014-02-18T13:54:48","date_gmt":"2014-02-18T16:54:48","guid":{"rendered":"https:\/\/www.dentalpress.com.br\/portal\/?p=3851"},"modified":"2014-02-21T09:58:00","modified_gmt":"2014-02-21T12:58:00","slug":"prof-dr-bruno-furquim-ministra-aula-mini-implantes","status":"publish","type":"post","link":"https:\/\/dentalpress.com.br\/portal\/prof-dr-bruno-furquim-ministra-aula-mini-implantes\/","title":{"rendered":"Prof. Dr. Bruno Furquim ministra aula sobre \u201cMini-implantes\u201d"},"content":{"rendered":"<p>O Prof. Dr. Bruno D&#8217;Aurea Furquim apresentou aos alunos da 3\u00aa Turma de <a href=\"https:\/\/dentalpress.com.br\/portal\/especializacao-em-harmonizacao-orofacial\/\">Especializa\u00e7\u00e3o<\/a> em <a href=\"https:\/\/dentalpress.com.br\/portal\/excelencia-em-alinhadores-e-ortodontia-digital-2\/\">Ortodontia<\/a> &#8211; <em>DentalPress\/UniCesumar<\/em> o tema \u201cMini-implantes\u201d, nesta ultima segunda feira \u00a0<em>(17\/02)<\/em>.<\/p>\n<p>O <strong>Prof. Dr. Bruno Furquim<\/strong> \u00e9 Cirurgi\u00e3o-dentista, Especialista em Ortodontia pelo CFO, fez Extens\u00e3o em Ortodontia na Universidade Royal da Dinamarca, \u00e9 Mestre em Ortodontia e Doutor em Reabilita\u00e7\u00e3o Oral pela USP. Tamb\u00e9m \u00e9 Coordenador do Programa de Educa\u00e7\u00e3o Continuada <a href=\"https:\/\/dentalpress.com.br\/portal\/excelencia-em-ortodontia-2\/\">Excel\u00eancia<\/a> na <a href=\"https:\/\/dentalpress.com.br\/portal\/excelencia-em-implantodontia-2\/\">Implantodontia<\/a>, Diretor Editorial da Dental Press International e atua, principalmente, nos temas: tri\u00e2ngulo negro, embrasura <a href=\"https:\/\/dentalpress.com.br\/portal\/imersao-em-correcao-de-sorriso-gengival\/\">gengival<\/a>, Classe II, Aparelho de Protra\u00e7\u00e3o Mandibular, pacientes adultos e <a href=\"https:\/\/dentalpress.com.br\/portal\/excelencia-em-dtm-2\/\">DTM<\/a>.<\/p>\n<p><strong>Vejas as fotos:<\/strong><\/p>\n<p><object width=\"800\" height=\"533\" classid=\"clsid:d27cdb6e-ae6d-11cf-96b8-444553540000\" codebase=\"http:\/\/download.macromedia.com\/pub\/shockwave\/cabs\/flash\/swflash.cab#version=6,0,40,0\"><param name=\"src\" value=\"https:\/\/static.googleusercontent.com\/external_content\/picasaweb.googleusercontent.com\/slideshow.swf\" \/><param name=\"flashvars\" value=\"host=picasaweb.google.com&amp;hl=pt_BR&amp;feat=flashalbum&amp;RGB=0x000000&amp;feed=https%3A%2F%2Fpicasaweb.google.com%2Fdata%2Ffeed%2Fapi%2Fuser%2F105563955363363904212%2Falbumid%2F5981721315244350257%3Falt%3Drss%26kind%3Dphoto%26hl%3Dpt_BR\" \/><param name=\"pluginspage\" value=\"http:\/\/www.macromedia.com\/go\/getflashplayer\" \/><embed width=\"800\" height=\"533\" type=\"application\/x-shockwave-flash\" src=\"https:\/\/static.googleusercontent.com\/external_content\/picasaweb.googleusercontent.com\/slideshow.swf\" flashvars=\"host=picasaweb.google.com&amp;hl=pt_BR&amp;feat=flashalbum&amp;RGB=0x000000&amp;feed=https%3A%2F%2Fpicasaweb.google.com%2Fdata%2Ffeed%2Fapi%2Fuser%2F105563955363363904212%2Falbumid%2F5981721315244350257%3Falt%3Drss%26kind%3Dphoto%26hl%3Dpt_BR\" pluginspage=\"http:\/\/www.macromedia.com\/go\/getflashplayer\" \/><\/object><\/p>\n","protected":false},"excerpt":{"rendered":"<p>O Prof. Dr. Bruno D&#8217;Aurea Furquim apresentou aos alunos da 3\u00aa Turma de Especializa\u00e7\u00e3o em Ortodontia &#8211; DentalPress\/UniCesumar o tema \u201cMini-implantes\u201d, nesta ultima segunda feira  (17\/02).<\/p>\n","protected":false},"author":11,"featured_media":3875,"comment_status":"open","ping_status":"closed","sticky":false,"template":"","format":"standard","meta":{"footnotes":""},"categories":[],"tags":[],"class_list":["post-3851","post","type-post","status-publish","format-standard","has-post-thumbnail"],"aioseo_notices":[],"amp_enabled":true,"_links":{"self":[{"href":"https:\/\/dentalpress.com.br\/portal\/wp-json\/wp\/v2\/posts\/3851","targetHints":{"allow":["GET"]}}],"collection":[{"href":"https:\/\/dentalpress.com.br\/portal\/wp-json\/wp\/v2\/posts"}],"about":[{"href":"https:\/\/dentalpress.com.br\/portal\/wp-json\/wp\/v2\/types\/post"}],"author":[{"embeddable":true,"href":"https:\/\/dentalpress.com.br\/portal\/wp-json\/wp\/v2\/users\/11"}],"replies":[{"embeddable":true,"href":"https:\/\/dentalpress.com.br\/portal\/wp-json\/wp\/v2\/comments?post=3851"}],"version-history":[{"count":0,"href":"https:\/\/dentalpress.com.br\/portal\/wp-json\/wp\/v2\/posts\/3851\/revisions"}],"wp:featuredmedia":[{"embeddable":true,"href":"https:\/\/dentalpress.com.br\/portal\/wp-json\/wp\/v2\/media\/3875"}],"wp:attachment":[{"href":"https:\/\/dentalpress.com.br\/portal\/wp-json\/wp\/v2\/media?parent=3851"}],"wp:term":[{"taxonomy":"category","embeddable":true,"href":"https:\/\/dentalpress.com.br\/portal\/wp-json\/wp\/v2\/categories?post=3851"},{"taxonomy":"post_tag","embeddable":true,"href":"https:\/\/dentalpress.com.br\/portal\/wp-json\/wp\/v2\/tags?post=3851"}],"curies":[{"name":"wp","href":"https:\/\/api.w.org\/{rel}","templated":true}]}}