{"id":3789,"date":"2014-02-12T14:46:23","date_gmt":"2014-02-12T17:46:23","guid":{"rendered":"https:\/\/www.dentalpress.com.br\/portal\/?p=3789"},"modified":"2014-02-20T16:19:37","modified_gmt":"2014-02-20T19:19:37","slug":"turma-especializacao-aula-fotografia","status":"publish","type":"post","link":"https:\/\/dentalpress.com.br\/portal\/turma-especializacao-aula-fotografia\/","title":{"rendered":"Turma de Especializa\u00e7\u00e3o tem aula de &#8220;Fotografia&#8221;"},"content":{"rendered":"<p>A Turma de Especializa\u00e7\u00e3o em <a href=\"https:\/\/dentalpress.com.br\/portal\/especializacao-em-implantodontia-transforme-sua-carreira-com-precisao-e-seguranca\/\">Implantodontia<\/a> inicia o 12\u00ba m\u00f3dulo com aula sobre &#8220;Fotografia&#8221;, ministrada pela Dra. Rachel Furquim.<\/p>\n<p><strong><a href=\"https:\/\/dentalpress.com.br\/portal\/wp-content\/uploads\/2014\/02\/equipe-dra-rachel.jpg\"><img decoding=\"async\" class=\"alignleft size-full wp-image-3790\" alt=\"equipe-dra-rachel\" src=\"https:\/\/dentalpress.com.br\/portal\/wp-content\/uploads\/2014\/02\/equipe-dra-rachel.jpg\" width=\"117\" height=\"174\" \/><\/a>Dra. Rachel Furquim\u00a0:<\/strong><br \/>\nMestre em Odontologia Integrada, UEM.<br \/>\nEspecialista em Pr\u00f3tese Dent\u00e1ria, UEM.<br \/>\nCoordenadora do <a href=\"https:\/\/dentalpress.com.br\/portal\/como-inserir-lasers-de-baixa-e-alta-potencia-na-rotina-clinica\/\">curso<\/a> Excel\u00eancia na Est\u00e9tica, da Dental Press.<\/p>\n<p>&nbsp;<\/p>\n<p>&nbsp;<\/p>\n<p>&nbsp;<\/p>\n<p>&nbsp;<\/p>\n<p><strong>Vejas as fotos:<\/strong><\/p>\n<p><object width=\"800\" height=\"533\" classid=\"clsid:d27cdb6e-ae6d-11cf-96b8-444553540000\" codebase=\"http:\/\/download.macromedia.com\/pub\/shockwave\/cabs\/flash\/swflash.cab#version=6,0,40,0\"><param name=\"src\" value=\"https:\/\/static.googleusercontent.com\/external_content\/picasaweb.googleusercontent.com\/slideshow.swf\" \/><param name=\"flashvars\" value=\"host=picasaweb.google.com&amp;hl=pt_BR&amp;feat=flashalbum&amp;RGB=0x000000&amp;feed=https%3A%2F%2Fpicasaweb.google.com%2Fdata%2Ffeed%2Fapi%2Fuser%2F105563955363363904212%2Falbumid%2F5979548601070743713%3Falt%3Drss%26kind%3Dphoto%26hl%3Dpt_BR\" \/><param name=\"pluginspage\" value=\"http:\/\/www.macromedia.com\/go\/getflashplayer\" \/><embed width=\"800\" height=\"533\" type=\"application\/x-shockwave-flash\" src=\"https:\/\/static.googleusercontent.com\/external_content\/picasaweb.googleusercontent.com\/slideshow.swf\" flashvars=\"host=picasaweb.google.com&amp;hl=pt_BR&amp;feat=flashalbum&amp;RGB=0x000000&amp;feed=https%3A%2F%2Fpicasaweb.google.com%2Fdata%2Ffeed%2Fapi%2Fuser%2F105563955363363904212%2Falbumid%2F5979548601070743713%3Falt%3Drss%26kind%3Dphoto%26hl%3Dpt_BR\" pluginspage=\"http:\/\/www.macromedia.com\/go\/getflashplayer\" \/><\/object><\/p>\n<p><strong>Fotografia:<\/strong> Ivo Azevedo<\/p>\n","protected":false},"excerpt":{"rendered":"<p>A Turma de Especializa\u00e7\u00e3o em Implantodontia inicia o 12\u00ba m\u00f3dulo com aula sobre &#8220;Fotografia&#8221;, ministrada pela Dra. Rachel Furquim.<\/p>\n","protected":false},"author":20,"featured_media":3791,"comment_status":"open","ping_status":"closed","sticky":false,"template":"","format":"standard","meta":{"footnotes":""},"categories":[],"tags":[],"class_list":["post-3789","post","type-post","status-publish","format-standard","has-post-thumbnail"],"aioseo_notices":[],"amp_enabled":true,"_links":{"self":[{"href":"https:\/\/dentalpress.com.br\/portal\/wp-json\/wp\/v2\/posts\/3789","targetHints":{"allow":["GET"]}}],"collection":[{"href":"https:\/\/dentalpress.com.br\/portal\/wp-json\/wp\/v2\/posts"}],"about":[{"href":"https:\/\/dentalpress.com.br\/portal\/wp-json\/wp\/v2\/types\/post"}],"author":[{"embeddable":true,"href":"https:\/\/dentalpress.com.br\/portal\/wp-json\/wp\/v2\/users\/20"}],"replies":[{"embeddable":true,"href":"https:\/\/dentalpress.com.br\/portal\/wp-json\/wp\/v2\/comments?post=3789"}],"version-history":[{"count":0,"href":"https:\/\/dentalpress.com.br\/portal\/wp-json\/wp\/v2\/posts\/3789\/revisions"}],"wp:featuredmedia":[{"embeddable":true,"href":"https:\/\/dentalpress.com.br\/portal\/wp-json\/wp\/v2\/media\/3791"}],"wp:attachment":[{"href":"https:\/\/dentalpress.com.br\/portal\/wp-json\/wp\/v2\/media?parent=3789"}],"wp:term":[{"taxonomy":"category","embeddable":true,"href":"https:\/\/dentalpress.com.br\/portal\/wp-json\/wp\/v2\/categories?post=3789"},{"taxonomy":"post_tag","embeddable":true,"href":"https:\/\/dentalpress.com.br\/portal\/wp-json\/wp\/v2\/tags?post=3789"}],"curies":[{"name":"wp","href":"https:\/\/api.w.org\/{rel}","templated":true}]}}