{"id":3778,"date":"2014-02-10T15:06:32","date_gmt":"2014-02-10T18:06:32","guid":{"rendered":"https:\/\/www.dentalpress.com.br\/portal\/?p=3778"},"modified":"2014-02-24T17:19:23","modified_gmt":"2014-02-24T20:19:23","slug":"drs-carlos-alberto-g-cabrera-marise-castro-cabrera-portugal","status":"publish","type":"post","link":"https:\/\/dentalpress.com.br\/portal\/drs-carlos-alberto-g-cabrera-marise-castro-cabrera-portugal\/","title":{"rendered":"Drs. Carlos Alberto G. Cabrera  e Marise de Castro Cabrera, em Portugal"},"content":{"rendered":"<p>Os Drs. Carlos Alberto G. Cabrera e Marise de Castro Cabrera ministram o <a href=\"https:\/\/dentalpress.com.br\/portal\/como-inserir-lasers-de-baixa-e-alta-potencia-na-rotina-clinica\/\">curso<\/a> &#8220;Orthol\u00f3gica: solu\u00e7\u00f5es ortod\u00f4nticas l\u00f3gicas&#8221; nos dias 21 de fevereiro, em Porto, e em 23 de fevereiro, em Lisboa.<\/p>\n<p>O curso tem como tema &#8220;Conceitos para o diagn\u00f3stico&#8221; e &#8220;Mec\u00e2nica e protocolos terap\u00eauticos alternativos&#8221;, bem como apresenta\u00e7\u00e3o de casos cl\u00ednicos (Classes I, II e III), mordidas abertas, profundas, degastes, extra\u00e7\u00f5es, perdas dent\u00e1rias, etc.<\/p>\n<p><strong>Dr. Carlos Alberto Greg\u00f3rio Cabrera<\/strong><br \/>\nEspecialista em Radiologia, USP\u2013Bauru.<br \/>\nResid\u00eancia no Hospital de Les\u00f5es Craniofaciais (Centrinho), Bauru\/SP.<br \/>\nEspecialista em Ortodontia, PROFIS\/USP\u2013Bauru.<br \/>\nMestre e Doutor em Ortodontia, USP\u2013Bauru.<br \/>\nMembro da Associa\u00e7\u00e3o Americana de Ortodontia.<br \/>\nMembro da Federa\u00e7\u00e3o Mundial de Ortodontia.<\/p>\n<p><strong>Dra. Marise de Castro Cabrera<\/strong><br \/>\nEspecialista em Odontopediatria, PROFIS\/USP\u2013Bauru.<br \/>\nResid\u00eancia no Hospital de Les\u00f5es Craniofaciais (Centrinho), Bauru\/SP.<br \/>\nMestre e Doutora em Ortodontia, USP\u2013Bauru.<\/p>\n<p>Ambos s\u00e3o autores do livro &#8220;Orthol\u00f3gica \u2013 Solu\u00e7\u00f5es Ortod\u00f4nticas L\u00f3gicas&#8221;, publicado pela Editora Dental Press, juntamente com Laura Cabrera.<\/p>\n<p>&nbsp;<\/p>\n<p style=\"text-align: center;\"><a href=\"https:\/\/dentalpress.com.br\/portal\/wp-content\/uploads\/2014\/02\/MONTAGEM.jpg\"><img fetchpriority=\"high\" decoding=\"async\" class=\"size-full wp-image-3779 aligncenter\" alt=\"MONTAGEM\" src=\"https:\/\/dentalpress.com.br\/portal\/wp-content\/uploads\/2014\/02\/MONTAGEM.jpg\" width=\"200\" height=\"267\" \/><\/a><\/p>\n<p><strong>Clique e conhe\u00e7a o livro:<\/strong>http:<a href=\"http:\/\/www.dentalcompras.com.br\/produto.php?produto=515-orthologica-solucoes-ortodonticas-logicas#.UvkY2fnIYqg\">\/\/www.dentalcompras.com.br\/produto.php?produto=515-orthologica-solucoes-ortodonticas-logicas#.UvkY2fnIYqg<\/a><\/p>\n","protected":false},"excerpt":{"rendered":"<p>ministram o curso &#8220;Orthol\u00f3gica: solu\u00e7\u00f5es ortod\u00f4nticas l\u00f3gicas&#8221; nos dias 21 de fevereiro, em Porto, e em 23 de fevereiro, em Lisboa.<\/p>\n","protected":false},"author":20,"featured_media":3780,"comment_status":"open","ping_status":"closed","sticky":false,"template":"","format":"standard","meta":{"footnotes":""},"categories":[],"tags":[],"class_list":["post-3778","post","type-post","status-publish","format-standard","has-post-thumbnail"],"aioseo_notices":[],"amp_enabled":true,"_links":{"self":[{"href":"https:\/\/dentalpress.com.br\/portal\/wp-json\/wp\/v2\/posts\/3778","targetHints":{"allow":["GET"]}}],"collection":[{"href":"https:\/\/dentalpress.com.br\/portal\/wp-json\/wp\/v2\/posts"}],"about":[{"href":"https:\/\/dentalpress.com.br\/portal\/wp-json\/wp\/v2\/types\/post"}],"author":[{"embeddable":true,"href":"https:\/\/dentalpress.com.br\/portal\/wp-json\/wp\/v2\/users\/20"}],"replies":[{"embeddable":true,"href":"https:\/\/dentalpress.com.br\/portal\/wp-json\/wp\/v2\/comments?post=3778"}],"version-history":[{"count":0,"href":"https:\/\/dentalpress.com.br\/portal\/wp-json\/wp\/v2\/posts\/3778\/revisions"}],"wp:featuredmedia":[{"embeddable":true,"href":"https:\/\/dentalpress.com.br\/portal\/wp-json\/wp\/v2\/media\/3780"}],"wp:attachment":[{"href":"https:\/\/dentalpress.com.br\/portal\/wp-json\/wp\/v2\/media?parent=3778"}],"wp:term":[{"taxonomy":"category","embeddable":true,"href":"https:\/\/dentalpress.com.br\/portal\/wp-json\/wp\/v2\/categories?post=3778"},{"taxonomy":"post_tag","embeddable":true,"href":"https:\/\/dentalpress.com.br\/portal\/wp-json\/wp\/v2\/tags?post=3778"}],"curies":[{"name":"wp","href":"https:\/\/api.w.org\/{rel}","templated":true}]}}