{"id":3769,"date":"2014-02-07T14:59:07","date_gmt":"2014-02-07T17:59:07","guid":{"rendered":"https:\/\/www.dentalpress.com.br\/portal\/?p=3769"},"modified":"2014-03-11T14:38:25","modified_gmt":"2014-03-11T17:38:25","slug":"ortodontia-clinica-biomecanica","status":"publish","type":"post","link":"https:\/\/dentalpress.com.br\/portal\/ortodontia-clinica-biomecanica\/","title":{"rendered":"Ortodontia Cl\u00ednica e Biomec\u00e2nica"},"content":{"rendered":"<p>Dr. Marcio de \u00a0Almeida, ser\u00e1 ministrante do evento &#8220;Ortodontia Cl\u00ednica e Biomec\u00e2nica&#8221; que ir\u00e1 acontecer em 20 e 21 de mar\u00e7o,\u00a0em Tubar\u00e3o &#8211; SC.<\/p>\n<p><a href=\"https:\/\/dentalpress.com.br\/portal\/wp-content\/uploads\/2014\/02\/Marcio-almeida-Ortodontia-Contemporanea.jpg\"><img fetchpriority=\"high\" decoding=\"async\" class=\"alignleft size-full wp-image-3773\" alt=\"Marcio-almeida-Ortodontia-Contemporanea\" src=\"https:\/\/dentalpress.com.br\/portal\/wp-content\/uploads\/2014\/02\/Marcio-almeida-Ortodontia-Contemporanea.jpg\" width=\"200\" height=\"267\" \/><\/a><\/p>\n<p>O Dr. M\u00e1rcio Rodrigues de Almeida \u00e9 Graduado em Odontologia (FOL), Especialista em Ortodontia (FOB), Mestre e Doutor em Ortodontia (FOB), Mini-Residency em Ortodontia, University of Connecticut, School of Dental Medicine. Tamb\u00e9m \u00e9 Professor Adjunto Doutor III do <a href=\"https:\/\/dentalpress.com.br\/portal\/como-inserir-lasers-de-baixa-e-alta-potencia-na-rotina-clinica\/\">Curso<\/a> de Mestrado Acad\u00eamico em Ortodontia da UNOPAR e \u00e9 autor do livro \u201cOrtodontia Cl\u00ednica e Biomec\u00e2nica\u201d, lan\u00e7ado pela Dental Press.<\/p>\n<p>&nbsp;<\/p>\n<p>&nbsp;<\/p>\n<p>&nbsp;<\/p>\n<p><strong>Clique e conhe\u00e7a o livro:<\/strong> http:<a href=\"https:\/\/www.dentalpress.com.br\/portal\/livro\/ortodontia-clinica-biomecanica\/#.UvUexvnIYqg\">\/\/www.dentalpress.com.br\/portal\/livro\/ortodontia-clinica-biomecanica\/#.UvTl2PnIYqg<\/a><\/p>\n","protected":false},"excerpt":{"rendered":"<p>O Dr. Marcio Almeida ser\u00e1 ministrante do evento &#8220;Ortodontia Cl\u00ednica e Biomec\u00e2nica&#8221;, que acontecer\u00e1 em 20 e 21 de mar\u00e7o, em Tubar\u00e3o\/SC.<\/p>\n","protected":false},"author":20,"featured_media":3770,"comment_status":"open","ping_status":"closed","sticky":false,"template":"","format":"standard","meta":{"footnotes":""},"categories":[],"tags":[],"class_list":["post-3769","post","type-post","status-publish","format-standard","has-post-thumbnail"],"aioseo_notices":[],"amp_enabled":true,"_links":{"self":[{"href":"https:\/\/dentalpress.com.br\/portal\/wp-json\/wp\/v2\/posts\/3769","targetHints":{"allow":["GET"]}}],"collection":[{"href":"https:\/\/dentalpress.com.br\/portal\/wp-json\/wp\/v2\/posts"}],"about":[{"href":"https:\/\/dentalpress.com.br\/portal\/wp-json\/wp\/v2\/types\/post"}],"author":[{"embeddable":true,"href":"https:\/\/dentalpress.com.br\/portal\/wp-json\/wp\/v2\/users\/20"}],"replies":[{"embeddable":true,"href":"https:\/\/dentalpress.com.br\/portal\/wp-json\/wp\/v2\/comments?post=3769"}],"version-history":[{"count":0,"href":"https:\/\/dentalpress.com.br\/portal\/wp-json\/wp\/v2\/posts\/3769\/revisions"}],"wp:featuredmedia":[{"embeddable":true,"href":"https:\/\/dentalpress.com.br\/portal\/wp-json\/wp\/v2\/media\/3770"}],"wp:attachment":[{"href":"https:\/\/dentalpress.com.br\/portal\/wp-json\/wp\/v2\/media?parent=3769"}],"wp:term":[{"taxonomy":"category","embeddable":true,"href":"https:\/\/dentalpress.com.br\/portal\/wp-json\/wp\/v2\/categories?post=3769"},{"taxonomy":"post_tag","embeddable":true,"href":"https:\/\/dentalpress.com.br\/portal\/wp-json\/wp\/v2\/tags?post=3769"}],"curies":[{"name":"wp","href":"https:\/\/api.w.org\/{rel}","templated":true}]}}