{"id":3763,"date":"2014-02-07T14:06:59","date_gmt":"2014-02-07T17:06:59","guid":{"rendered":"https:\/\/www.dentalpress.com.br\/portal\/?p=3763"},"modified":"2014-02-26T16:02:55","modified_gmt":"2014-02-26T19:02:55","slug":"dr-gastao-soar-moura-selecao-curso-especializacao","status":"publish","type":"post","link":"https:\/\/dentalpress.com.br\/portal\/dr-gastao-soar-moura-selecao-curso-especializacao\/","title":{"rendered":"Dr. Gast\u00e3o Soares de Moura faz sele\u00e7\u00e3o para Curso de Especializa\u00e7\u00e3o"},"content":{"rendered":"<p>No dia 18 de fevereiro, o Dr. Gast\u00e3o Soares de Moura Filho estar\u00e1 dando entrevista e analisando curr\u00edculos para o <a href=\"https:\/\/dentalpress.com.br\/portal\/como-inserir-lasers-de-baixa-e-alta-potencia-na-rotina-clinica\/\">curso<\/a> de Especializa\u00e7\u00e3o no CETAO-SP.<\/p>\n<p><a href=\"https:\/\/dentalpress.com.br\/portal\/wp-content\/uploads\/2014\/02\/DrGastao.jpg\"><img fetchpriority=\"high\" decoding=\"async\" class=\"alignleft size-full wp-image-3764\" alt=\"DrGastao\" src=\"https:\/\/dentalpress.com.br\/portal\/wp-content\/uploads\/2014\/02\/DrGastao.jpg\" width=\"200\" height=\"267\" \/><\/a><\/p>\n<p>O Dr. Gast\u00e3o Soares de Moura Filho \u00e9 Graduado em Odontologia pela Universidade de S\u00e3o Paulo, no ano de 1987. Sempre dedicou sua vida profissional \u00e0 Pr\u00f3tese Dent\u00e1ria, tornando-se Especialista pela mesma Universidade no ano de 1991. Em 1996, tornou-se Mestre em Pr\u00f3tese Dent\u00e1ria pela Faculdade de Odontologia da USP e, no ano de 2003, defendeu seu Doutorado em Pr\u00f3tese Dent\u00e1ria pela mesma institui\u00e7\u00e3o. \u00c9 membro da International Team for Oral Implantology. H\u00e1 mais de 25 anos se dedica \u00e0 doc\u00eancia, com coordena\u00e7\u00e3o de diversos <a href=\"https:\/\/dentalpress.com.br\/portal\/especializacao-em-implantodontia-transforme-sua-carreira-com-precisao-e-seguranca\/\">cursos<\/a> de Gradua\u00e7\u00e3o e P\u00f3s-gradua\u00e7\u00e3o. Trabalha com implantes h\u00e1 mais de 17 anos e tem atua\u00e7\u00e3o em sua cl\u00ednica particular nas \u00e1reas de Est\u00e9tica, Pr\u00f3tese Dent\u00e1ria e Reabilita\u00e7\u00e3o Bucal. \u00c9 autor do livro \u201cImplantes: da cirurgia \u00e0 reabilita\u00e7\u00e3o oral\u201d, juntamente com o Dr. Mauro Tosta.<\/p>\n","protected":false},"excerpt":{"rendered":"<p>No dia 18 de fevereiro, Dr. Gast\u00e3o Soares de Moura Filho estar\u00e1 realizando entrevista e an\u00e1lise de curr\u00edculos para o curso de Especializa\u00e7\u00e3o no CETAO.<\/p>\n","protected":false},"author":20,"featured_media":3765,"comment_status":"open","ping_status":"closed","sticky":false,"template":"","format":"standard","meta":{"footnotes":""},"categories":[],"tags":[],"class_list":["post-3763","post","type-post","status-publish","format-standard","has-post-thumbnail"],"aioseo_notices":[],"amp_enabled":true,"_links":{"self":[{"href":"https:\/\/dentalpress.com.br\/portal\/wp-json\/wp\/v2\/posts\/3763","targetHints":{"allow":["GET"]}}],"collection":[{"href":"https:\/\/dentalpress.com.br\/portal\/wp-json\/wp\/v2\/posts"}],"about":[{"href":"https:\/\/dentalpress.com.br\/portal\/wp-json\/wp\/v2\/types\/post"}],"author":[{"embeddable":true,"href":"https:\/\/dentalpress.com.br\/portal\/wp-json\/wp\/v2\/users\/20"}],"replies":[{"embeddable":true,"href":"https:\/\/dentalpress.com.br\/portal\/wp-json\/wp\/v2\/comments?post=3763"}],"version-history":[{"count":0,"href":"https:\/\/dentalpress.com.br\/portal\/wp-json\/wp\/v2\/posts\/3763\/revisions"}],"wp:featuredmedia":[{"embeddable":true,"href":"https:\/\/dentalpress.com.br\/portal\/wp-json\/wp\/v2\/media\/3765"}],"wp:attachment":[{"href":"https:\/\/dentalpress.com.br\/portal\/wp-json\/wp\/v2\/media?parent=3763"}],"wp:term":[{"taxonomy":"category","embeddable":true,"href":"https:\/\/dentalpress.com.br\/portal\/wp-json\/wp\/v2\/categories?post=3763"},{"taxonomy":"post_tag","embeddable":true,"href":"https:\/\/dentalpress.com.br\/portal\/wp-json\/wp\/v2\/tags?post=3763"}],"curies":[{"name":"wp","href":"https:\/\/api.w.org\/{rel}","templated":true}]}}