{"id":3750,"date":"2014-02-18T14:40:11","date_gmt":"2014-02-18T17:40:11","guid":{"rendered":"https:\/\/www.dentalpress.com.br\/portal\/?p=3750"},"modified":"2014-02-18T14:57:09","modified_gmt":"2014-02-18T17:57:09","slug":"pre-molar-inferior-tres-canais-raizes-relato-caso","status":"publish","type":"post","link":"https:\/\/dentalpress.com.br\/portal\/pre-molar-inferior-tres-canais-raizes-relato-caso\/","title":{"rendered":"Primeiro pr\u00e9-molar inferior com tr\u00eas canais e duas ra\u00edzes: relato de caso"},"content":{"rendered":"<p><b>Resumo<\/b><\/p>\n<p>Introdu\u00e7\u00e3o: a possibilidade de encontrarmos canais radiculares adicionais deve ser considerada em <a href=\"https:\/\/dentalpress.com.br\/portal\/curso-de-aperfeicoamento-em-cirurgia-de-dentes-retidos\/\">dentes<\/a> com baixa frequ\u00eancia de anormalidade na anatomia do sistema de canais radiculares. Objetivo: esse artigo relata um caso relativamente incomum de um primeiro pr\u00e9-molar inferior com duas ra\u00edzes e tr\u00eas canais, que foi tratado adequadamente por meio da terapia endod\u00f4ntica. M\u00e9todos: ap\u00f3s a radiografia inicial, foi constatada a presen\u00e7a de mais de uma raiz. Cuidado adicional foi necess\u00e1rio para explorar os canais radiculares, confirmando a presen\u00e7a de tr\u00eas canais por meio de um microsc\u00f3pio operat\u00f3rio. Os canais foram instrumentados com a t\u00e9cnica rotat\u00f3ria h\u00edbrida preconizada pela Faculdade de Odontologia de Piracicaba, e obturados com a t\u00e9cnica de condensa\u00e7\u00e3o lateral e cimento Sealer\u00a026. Conclus\u00e3o: para se atingir o melhor resultado poss\u00edvel no tratamento endod\u00f4ntico, \u00e9 importante ter um bom conhecimento da morfologia do sistema de canais radiculares, assim como usar de modo apropriado os m\u00e9todos de diagn\u00f3stico existentes.<\/p>\n<p>&nbsp;<\/p>\n<p><b>Palavras-chave:\u00a0<\/b>Tratamento do canal radicular. Preparo de canal radicular. Dente pr\u00e9-molar.<\/p>\n<p>&nbsp;<\/p>\n<p>&nbsp;<\/p>\n<p><b>Introdu\u00e7\u00e3o<\/b><\/p>\n<p>O sucesso da terapia endod\u00f4ntica depende de um bom conhecimento da morfologia radicular e do sistema de canais radiculares, para que seja poss\u00edvel localizar apropriadamente todos os canais, assim como limpar, modelar e obturar o espa\u00e7o do canal radicular em suas tr\u00eas dimens\u00f5es<sup>1,2,3<\/sup>. A anatomia interna do sistema de canais radiculares pode demonstrar a presen\u00e7a de istmos, canais acess\u00f3rios e laterais ou diversos tipos de canais, os quais podem complicar os procedimentos de limpeza e de modelagem. A limpeza e modelagem incompleta dessas \u00e1reas pode deixar remanescentes teciduais, bact\u00e9rias ou <i>debris<\/i> necr\u00f3ticos no canal. A presen\u00e7a desses irritantes pode resultar em uma irrita\u00e7\u00e3o periapical persistente e, consequentemente, levar ao insucesso do tratamento do canal radicular<sup>4<\/sup>.<\/p>\n<p>Autores t\u00eam sugerido que os pr\u00e9-molares inferiores podem apresentar uma das grandes dificuldades para realizar um tratamento endod\u00f4ntico bem-sucedido, quando comparados aos outros dentes, isso devido \u00e0 grande varia\u00e7\u00e3o anat\u00f4mica do canal<sup>5<\/sup>. Al\u00e9m disso, foi demonstrado em um estudo que o primeiro pr\u00e9-molar inferior apresentou o maior \u00edndice de insucesso, sendo de 11,45%<sup>3<\/sup>. Estudos pr\u00e9vios t\u00eam relatado muitas varia\u00e7\u00f5es da anatomia interna desse dente. A maioria de todos os primeiros pr\u00e9-molares inferiores apresenta uma \u00fanica raiz (97,9%), e em apenas 1,8% foram encontrados duas ra\u00edzes<sup>6<\/sup>. Quanto \u00e0 morfologia interna desse grupo dent\u00e1rio, Vertucci<sup>7<\/sup> encontrou que 74% apresentaram um canal no \u00e1pice radicular, 25,5% dois canais e 0,5% tr\u00eas. Sendo assim, o presente artigo relata um caso de primeiro pr\u00e9-molar inferior que apresentou uma morfologia incomum, com duas ra\u00edzes e tr\u00eas canais.<\/p>\n<p>&nbsp;<\/p>\n<p><b>Relato do caso<\/b><\/p>\n<p>Adulto, com 37 anos de idade, compareceu \u00e0 faculdade de Odontologia de Piracicaba (FOP-UNICAMP) com a queixa principal de <a href=\"https:\/\/dentalpress.com.br\/portal\/curso-de-aperfeicoamento-em-dtm-dor-orofacial-e-apneia-do-sono\/\">dor<\/a> espont\u00e2nea na regi\u00e3o mandibular posterior direita, havia uma semana. O\u00a0hist\u00f3rico m\u00e9dico do paciente mostrou boa sa\u00fade, sem nenhum comprometimento sist\u00eamico. O exame cl\u00ednico intrabucal revelou a presen\u00e7a de edema na gengiva vestibular, dor \u00e0 percuss\u00e3o, sensibilidade \u00e0 palpa\u00e7\u00e3o periapical e aus\u00eancia de bolsa periodontal. Al\u00e9m disso, a cavidade dent\u00e1ria apresentava um material restaurador tempor\u00e1rio \u2014\u00a0acordo com o paciente, um <a href=\"https:\/\/dentalpress.com.br\/portal\/reforma-tributaria-impacta-dentistas-e-pacientes-com-custos\/\">dentista<\/a> local realizou um procedimento de emerg\u00eancia antes de procurar a faculdade. Em vista vestibular, era\u00a0poss\u00edvel visualizar uma bifurca\u00e7\u00e3o radicular, sugerindo a presen\u00e7a de mais de uma raiz. No exame radiogr\u00e1fico foi confirmada a presen\u00e7a de uma anatomia incomum, assim como um alargamento do espa\u00e7o do ligamento periodontal e les\u00e3o periapical (Fig.\u00a01).<\/p>\n<p>De acordo com os exames cl\u00ednicos e radiogr\u00e1ficos, o diagn\u00f3stico foi de abscesso agudo periapical. Ap\u00f3s o procedimento de anestesia com cloridrato de lidoca\u00edna a 2% contendo epinefrina a 1:100000 (DFL, Rio de Janeiro), o dente foi isolado com len\u00e7ol de borracha, e, para o acesso endod\u00f4ntico, foi escolhido uma broca diamantada #1014 (KG Sorensen, Barueri\/SP). A inspe\u00e7\u00e3o da c\u00e2mara pulpar e a localiza\u00e7\u00e3o dos orif\u00edcios dos canais radiculares foram realizadas com aux\u00edlio de um microsc\u00f3pio cl\u00ednico (DM Pro, Opto Eletronica SA, S\u00e3o Paulo\/SP) e sonda explorat\u00f3ria (S.S. White, Rio de Janeiro\/RJ). Todos os orif\u00edcios apresentavam-se em dire\u00e7\u00f5es opostas (vestibular, lingual e distal). Os forames apicais dos canais tamb\u00e9m se encontravam separados. A limpeza e modelagem do sistema de canais radiculares foi realizada utilizando a t\u00e9cnica de instrumenta\u00e7\u00e3o rotat\u00f3ria h\u00edbrida preconizada pelo departamento de <a href=\"https:\/\/dentalpress.com.br\/portal\/curso-intensivo-de-endodontia-para-molares\/\">Endodontia<\/a> da FOP-UNICAMP. A pat\u00eancia foraminal foi obtida com uma lima tipo K\u00a0#10 e a determina\u00e7\u00e3o do comprimento de trabalho foi feita eletronicamente utilizando o localizador apical Romiapex A-15 (Romidan, Londres, Inglaterra). A instrumenta\u00e7\u00e3o dos canais radiculares foi realizada com gel de clorexidina a 2% como subst\u00e2ncia qu\u00edmica auxiliar. Os canais foram secados com pontas de papel absorvente, e foi inserida uma pasta de clorexidina gel a 2% e hidr\u00f3xido de c\u00e1lcio como medica\u00e7\u00e3o intracanal. Ap\u00f3s 7 dias n\u00e3o foi poss\u00edvel obturar os canais radiculares pela persist\u00eancia de exsudato purulento. A instrumenta\u00e7\u00e3o foi realizada novamente e prescreveu-se uma medica\u00e7\u00e3o sist\u00eamica, consistindo de amoxicilina 500mg e metronidazol 400mg, durante 7 dias. Ap\u00f3s esse per\u00edodo, o dente encontrava-se completamente assintom\u00e1tico, sem edema, e, ent\u00e3o, o tratamento endod\u00f4ntico foi finalizado. Para isso, os canais radiculares foram irrigados com EDTA a 17% durante tr\u00eas minutos, secados com pontas de papel absorvente est\u00e9ril e obturados com guta-percha e Sealer 26, utilizando a t\u00e9cnica da compacta\u00e7\u00e3o lateral ativa (Dentsply Maillefer, Petr\u00f3polis\/RJ). Uma radiografia final foi feita para comprovar a qualidade de obtura\u00e7\u00e3o (Fig.\u00a02, 3).<\/p>\n<p>&nbsp;<\/p>\n<p style=\"text-align: center;\"><a href=\"https:\/\/dentalpress.com.br\/portal\/wp-content\/uploads\/2014\/02\/endo_v03_n03_74fig01.jpg\"><img fetchpriority=\"high\" decoding=\"async\" class=\"size-full wp-image-3752 aligncenter\" alt=\"endo_v03_n03_74fig01\" src=\"https:\/\/dentalpress.com.br\/portal\/wp-content\/uploads\/2014\/02\/endo_v03_n03_74fig01.jpg\" width=\"800\" height=\"350\" srcset=\"\/wp-content\/uploads\/2014\/02\/endo_v03_n03_74fig01.jpg 800w, \/wp-content\/uploads\/2014\/02\/endo_v03_n03_74fig01-300x131.jpg 300w\" sizes=\"(max-width: 800px) 100vw, 800px\" \/><\/a><\/p>\n<p>&nbsp;<\/p>\n<p><b>Discuss\u00e3o<\/b><\/p>\n<p>Uma das principais causas do insucesso do tratamento endod\u00f4ntico \u00e9 a incompleta instrumenta\u00e7\u00e3o e desinfec\u00e7\u00e3o do sistema de canais radiculares<sup>5,8,9<\/sup>. O conhecimento dessa complexa anatomia do sistema de canais radiculares \u00e9 essencial para se realizar um tratamento endod\u00f4ntico, e deve ser vista antes ou durante o tratamento. Varia\u00e7\u00f5es anat\u00f4micas como canais ou ra\u00edzes adicionais podem n\u00e3o ser encontradas, podendo resultar em insucesso do tratamento. Esse fato torna-se importante, j\u00e1 que autores t\u00eam demonstrado que, especificamente, o pr\u00e9-molar inferior possui um n\u00famero desproporcional de <i>flare-ups<\/i> e insucessos endod\u00f4nticos<sup>5<\/sup>. Essas varia\u00e7\u00f5es anat\u00f4micas podem resultar em um desbridamento inadequado, podendo deixar irritantes dentro do sistema de canais radiculares e, assim, resultar em um ambiente desfavor\u00e1vel para que ocorra reparo dos tecidos periapicais<sup>4<\/sup>.<\/p>\n<p>Devido \u00e0 presen\u00e7a dessas varia\u00e7\u00f5es, algumas sugest\u00f5es podem ajudar o cl\u00ednico a identificar m\u00faltiplos sistemas de canais radiculares no primeiro pr\u00e9-molar inferior e, assim, obter um tratamento com melhor resultado. Nesse sentido, m\u00e9todos como a realiza\u00e7\u00e3o de m\u00faltiplas radiografias pr\u00e9-operat\u00f3rias, assim como radiografias mesializadas ou distalizadas, podem ajudar a identificar o tipo de sistema de canais presente. Caso a anatomia radicular tenha uma configura\u00e7\u00e3o indefinida ap\u00f3s realiza\u00e7\u00e3o de v\u00e1rias radiografias, essa \u00e9 a indica\u00e7\u00e3o de uma poss\u00edvel presen\u00e7a de segunda raiz, ou at\u00e9 mesmo uma poss\u00edvel terceira<sup>5<\/sup>. Adicionalmente, torna-se importante realizar um adequado acesso endod\u00f4ntico para que seja poss\u00edvel permitir localizar todo o poss\u00edvel sistema de canal radicular<sup>10<\/sup>. O uso de magnifica\u00e7\u00e3o e ilumina\u00e7\u00e3o s\u00e3o pr\u00e9-requisitos importantes para avaliar as mudan\u00e7as na colora\u00e7\u00e3o e para trabalhar no interior do dente. Al\u00e9m disso, os cl\u00ednicos devem estar preparados para utilizar adequadamente os m\u00e9todos de diagn\u00f3stico dispon\u00edveis, como, por exemplo, o microsc\u00f3pio operat\u00f3rio. O surgimento de lupas de magnifica\u00e7\u00e3o e microsc\u00f3pios cir\u00fargicos revolucionaram a pr\u00e1tica da Endodontia. A\u00a0vantagem de se utilizar essas lupas na Endodontia convencional est\u00e1 na possibilidade de aumentar a visualiza\u00e7\u00e3o do canal radicular \u2014\u00a0que \u00e9 muito complexo\u00a0\u2014, o\u00a0que permite que o cl\u00ednico possa investigar o sistema de canais radiculares e, assim, possa limpar e modelar com maior efic\u00e1cia.<\/p>\n<p>&nbsp;<\/p>\n<p><b>Conclus\u00e3o<\/b><\/p>\n<p>\u00c9 extremamente importante que o cl\u00ednico utilize todos os meios de diagn\u00f3stico dispon\u00edveis para localizar e tratar todo o sistema de canais radiculares. Al\u00e9m disso, requisitos como interpreta\u00e7\u00e3o cuidadosa das radiografias anguladas, adequado acesso coron\u00e1rio e explora\u00e7\u00e3o cuidadosa do interior do dente, idealmente sob magnifica\u00e7\u00e3o, s\u00e3o importantes para se obter sucesso no tratamento endod\u00f4ntico.<\/p>\n<p>&nbsp;<\/p>\n<p>&nbsp;<\/p>\n<p>&nbsp;<\/p>\n<p><b>Como citar este artigo<\/b>: Miyagaki DC, Lacerda AC, Cecchin D, Ferraz CCR. Mandibular first premolar with three canals and two roots: A case report. Dental Press Endod. 2013 Sept-Dec;3(3):74-7.<\/p>\n<p>&nbsp;<\/p>\n<p>\u00bb Os autores declaram n\u00e3o ter interesses associativos, comerciais, de propriedade ou financeiros, que representem conflito de interesse, nos produtos e companhias descritos nesse artigo.<\/p>\n<p>\u00bb O(s) paciente(s) que aparece(m) no presente artigo autorizou(aram) previamente a publica\u00e7\u00e3o de suas fotografias faciais e intrabucais, e\/ou radiografias.<\/p>\n<p>&nbsp;<\/p>\n<p><strong>Recebido<\/strong>: 04\/08\/2013. Aceito: 08\/08\/2013.<\/p>\n<p>&nbsp;<\/p>\n<p><strong>Endere\u00e7o para correspond\u00eancia<\/strong>: Daniela Cristina Miyagaki<\/p>\n<p>Rua Silva Jardim, 1441 \u2013 Apto 46 \u2013 Piracicaba\/SP<\/p>\n<p>CEP: 13.419-140 \u2013 Email: danimiyagaki@hotmail.com<\/p>\n","protected":false},"excerpt":{"rendered":"<p>Esse artigo relata um caso relativamente incomum de um primeiro pr\u00e9-molar inferior com duas ra\u00edzes e tr\u00eas canais, que foi tratado adequadamente por meio da terapia endod\u00f4ntica.<\/p>\n","protected":false},"author":20,"featured_media":3752,"comment_status":"open","ping_status":"closed","sticky":false,"template":"","format":"standard","meta":{"footnotes":""},"categories":[],"tags":[],"class_list":["post-3750","post","type-post","status-publish","format-standard","has-post-thumbnail"],"aioseo_notices":[],"amp_enabled":true,"_links":{"self":[{"href":"https:\/\/dentalpress.com.br\/portal\/wp-json\/wp\/v2\/posts\/3750","targetHints":{"allow":["GET"]}}],"collection":[{"href":"https:\/\/dentalpress.com.br\/portal\/wp-json\/wp\/v2\/posts"}],"about":[{"href":"https:\/\/dentalpress.com.br\/portal\/wp-json\/wp\/v2\/types\/post"}],"author":[{"embeddable":true,"href":"https:\/\/dentalpress.com.br\/portal\/wp-json\/wp\/v2\/users\/20"}],"replies":[{"embeddable":true,"href":"https:\/\/dentalpress.com.br\/portal\/wp-json\/wp\/v2\/comments?post=3750"}],"version-history":[{"count":0,"href":"https:\/\/dentalpress.com.br\/portal\/wp-json\/wp\/v2\/posts\/3750\/revisions"}],"wp:featuredmedia":[{"embeddable":true,"href":"https:\/\/dentalpress.com.br\/portal\/wp-json\/wp\/v2\/media\/3752"}],"wp:attachment":[{"href":"https:\/\/dentalpress.com.br\/portal\/wp-json\/wp\/v2\/media?parent=3750"}],"wp:term":[{"taxonomy":"category","embeddable":true,"href":"https:\/\/dentalpress.com.br\/portal\/wp-json\/wp\/v2\/categories?post=3750"},{"taxonomy":"post_tag","embeddable":true,"href":"https:\/\/dentalpress.com.br\/portal\/wp-json\/wp\/v2\/tags?post=3750"}],"curies":[{"name":"wp","href":"https:\/\/api.w.org\/{rel}","templated":true}]}}