{"id":36302,"date":"2022-10-31T09:57:43","date_gmt":"2022-10-31T12:57:43","guid":{"rendered":"https:\/\/www.dentalpress.com.br\/portal\/?p=36302"},"modified":"2022-11-02T09:33:32","modified_gmt":"2022-11-02T12:33:32","slug":"semana-nacional-de-prevencao-ao-cancer-bucal-e-realizada-de-1o-a-7-de-novembro","status":"publish","type":"post","link":"https:\/\/dentalpress.com.br\/portal\/semana-nacional-de-prevencao-ao-cancer-bucal-e-realizada-de-1o-a-7-de-novembro\/","title":{"rendered":"Semana Nacional de Preven\u00e7\u00e3o ao C\u00e2ncer Bucal \u00e9 realizada de 1\u00ba a 7 de novembro"},"content":{"rendered":"<p>A Semana Nacional de Preven\u00e7\u00e3o ao C\u00e2ncer Bucal \u00e9 realizada entre os 1\u00ba e 7 de novembro, com a\u00e7\u00f5es de conscientiza\u00e7\u00e3o em todo o Brasil.\u00a0 A semana visa promover cuidados de preven\u00e7\u00e3o, mutir\u00f5es de diagn\u00f3stico e a\u00e7\u00f5es de cirurgi\u00f5es <a href=\"https:\/\/dentalpress.com.br\/portal\/reforma-tributaria-impacta-dentistas-e-pacientes-com-custos\/\">dentistas<\/a> com pacientes, para precaver a doen\u00e7a.<\/p>\n<p>Segundo o Inca (Instituto Nacional de C\u00e2ncer), o c\u00e2ncer de boca figura entre os mais comuns no Brasil, sendo o quinto maior diagn\u00f3stico da doen\u00e7a no pa\u00eds. A incid\u00eancia da doen\u00e7a \u00e9 prevalente em homens, na faixa-et\u00e1ria de 40 anos. H\u00e1 fatores externos de risco, que podem colaborar com a doen\u00e7a. Segundo o instituto, pessoas que fumam e consomem \u00e1lcool em excesso e t\u00eam maior exposi\u00e7\u00e3o ao sol, s\u00e3o pacientes de maior risco.<\/p>\n<p>Com isso em vista, as campanhas de preven\u00e7\u00e3o ao c\u00e2ncer de boca, focam em alertar sobre os perigos do tabagismo, orientando a popula\u00e7\u00e3o para que n\u00e3o fumem e tenham o consumo moderado de bebidas alco\u00f3licas. Al\u00e9m disso, a higiene bucal \u00e9 essencial para evitar esse tipo de c\u00e2ncer. Alimenta\u00e7\u00e3o balanceada \u00e9, tamb\u00e9m, uma boa forma de prevenir a doen\u00e7a.<\/p>\n<p><strong>C\u00e2ncer de boca<br \/>\n<\/strong>O c\u00e2ncer de boca \u00e9 um tumor maligno\u00a0 e alguns dos sinais da doen\u00e7a est\u00e3o no comprometimento &#8211; ou feridas &#8211; que afetam l\u00e1bios, algumas estruturas da boca, como gengiva, bochecha, o c\u00e9u da boca e a l\u00edngua, sobretudo nas bordas e na parte inferior.<\/p>\n<p>Como seu est\u00e1gio inicial \u00e9 silencioso, recomenda-se consultar um Cirurgi\u00e3o-Dentista a cada seis meses para avalia\u00e7\u00e3o e preven\u00e7\u00e3o, para que n\u00e3o haja diagn\u00f3stico tardio. \u00c9 preciso, tamb\u00e9m, estar em alerta com feridas nos l\u00e1bios e na boca, que n\u00e3o cicatrizam por mais de 15 dias, com manchas ou placas vermelhas e esbranqui\u00e7adas e sangramentos sem causa conhecida.<\/p>\n","protected":false},"excerpt":{"rendered":"<p>A Semana Nacional de Preven\u00e7\u00e3o ao C\u00e2ncer Bucal \u00e9 realizada entre os 1\u00ba e 7 de novembro, com a\u00e7\u00f5es de conscientiza\u00e7\u00e3o em todo o Brasil.\u00a0 A semana visa promover cuidados de preven\u00e7\u00e3o, mutir\u00f5es de diagn\u00f3stico e a\u00e7\u00f5es de cirurgi\u00f5es dentistas com pacientes, para precaver a doen\u00e7a. Segundo o Inca (Instituto Nacional de C\u00e2ncer), o c\u00e2ncer<\/p>\n","protected":false},"author":26,"featured_media":21315,"comment_status":"open","ping_status":"open","sticky":false,"template":"","format":"standard","meta":{"footnotes":""},"categories":[],"tags":[],"class_list":["post-36302","post","type-post","status-publish","format-standard","has-post-thumbnail"],"aioseo_notices":[],"amp_enabled":true,"_links":{"self":[{"href":"https:\/\/dentalpress.com.br\/portal\/wp-json\/wp\/v2\/posts\/36302","targetHints":{"allow":["GET"]}}],"collection":[{"href":"https:\/\/dentalpress.com.br\/portal\/wp-json\/wp\/v2\/posts"}],"about":[{"href":"https:\/\/dentalpress.com.br\/portal\/wp-json\/wp\/v2\/types\/post"}],"author":[{"embeddable":true,"href":"https:\/\/dentalpress.com.br\/portal\/wp-json\/wp\/v2\/users\/26"}],"replies":[{"embeddable":true,"href":"https:\/\/dentalpress.com.br\/portal\/wp-json\/wp\/v2\/comments?post=36302"}],"version-history":[{"count":3,"href":"https:\/\/dentalpress.com.br\/portal\/wp-json\/wp\/v2\/posts\/36302\/revisions"}],"predecessor-version":[{"id":36305,"href":"https:\/\/dentalpress.com.br\/portal\/wp-json\/wp\/v2\/posts\/36302\/revisions\/36305"}],"wp:featuredmedia":[{"embeddable":true,"href":"https:\/\/dentalpress.com.br\/portal\/wp-json\/wp\/v2\/media\/21315"}],"wp:attachment":[{"href":"https:\/\/dentalpress.com.br\/portal\/wp-json\/wp\/v2\/media?parent=36302"}],"wp:term":[{"taxonomy":"category","embeddable":true,"href":"https:\/\/dentalpress.com.br\/portal\/wp-json\/wp\/v2\/categories?post=36302"},{"taxonomy":"post_tag","embeddable":true,"href":"https:\/\/dentalpress.com.br\/portal\/wp-json\/wp\/v2\/tags?post=36302"}],"curies":[{"name":"wp","href":"https:\/\/api.w.org\/{rel}","templated":true}]}}