{"id":36296,"date":"2022-10-24T20:54:59","date_gmt":"2022-10-24T23:54:59","guid":{"rendered":"https:\/\/www.dentalpress.com.br\/portal\/?p=36296"},"modified":"2022-10-25T20:57:23","modified_gmt":"2022-10-25T23:57:23","slug":"sete-experiencias-inovadoras-sao-selecionadas-no-laboratorio-de-inovacao-em-politica-nacional-de-saude-bucal-confira","status":"publish","type":"post","link":"https:\/\/dentalpress.com.br\/portal\/sete-experiencias-inovadoras-sao-selecionadas-no-laboratorio-de-inovacao-em-politica-nacional-de-saude-bucal-confira\/","title":{"rendered":"Sete experi\u00eancias inovadoras s\u00e3o selecionadas no Laborat\u00f3rio de Inova\u00e7\u00e3o em Pol\u00edtica Nacional de Sa\u00fade Bucal; confira"},"content":{"rendered":"<p>O Minist\u00e9rio da Sa\u00fade e a Organiza\u00e7\u00e3o Pan-Americana da Sa\u00fade (OPAS\/OMS) selecionaram sete experi\u00eancias do Laborat\u00f3rio de Inova\u00e7\u00e3o em Pol\u00edtica Nacional de Sa\u00fade Bucal. As experi\u00eancias foram escolhidas por serem inovadoras, conforme o Conselho Federal de Odontologia.<\/p>\n<p>A sele\u00e7\u00e3o ocorreu ap\u00f3s chamamento p\u00fablico aberto em julho deste ano. Agora, os autores dos trabalhos participar\u00e3o de lives e receber\u00e3o visitas t\u00e9cnicas in loco para sistematiza\u00e7\u00e3o do conhecimento. Dessa forma, as inova\u00e7\u00f5es poder\u00e3o ser reproduzidas e disseminadas em outros locais. As atividades ocorrer\u00e3o entre os meses de outubro e novembro e, depois, os participantes apresentar\u00e3o as experi\u00eancias em um semin\u00e1rio, em dezembro.<\/p>\n<p>De acordo com o conselho, a primeira live ser\u00e1 realizada na quarta-feira (26), \u00e0s 15h, pelo YouTube, no Canal DataSUS no YouTube (<a href=\"https:\/\/www.youtube.com\/c\/DATASUSAOVIVO\">clique\u00a0aqui\u00a0para assistir<\/a>).<\/p>\n<p>A transmiss\u00e3o ter\u00e1 como eixo inova\u00e7\u00e3o a Teleodontologia. Por isso, estar\u00e3o presentes na transmiss\u00e3o os autores escolhidos das experi\u00eancias deste eixo: os cirurgi\u00f5es-dentistas Diego Diniz e Valeska Pivatto discutir\u00e3o seus trabalhos frente \u00e0 \u00e1rea de Teleodontologia nas secretarias municipais de Sorocaba (SP) e Florian\u00f3polis (SC), respectivamente. A media\u00e7\u00e3o \u00e9 do Coordenador de Sa\u00fade Bucal do Minist\u00e9rio da Sa\u00fade, Wellington Carvalho, com a presen\u00e7a da professora Fernanda Carrer, da FOUSP.<\/p>\n<p>As datas das demais lives ser\u00e3o divulgadas em breve. Elas ser\u00e3o referentes aos eixos de Odontologia Hospitalar e Centro de Especialidades Odontol\u00f3gicas (CEOs).<\/p>\n<p><strong>Programa de inova\u00e7\u00e3o<br \/>\n<\/strong>O Laborat\u00f3rio de Inova\u00e7\u00e3o em Sa\u00fade (LIS) \u00e9 uma ferramenta utilizada pela OPAS\/OMS Brasil desde 2008. O objetivo da iniciativa \u00e9 identificar, sistematizar e divulgar inova\u00e7\u00e3o e boas pr\u00e1ticas dentro do Sistema \u00danico de Sa\u00fade (SUS).<\/p>\n<p>Conforme o conselho, o trabalho do laborat\u00f3rio busca dar visibilidade a iniciativas de \u00e2mbito local, para que possam ser reproduzidas em outros lugares, melhorando o desempenho do SUS, por meio de pesquisas e recomenda\u00e7\u00f5es baseadas em evid\u00eancias, mediante estudos de casos com resultados positivos. O LIS j\u00e1 abordou diversos temas, entretanto, essa \u00e9 a primeira vez que a tem\u00e1tica ser\u00e1 voltada \u00e0 sa\u00fade bucal.<\/p>\n<p>Fonte: CFO<\/p>\n","protected":false},"excerpt":{"rendered":"<p>O Minist\u00e9rio da Sa\u00fade e a Organiza\u00e7\u00e3o Pan-Americana da Sa\u00fade (OPAS\/OMS) selecionaram sete experi\u00eancias do Laborat\u00f3rio de Inova\u00e7\u00e3o em Pol\u00edtica Nacional de Sa\u00fade Bucal. As experi\u00eancias foram escolhidas por serem inovadoras, conforme o Conselho Federal de Odontologia. A sele\u00e7\u00e3o ocorreu ap\u00f3s chamamento p\u00fablico aberto em julho deste ano. Agora, os autores dos trabalhos participar\u00e3o de<\/p>\n","protected":false},"author":26,"featured_media":36297,"comment_status":"open","ping_status":"open","sticky":false,"template":"","format":"standard","meta":{"footnotes":""},"categories":[],"tags":[],"class_list":["post-36296","post","type-post","status-publish","format-standard","has-post-thumbnail"],"aioseo_notices":[],"amp_enabled":true,"_links":{"self":[{"href":"https:\/\/dentalpress.com.br\/portal\/wp-json\/wp\/v2\/posts\/36296","targetHints":{"allow":["GET"]}}],"collection":[{"href":"https:\/\/dentalpress.com.br\/portal\/wp-json\/wp\/v2\/posts"}],"about":[{"href":"https:\/\/dentalpress.com.br\/portal\/wp-json\/wp\/v2\/types\/post"}],"author":[{"embeddable":true,"href":"https:\/\/dentalpress.com.br\/portal\/wp-json\/wp\/v2\/users\/26"}],"replies":[{"embeddable":true,"href":"https:\/\/dentalpress.com.br\/portal\/wp-json\/wp\/v2\/comments?post=36296"}],"version-history":[{"count":1,"href":"https:\/\/dentalpress.com.br\/portal\/wp-json\/wp\/v2\/posts\/36296\/revisions"}],"predecessor-version":[{"id":36298,"href":"https:\/\/dentalpress.com.br\/portal\/wp-json\/wp\/v2\/posts\/36296\/revisions\/36298"}],"wp:featuredmedia":[{"embeddable":true,"href":"https:\/\/dentalpress.com.br\/portal\/wp-json\/wp\/v2\/media\/36297"}],"wp:attachment":[{"href":"https:\/\/dentalpress.com.br\/portal\/wp-json\/wp\/v2\/media?parent=36296"}],"wp:term":[{"taxonomy":"category","embeddable":true,"href":"https:\/\/dentalpress.com.br\/portal\/wp-json\/wp\/v2\/categories?post=36296"},{"taxonomy":"post_tag","embeddable":true,"href":"https:\/\/dentalpress.com.br\/portal\/wp-json\/wp\/v2\/tags?post=36296"}],"curies":[{"name":"wp","href":"https:\/\/api.w.org\/{rel}","templated":true}]}}