{"id":36293,"date":"2022-10-25T17:45:51","date_gmt":"2022-10-25T20:45:51","guid":{"rendered":"https:\/\/www.dentalpress.com.br\/portal\/?p=36293"},"modified":"2022-10-25T20:21:27","modified_gmt":"2022-10-25T23:21:27","slug":"hada-maller-da-editoracao-da-dental-press-e-finalista-do-premio-jabuti","status":"publish","type":"post","link":"https:\/\/dentalpress.com.br\/portal\/hada-maller-da-editoracao-da-dental-press-e-finalista-do-premio-jabuti\/","title":{"rendered":"Hada Maller, da editora\u00e7\u00e3o da Dental Press, \u00e9 finalista do Pr\u00eamio Jabuti"},"content":{"rendered":"<p>Hada Maller, profissional de comunica\u00e7\u00e3o, que atua na editora\u00e7\u00e3o da Dental Press, \u00e9 finalista do Pr\u00eamio Jabuti 2022. Ela concorre \u00e0 principal premia\u00e7\u00e3o da literatura brasileira com a obra &#8220;Ilha dos Sentimentos Perdidos&#8221;. A comunicadora concorre na categoria de melhor livro de contos.<\/p>\n<p>A produ\u00e7\u00e3o do livro, feita de maneira totalmente independente, foi o resultado do trabalho de conclus\u00e3o de <a href=\"https:\/\/dentalpress.com.br\/portal\/como-inserir-lasers-de-baixa-e-alta-potencia-na-rotina-clinica\/\">curso<\/a> da autora, em Comunica\u00e7\u00e3o e Multimeios na UEM (Universidade Estadual de Maring\u00e1). A lista com os finalistas foi oficialmente divulgada nesta ter\u00e7a-feira (25).<\/p>\n<p>&#8220;Eu comecei querendo fazer um trabalho que revertesse de alguma forma para a sociedade. Pensei em algumas minorias que precisavam de aten\u00e7\u00e3o e percebi que as pessoas com defici\u00eancia tinham pouqu\u00edssima representa\u00e7\u00e3o nas artes, principalmente na literatura. Com base nisso, meu livro \u00e9 uma &#8216;proposta de interven\u00e7\u00e3o&#8217; a essa pouca representatividade. A pesquisa foi toda voltada a realidade dos PCDs e o capacitismo que eles sofrem no dia a dia&#8221;, destacou a autora.<\/p>\n<p>A obra \u00e9 resultado de um trabalho intenso de pesquisa. J\u00e1 que o eixo condutor da obra s\u00e3o os PCD (Pessoas com Defici\u00eancia), ela se debru\u00e7ou em diversos artigos para entender um pouco da realidade dessas pessoas.<\/p>\n<p>&#8220;A primeira parte foi de muita pesquisa. Como eu n\u00e3o sou PCD, eu n\u00e3o queria fazer nada que n\u00e3o os fizesse se sentirem contemplados e representados. Li muitos artigos acad\u00eamicos, entrevistei muitas pessoas e tamb\u00e9m acompanhei v\u00e1rios influencers PCDs nas redes sociais. Depois disso, pensei na parte de realismo fant\u00e1stico e idealizei o cen\u00e1rio e as personagens, suas virtudes, vontades, fraquezas. Foi um processo longo, mas muito gostoso de saber que est\u00e1 sendo feito da forma certa&#8221;, destacou.<\/p>\n<p><strong>O Pr\u00eamio<\/strong><br \/>\nConsiderado um dos mais importantes pr\u00eamios de literatura do pa\u00eds, o pr\u00eamio Jabuti chegou a sua 64\u00aa edi\u00e7\u00e3o em 2022. Foram selecionados dez finalistas para as vinte categorias eu foram divididas nos eixos da literatura: N\u00e3o fic\u00e7\u00e3o, produ\u00e7\u00e3o editorial e inova\u00e7\u00e3o. O vencedoro do pr\u00eamio &#8220;Livro do Ano&#8221; leva R$ 100 mil para casa. Promovido pela CBL (C\u00e2mara Brasileira do Livro), o pr\u00eamio Jabuti recebeu mais de 4,2 mil inscri\u00e7\u00f5es em sua primeira etapa.<\/p>\n<p>A ideia de inscrever o livro no pr\u00eamio Jabuti, segundo Hada, partiu de seu orientador, Prof. Thiago Ramari, e isso ocorreu antes mesmo de qualquer outra pessoa ler o livro.<\/p>\n<p>&#8220;Quando chegou a hora fiz a inscri\u00e7\u00e3o sem saber muito no que se daria. Eu tento n\u00e3o ter muitas expectativas, porque j\u00e1 \u00e9 uma honra estar entre os 10 melhores. Sou uma escritora iniciante, ent\u00e3o eu entenderia totalmente se eu n\u00e3o chegar a ganhar o pr\u00eamio. Mas vamos torcer!&#8221;<\/p>\n<p>A segundo lista com os cinco finalistas por categoria ser\u00e1 divulgada no dia 8 de novembro de 2022.<\/p>\n","protected":false},"excerpt":{"rendered":"<p>Hada Maller, profissional de comunica\u00e7\u00e3o, que atua na editora\u00e7\u00e3o da Dental Press, \u00e9 finalista do Pr\u00eamio Jabuti 2022. Ela concorre \u00e0 principal premia\u00e7\u00e3o da literatura brasileira com a obra &#8220;Ilha dos Sentimentos Perdidos&#8221;. A comunicadora concorre na categoria de melhor livro de contos. A produ\u00e7\u00e3o do livro, feita de maneira totalmente independente, foi o resultado<\/p>\n","protected":false},"author":26,"featured_media":36294,"comment_status":"open","ping_status":"open","sticky":false,"template":"","format":"standard","meta":{"footnotes":""},"categories":[],"tags":[],"class_list":["post-36293","post","type-post","status-publish","format-standard","has-post-thumbnail"],"aioseo_notices":[],"amp_enabled":true,"_links":{"self":[{"href":"https:\/\/dentalpress.com.br\/portal\/wp-json\/wp\/v2\/posts\/36293","targetHints":{"allow":["GET"]}}],"collection":[{"href":"https:\/\/dentalpress.com.br\/portal\/wp-json\/wp\/v2\/posts"}],"about":[{"href":"https:\/\/dentalpress.com.br\/portal\/wp-json\/wp\/v2\/types\/post"}],"author":[{"embeddable":true,"href":"https:\/\/dentalpress.com.br\/portal\/wp-json\/wp\/v2\/users\/26"}],"replies":[{"embeddable":true,"href":"https:\/\/dentalpress.com.br\/portal\/wp-json\/wp\/v2\/comments?post=36293"}],"version-history":[{"count":1,"href":"https:\/\/dentalpress.com.br\/portal\/wp-json\/wp\/v2\/posts\/36293\/revisions"}],"predecessor-version":[{"id":36295,"href":"https:\/\/dentalpress.com.br\/portal\/wp-json\/wp\/v2\/posts\/36293\/revisions\/36295"}],"wp:featuredmedia":[{"embeddable":true,"href":"https:\/\/dentalpress.com.br\/portal\/wp-json\/wp\/v2\/media\/36294"}],"wp:attachment":[{"href":"https:\/\/dentalpress.com.br\/portal\/wp-json\/wp\/v2\/media?parent=36293"}],"wp:term":[{"taxonomy":"category","embeddable":true,"href":"https:\/\/dentalpress.com.br\/portal\/wp-json\/wp\/v2\/categories?post=36293"},{"taxonomy":"post_tag","embeddable":true,"href":"https:\/\/dentalpress.com.br\/portal\/wp-json\/wp\/v2\/tags?post=36293"}],"curies":[{"name":"wp","href":"https:\/\/api.w.org\/{rel}","templated":true}]}}