{"id":36272,"date":"2022-10-19T10:34:11","date_gmt":"2022-10-19T13:34:11","guid":{"rendered":"https:\/\/www.dentalpress.com.br\/portal\/?p=36272"},"modified":"2022-10-19T10:34:11","modified_gmt":"2022-10-19T13:34:11","slug":"pesquisa-relaciona-alfabetismo-de-saude-bucal-a-prevalencia-de-carie","status":"publish","type":"post","link":"https:\/\/dentalpress.com.br\/portal\/pesquisa-relaciona-alfabetismo-de-saude-bucal-a-prevalencia-de-carie\/","title":{"rendered":"Pesquisa relaciona Alfabetismo de Sa\u00fade Bucal \u00e0 preval\u00eancia de C\u00e1rie"},"content":{"rendered":"<p>Um estudo promovido pela Faculdade de Sa\u00fade P\u00fablica da USP (Universidade de S\u00e3o Paulo) avaliou, de maneira in\u00e9dita, as rela\u00e7\u00f5es entre a c\u00e1rie em crian\u00e7as em idade pr\u00e9-escolar no Brasil e o alfabetismo sobre os cuidados da sa\u00fade bucal pelos pais ou respons\u00e1veis. O ASB (Alfabetismo em Sa\u00fade Bucal) \u00e9 definido na capacidade que os indiv\u00edduos t\u00eam de ter acesso e compreender as informa\u00e7\u00f5es para garantir a boa sa\u00fade da boca.<\/p>\n<p>O estudo \u00e9 resultado da tese de doutorada da <a href=\"https:\/\/dentalpress.com.br\/portal\/reforma-tributaria-impacta-dentistas-e-pacientes-com-custos\/\">dentista<\/a> Sofia Maito. Ela destaca que os resultados mostram que a doen\u00e7a mais constante em crian\u00e7as entre 3 e 4 anos \u00e9 a c\u00e1rie. Outro aspecto enfatizado na pesquisa \u00e9 que a possibilidade de ter a doen\u00e7a aumenta caso as crian\u00e7as tenham um ou mais irm\u00e3os.<\/p>\n<p>\u201cAt\u00e9 onde sabemos, nenhum estudo havia avaliado se o baixo n\u00edvel de alfabetismo em sa\u00fade bucal de pais ou cuidadores poderia contribuir para comportamentos inadequados durante as refei\u00e7\u00f5es de seus filhos\u201d, relata a dentista Sofia Maito ao\u00a0<strong>Jornal da USP<\/strong>.<\/p>\n<p>A cientista fez um estudo transversal com crian\u00e7as de dois a quatro anos durante a Campanha Nacional de Vacina\u00e7\u00e3o, em setembro de 2017, em todas as UBSs (Unidades B\u00e1sicas de Sa\u00fade) em Diadema (SP). Foram examinadas 630 crian\u00e7as, que comprovaram a preval\u00eancia de c\u00e2rie nesse p\u00fablico em espec\u00edfico. Os pais tamb\u00e9m foram entrevistados e prestaram informa\u00e7\u00f5es de:<\/p>\n<ul>\n<li>Condi\u00e7\u00f5es sociodemogr\u00e1ficas<\/li>\n<li>Idade<\/li>\n<li>N\u00famero de irm\u00e3os e aglomera\u00e7\u00e3o domiciliar<\/li>\n<li>H\u00e1bitos de sa\u00fade bucal<\/li>\n<\/ul>\n<p>A maior parte das crian\u00e7as era do sexo masculino (52%). Do total de crian\u00e7as, 70% frequentava a escola e 81% escovavam os <a href=\"https:\/\/dentalpress.com.br\/portal\/curso-de-aperfeicoamento-em-cirurgia-de-dentes-retidos\/\">dentes<\/a> duas ou mais vezes por dia. As an\u00e1lises tamb\u00e9m mostraram que a Qualidade de Vida Relacionada \u00e0 Sa\u00fade Bucal (QVRSB) das crian\u00e7as n\u00e3o foi associada ao ASB, mas a c\u00e1rie dent\u00e1ria teve impacto negativo neste t\u00f3pico. O impacto positivo na qualidade de vida foi associado ao n\u00famero de irm\u00e3os, e a maior idade da m\u00e3e foi fator importante para reduzir o impacto na QVRSB.<\/p>\n<p>&nbsp;<\/p>\n<p><strong>Fonte: Fabiana Mariz\/Jornal da USP.<\/strong><\/p>\n","protected":false},"excerpt":{"rendered":"<p>Um estudo promovido pela Faculdade de Sa\u00fade P\u00fablica da USP (Universidade de S\u00e3o Paulo) avaliou, de maneira in\u00e9dita, as rela\u00e7\u00f5es entre a c\u00e1rie em crian\u00e7as em idade pr\u00e9-escolar no Brasil e o alfabetismo sobre os cuidados da sa\u00fade bucal pelos pais ou respons\u00e1veis. O ASB (Alfabetismo em Sa\u00fade Bucal) \u00e9 definido na capacidade que os<\/p>\n","protected":false},"author":26,"featured_media":36274,"comment_status":"open","ping_status":"open","sticky":false,"template":"","format":"standard","meta":{"footnotes":""},"categories":[],"tags":[],"class_list":["post-36272","post","type-post","status-publish","format-standard","has-post-thumbnail"],"aioseo_notices":[],"amp_enabled":true,"_links":{"self":[{"href":"https:\/\/dentalpress.com.br\/portal\/wp-json\/wp\/v2\/posts\/36272","targetHints":{"allow":["GET"]}}],"collection":[{"href":"https:\/\/dentalpress.com.br\/portal\/wp-json\/wp\/v2\/posts"}],"about":[{"href":"https:\/\/dentalpress.com.br\/portal\/wp-json\/wp\/v2\/types\/post"}],"author":[{"embeddable":true,"href":"https:\/\/dentalpress.com.br\/portal\/wp-json\/wp\/v2\/users\/26"}],"replies":[{"embeddable":true,"href":"https:\/\/dentalpress.com.br\/portal\/wp-json\/wp\/v2\/comments?post=36272"}],"version-history":[{"count":1,"href":"https:\/\/dentalpress.com.br\/portal\/wp-json\/wp\/v2\/posts\/36272\/revisions"}],"predecessor-version":[{"id":36275,"href":"https:\/\/dentalpress.com.br\/portal\/wp-json\/wp\/v2\/posts\/36272\/revisions\/36275"}],"wp:featuredmedia":[{"embeddable":true,"href":"https:\/\/dentalpress.com.br\/portal\/wp-json\/wp\/v2\/media\/36274"}],"wp:attachment":[{"href":"https:\/\/dentalpress.com.br\/portal\/wp-json\/wp\/v2\/media?parent=36272"}],"wp:term":[{"taxonomy":"category","embeddable":true,"href":"https:\/\/dentalpress.com.br\/portal\/wp-json\/wp\/v2\/categories?post=36272"},{"taxonomy":"post_tag","embeddable":true,"href":"https:\/\/dentalpress.com.br\/portal\/wp-json\/wp\/v2\/tags?post=36272"}],"curies":[{"name":"wp","href":"https:\/\/api.w.org\/{rel}","templated":true}]}}