{"id":36259,"date":"2022-10-17T15:08:45","date_gmt":"2022-10-17T18:08:45","guid":{"rendered":"https:\/\/www.dentalpress.com.br\/portal\/?p=36259"},"modified":"2022-10-17T15:08:45","modified_gmt":"2022-10-17T18:08:45","slug":"representantes-de-entidades-odontologicas-defendem-piso-salarial-dos-dentistas-ao-mins","status":"publish","type":"post","link":"https:\/\/dentalpress.com.br\/portal\/representantes-de-entidades-odontologicas-defendem-piso-salarial-dos-dentistas-ao-mins\/","title":{"rendered":"Representantes de entidades odontol\u00f3gicas defendem piso salarial dos dentistas ao MinS"},"content":{"rendered":"<p><img fetchpriority=\"high\" decoding=\"async\" class=\" wp-image-36260\" src=\"https:\/\/dentalpress.com.br\/portal\/wp-content\/uploads\/2022\/10\/coletiva-marcelo-queiroga-1024x613.jpg\" alt=\"\" width=\"402\" height=\"241\" srcset=\"\/wp-content\/uploads\/2022\/10\/coletiva-marcelo-queiroga-1024x613.jpg 1024w, \/wp-content\/uploads\/2022\/10\/coletiva-marcelo-queiroga-300x179.jpg 300w, \/wp-content\/uploads\/2022\/10\/coletiva-marcelo-queiroga-768x459.jpg 768w, \/wp-content\/uploads\/2022\/10\/coletiva-marcelo-queiroga-585x350.jpg 585w, \/wp-content\/uploads\/2022\/10\/coletiva-marcelo-queiroga.jpg 1170w\" sizes=\"(max-width: 402px) 100vw, 402px\" \/><\/p>\n<p>O CFO (Conselho Federal de Odontologia) junto a outras entidades representativas da odontologia, se reuniram junto ao Minist\u00e9rio da Sa\u00fade, para debater o piso salarial da categoria, de forma integrada \u00e0 defesa do SUS (Sistema \u00danico de Sa\u00fade). Os representantes foram recebidos pelo chefe da pasta, o ministro Marcelo Queiroga, em seu gabinete.<\/p>\n<p>A reuni\u00e3o foi feita sob interveni\u00eancia da deputada federal Carla Dickson (Uni\u00e3o Brasil -RN), que \u00e9 cirurgi\u00e3-dentista e m\u00e9dica. Na ocasi\u00e3o, representantes do Conselho Federal de Medicina tamb\u00e9m estiveram presentes e em um esfor\u00e7o conjunto reivindicaram os pisos salarias das categorias. Mat\u00e9ria nesse teor j\u00e1 tramita no Senado Federal.<\/p>\n<p>\u201cCiente das dificuldades, tamb\u00e9m entendo que o profissional valorizado e ganhando bem estar\u00e1 bem mais motivado para o trabalho, em que no SUS, alcan\u00e7a mais de 70% da popula\u00e7\u00e3o brasileira\u201d, disse o conselheiro do CFO que participou da reuni\u00e3o no MinS, Gl\u00e1ucio Moraes.<\/p>\n<p>Participaram da reuni\u00e3o, al\u00e9m de Moraes, a presidente do CRO-RN (Conselho Regional de Odontologia do Rio Grande do Norte), Jane N\u00f3brega, o presidente e o tesoureiro do Soern (Sindicato dos Odontologistas do Estado do Rio Grande do Norte),\u00a0 Ivan Tavares e Fl\u00e1vio Calife, o presidente da Federa\u00e7\u00e3o Interestadual dos Odontologistas (FIO), Jos\u00e9 Carrijo, o presidente do Sindicato dos M\u00e9dicos do Rio Grande do Norte (SINMED), Geraldo Ferreira, al\u00e9m de \u00c9lio Barreto, representante do Conselho Federal de Medicina.<\/p>\n<p>\u201cIsso representa um grande esfor\u00e7o das entidades representativas de categorias e de classes para entender que, a respeito da quest\u00e3o do piso salarial nacional, teremos um longo caminho a percorrer e que necessitar\u00e1 de um grande empenho de todos, representantes e profissionais\/trabalhadores pra que se tenha \u00eaxito no que desejamos\u201d, afirmou Ivan Tavares, presidente do SOERN<\/p>\n","protected":false},"excerpt":{"rendered":"<p>O CFO (Conselho Federal de Odontologia) junto a outras entidades representativas da odontologia, se reuniram junto ao Minist\u00e9rio da Sa\u00fade, para debater o piso salarial da categoria, de forma integrada \u00e0 defesa do SUS (Sistema \u00danico de Sa\u00fade). Os representantes foram recebidos pelo chefe da pasta, o ministro Marcelo Queiroga, em seu gabinete. A reuni\u00e3o<\/p>\n","protected":false},"author":26,"featured_media":36260,"comment_status":"open","ping_status":"open","sticky":false,"template":"","format":"standard","meta":{"footnotes":""},"categories":[],"tags":[],"class_list":["post-36259","post","type-post","status-publish","format-standard","has-post-thumbnail"],"aioseo_notices":[],"amp_enabled":true,"_links":{"self":[{"href":"https:\/\/dentalpress.com.br\/portal\/wp-json\/wp\/v2\/posts\/36259","targetHints":{"allow":["GET"]}}],"collection":[{"href":"https:\/\/dentalpress.com.br\/portal\/wp-json\/wp\/v2\/posts"}],"about":[{"href":"https:\/\/dentalpress.com.br\/portal\/wp-json\/wp\/v2\/types\/post"}],"author":[{"embeddable":true,"href":"https:\/\/dentalpress.com.br\/portal\/wp-json\/wp\/v2\/users\/26"}],"replies":[{"embeddable":true,"href":"https:\/\/dentalpress.com.br\/portal\/wp-json\/wp\/v2\/comments?post=36259"}],"version-history":[{"count":1,"href":"https:\/\/dentalpress.com.br\/portal\/wp-json\/wp\/v2\/posts\/36259\/revisions"}],"predecessor-version":[{"id":36261,"href":"https:\/\/dentalpress.com.br\/portal\/wp-json\/wp\/v2\/posts\/36259\/revisions\/36261"}],"wp:featuredmedia":[{"embeddable":true,"href":"https:\/\/dentalpress.com.br\/portal\/wp-json\/wp\/v2\/media\/36260"}],"wp:attachment":[{"href":"https:\/\/dentalpress.com.br\/portal\/wp-json\/wp\/v2\/media?parent=36259"}],"wp:term":[{"taxonomy":"category","embeddable":true,"href":"https:\/\/dentalpress.com.br\/portal\/wp-json\/wp\/v2\/categories?post=36259"},{"taxonomy":"post_tag","embeddable":true,"href":"https:\/\/dentalpress.com.br\/portal\/wp-json\/wp\/v2\/tags?post=36259"}],"curies":[{"name":"wp","href":"https:\/\/api.w.org\/{rel}","templated":true}]}}