{"id":36245,"date":"2022-10-10T16:04:25","date_gmt":"2022-10-10T19:04:25","guid":{"rendered":"https:\/\/www.dentalpress.com.br\/portal\/?p=36245"},"modified":"2022-10-19T10:20:37","modified_gmt":"2022-10-19T13:20:37","slug":"entidades-se-reunem-para-promover-o-uso-de-protetores-bucais-individualizados-prescritos-por-dentistas","status":"publish","type":"post","link":"https:\/\/dentalpress.com.br\/portal\/entidades-se-reunem-para-promover-o-uso-de-protetores-bucais-individualizados-prescritos-por-dentistas\/","title":{"rendered":"Entidades se re\u00fanem para promover o uso de protetores bucais"},"content":{"rendered":"<p>Diversas entidades da odontologia se reuniram para promover uma campanha que ressalta a import\u00e2ncia do uso do protetor bucal para a preven\u00e7\u00e3o de traumas dent\u00e1rios. A ideia \u00e9 que mesmo em esportes onde n\u00e3o h\u00e1 contato &#8211; caso skate, por exemplo &#8211; h\u00e1 necessidade desse tipo de prote\u00e7\u00e3o.<\/p>\n<p>Comum em pr\u00e1tica de lutas, o protetor bucal mais corriqueiramente encontrado nas academias \u00e9 aquele pr\u00e9-fabricado que, segundo o Prof. Dr. Daniel Decurcio, n\u00e3o tem a mesma efic\u00e1cia dos aparelhos confeccionados de maneira individualizada por cirurgi\u00f5es-dentistas. Da\u00ed a ideia de promover o uso correto do equipamento de prote\u00e7\u00e3o e orientar aqueles que s\u00e3o mais seguros.<\/p>\n<p>\u201cO paciente que opta por uma prote\u00e7\u00e3o individualizada est\u00e1 mais resguardado. \u00c9 mais inteligente e de menor custo investir na preven\u00e7\u00e3o correta do que ter que realizar o tratamento posterior ao trauma. A ideia da campanha \u00e9 conscientizar, tamb\u00e9m, os dentistas a orientarem os pacientes que praticam esportes a ter um protetor individualizado\u201d, destacou.<\/p>\n<p>Entre as entidades que assinam a campanha, est\u00e3o a Faculdade de Odontologia da UFG (Universidade Federal de Goi\u00e1s), CRO-GO (Conselho Regional de Odontologia de Goi\u00e1s), ABO (Associa\u00e7\u00e3o Brasileira de Odontologia) de Goi\u00e1s, SBEndo (Sociedade Brasileira de <a href=\"https:\/\/dentalpress.com.br\/portal\/curso-intensivo-de-endodontia-para-molares\/\">Endodontia<\/a>) e o grupo Endoscience.<br \/>\nAs primeiras artes da campanha j\u00e1 est\u00e3o sendo divulgadas nas redes sociais. Na primeira, o mote \u00e9 justamente para lutadores &#8211; classe que usa mais constantemente os protetores -, com o foco nos aparelhos individualizados. \u201cIr \u00e0 luta, sempre. Sem prote\u00e7\u00e3o, jamais\u201d. \u00c9 com esse slogan inicial que as entidades convidam os atletas de artes marciais a irem ao <a href=\"https:\/\/dentalpress.com.br\/portal\/reforma-tributaria-impacta-dentistas-e-pacientes-com-custos\/\">dentista<\/a> e solicitarem os protetores bucais individualizados.<\/p>\n<p>\u201cN\u00f3s encontramos uma incid\u00eancia grande de traumas em esportes. Muitas pessoas colocam o protetor pr\u00e9-fabricado acreditando que est\u00e3o protegidas, mas n\u00e3o est\u00e3o. Por isso, a campanha tem o foco nos esportes de contato direto e indireto. Estamos fazendo um marketing coordenado, sem campanhas isoladas para alcan\u00e7ar o maior n\u00famero de pessoas\u201d, disse Decurcio.<\/p>\n<p>As artes da campanha est\u00e3o dispon\u00edveis nas redes sociais das entidades envolvidas. Todos os cirurgi\u00f5es-dentistas que se sentirem confort\u00e1veis em participar da a\u00e7\u00e3o podem salvar e compartilhar os conte\u00fados em suas pr\u00f3prias redes.<\/p>\n","protected":false},"excerpt":{"rendered":"<p>Diversas entidades da odontologia se reuniram para promover uma campanha que ressalta a import\u00e2ncia do uso do protetor bucal para a preven\u00e7\u00e3o de traumas dent\u00e1rios. A ideia \u00e9 que mesmo em esportes onde n\u00e3o h\u00e1 contato &#8211; caso skate, por exemplo &#8211; h\u00e1 necessidade desse tipo de prote\u00e7\u00e3o. Comum em pr\u00e1tica de lutas, o protetor<\/p>\n","protected":false},"author":26,"featured_media":36246,"comment_status":"open","ping_status":"open","sticky":false,"template":"","format":"standard","meta":{"footnotes":""},"categories":[],"tags":[],"class_list":["post-36245","post","type-post","status-publish","format-standard","has-post-thumbnail"],"aioseo_notices":[],"amp_enabled":true,"_links":{"self":[{"href":"https:\/\/dentalpress.com.br\/portal\/wp-json\/wp\/v2\/posts\/36245","targetHints":{"allow":["GET"]}}],"collection":[{"href":"https:\/\/dentalpress.com.br\/portal\/wp-json\/wp\/v2\/posts"}],"about":[{"href":"https:\/\/dentalpress.com.br\/portal\/wp-json\/wp\/v2\/types\/post"}],"author":[{"embeddable":true,"href":"https:\/\/dentalpress.com.br\/portal\/wp-json\/wp\/v2\/users\/26"}],"replies":[{"embeddable":true,"href":"https:\/\/dentalpress.com.br\/portal\/wp-json\/wp\/v2\/comments?post=36245"}],"version-history":[{"count":3,"href":"https:\/\/dentalpress.com.br\/portal\/wp-json\/wp\/v2\/posts\/36245\/revisions"}],"predecessor-version":[{"id":36279,"href":"https:\/\/dentalpress.com.br\/portal\/wp-json\/wp\/v2\/posts\/36245\/revisions\/36279"}],"wp:featuredmedia":[{"embeddable":true,"href":"https:\/\/dentalpress.com.br\/portal\/wp-json\/wp\/v2\/media\/36246"}],"wp:attachment":[{"href":"https:\/\/dentalpress.com.br\/portal\/wp-json\/wp\/v2\/media?parent=36245"}],"wp:term":[{"taxonomy":"category","embeddable":true,"href":"https:\/\/dentalpress.com.br\/portal\/wp-json\/wp\/v2\/categories?post=36245"},{"taxonomy":"post_tag","embeddable":true,"href":"https:\/\/dentalpress.com.br\/portal\/wp-json\/wp\/v2\/tags?post=36245"}],"curies":[{"name":"wp","href":"https:\/\/api.w.org\/{rel}","templated":true}]}}