{"id":36150,"date":"2022-10-06T14:48:22","date_gmt":"2022-10-06T17:48:22","guid":{"rendered":"https:\/\/www.dentalpress.com.br\/portal\/?p=36150"},"modified":"2022-12-05T13:08:09","modified_gmt":"2022-12-05T16:08:09","slug":"congresso-de-ortodontia-infantil","status":"publish","type":"post","link":"https:\/\/dentalpress.com.br\/portal\/congresso-de-ortodontia-infantil\/","title":{"rendered":"Dental Press realiza Congresso de Ortodontia Infantil em S\u00e3o Paulo"},"content":{"rendered":"<p><img fetchpriority=\"high\" decoding=\"async\" class=\"wp-image-36169 alignleft\" src=\"https:\/\/dentalpress.com.br\/portal\/wp-content\/uploads\/2022\/10\/Logo-horizontal-1024x524.png\" alt=\"\" width=\"385\" height=\"197\" srcset=\"\/wp-content\/uploads\/2022\/10\/Logo-horizontal-1024x524.png 1024w, \/wp-content\/uploads\/2022\/10\/Logo-horizontal-300x154.png 300w, \/wp-content\/uploads\/2022\/10\/Logo-horizontal-768x393.png 768w, \/wp-content\/uploads\/2022\/10\/Logo-horizontal-1536x786.png 1536w, \/wp-content\/uploads\/2022\/10\/Logo-horizontal-1920x983.png 1920w, \/wp-content\/uploads\/2022\/10\/Logo-horizontal-1170x599.png 1170w, \/wp-content\/uploads\/2022\/10\/Logo-horizontal-585x300.png 585w, \/wp-content\/uploads\/2022\/10\/Logo-horizontal.png 1955w\" sizes=\"(max-width: 385px) 100vw, 385px\" \/>O julho Laranja \u00e9 o m\u00eas que \u00e9 celebrada a <a href=\"https:\/\/dentalpress.com.br\/portal\/excelencia-em-ortodontia-2\/\">Ortodontia<\/a> preventiva e os cuidados com a sa\u00fade bucal em crian\u00e7as. Diante desse cen\u00e1rio, a Dental Press promove nos dias 27 e 28 de julho de 2023, na cidade de S\u00e3o Paulo, seu primeiro Congresso de Ortodontia Infantil. O evento \u00e9 presidido pelo Prof. Dr. Bruno Furquim e pela idealizadora do Julho Laranja, Cibele Albergaria.<\/p>\n<p>O evento conta com palestrantes de renome nacional e internacional. Durante os dois dias de congresso, 26 palestrantes ir\u00e3o apresentar abordagens e protocolos modernos, garantindo o aprimoramento da pr\u00e1tica cl\u00ednica alicer\u00e7ada nos mais altos par\u00e2metros cient\u00edficos. As inscri\u00e7\u00f5es j\u00e1 est\u00e3o abertas no <a href=\"https:\/\/congressosdentalpress.com.br\/ortodontia-infantil\/\">site oficial do evento<\/a>. Atrav\u00e9s dessa p\u00e1gina voc\u00ea pode tirar d\u00favidas sobre o evento e garantir sua vaga.<\/p>\n<p><em>Confira os palestrantes confirmados:<\/em><\/p>\n<ul>\n<li>Carlos Feldens<\/li>\n<li>Gabriel Politano<\/li>\n<li>Renato R\u00e9dua<\/li>\n<li>Patr\u00edcia Schneider<\/li>\n<li>Felicia Miranda<\/li>\n<li>Marilia Ara\u00fajo<\/li>\n<li>Daniela Garib<\/li>\n<li>Ricardo Cruz<\/li>\n<li>Fl\u00e1vio Ferrari<\/li>\n<li>Ver\u00f4nica Euclydes<\/li>\n<li>Flavia Artese<\/li>\n<li>Marcos Janson<\/li>\n<li>Laurindo Furquim<\/li>\n<li>Camila Massaro<\/li>\n<li>Bruno Furquim<\/li>\n<li>Ricardo Tesch<\/li>\n<li>Jos\u00e9 Augusto Miguel<\/li>\n<li>Fernando Borba<\/li>\n<li>Priscila Ayub<\/li>\n<li>Leopoldino Capelozza<\/li>\n<li>Jorge Faber<\/li>\n<li>Deisi Masioli<\/li>\n<li>Adilson Ramos<\/li>\n<li>T\u00falio Lara<\/li>\n<li>Eduardo Prado<\/li>\n<li>Nelly Sanseverino<\/li>\n<\/ul>\n<p><strong>Sobre o congresso<\/strong><br \/>\nA ortodontia infantil \u00e9 muito importante: ela antecipa o tratamento dent\u00e1rio de uma crian\u00e7a. Seja com aparelho ortod\u00f4ntico fixo ou m\u00f3vel, quanto mais cedo procurar um <a href=\"https:\/\/dentalpress.com.br\/portal\/reforma-tributaria-impacta-dentistas-e-pacientes-com-custos\/\">dentista<\/a>, melhores ser\u00e3o as chances de recupera\u00e7\u00e3o para uma arcada dent\u00e1ria est\u00e1vel e saud\u00e1vel.<\/p>\n<p>Evid\u00eancias cient\u00edficas acumulam-se, demonstrando que o monitoramento e a supervis\u00e3o do desenvolvimento da oclus\u00e3o nas crian\u00e7as por Ortodontistas \u00e9 essencial para a preven\u00e7\u00e3o de irregularidades mais graves e de condutas mais invasivas, como os procedimentos cir\u00fargicos. Interven\u00e7\u00f5es precoces apresentam mais simplicidade, maior benef\u00edcio e baixo custo econ\u00f4mico e biol\u00f3gico.<\/p>\n<p><strong>Seja um parceiro<br \/>\n<\/strong>Caso voc\u00ea queira patrocinar o congresso, h\u00e1 cotas dispon\u00edveis para compra. Voc\u00ea pode contatar a Dental Press e conferir as modalidades dispon\u00edveis e, dentre elas, a que melhor se qualifica junto ao seu nicho de neg\u00f3cio. Entre em contato conosco e fa\u00e7a um or\u00e7amento: (44) 3033-9819.<\/p>\n<p>Voc\u00ea estar\u00e1 cercado de um p\u00fablico qualificado, formadores de opini\u00e3o: empres\u00e1rios, influencers, pesquisadores e executivos. \u00c9 um espa\u00e7o de <em>network\u00a0<\/em>e aprendizado de diferentes faixas et\u00e1rias, com diferentes n\u00edveis de estudo, com um foco em comum: a promo\u00e7\u00e3o respons\u00e1vel da Ortodontia Infantil.<\/p>\n","protected":false},"excerpt":{"rendered":"<p>O julho Laranja \u00e9 o m\u00eas que \u00e9 celebrada a Ortodontia preventiva e os cuidados com a sa\u00fade bucal em crian\u00e7as. Diante desse cen\u00e1rio, a Dental Press promove nos dias 27 e 28 de julho de 2023, na cidade de S\u00e3o Paulo, seu primeiro Congresso de Ortodontia Infantil. O evento \u00e9 presidido pelo Prof. Dr.<\/p>\n","protected":false},"author":26,"featured_media":36163,"comment_status":"open","ping_status":"open","sticky":false,"template":"","format":"standard","meta":{"footnotes":""},"categories":[],"tags":[],"class_list":["post-36150","post","type-post","status-publish","format-standard","has-post-thumbnail"],"aioseo_notices":[],"amp_enabled":true,"_links":{"self":[{"href":"https:\/\/dentalpress.com.br\/portal\/wp-json\/wp\/v2\/posts\/36150","targetHints":{"allow":["GET"]}}],"collection":[{"href":"https:\/\/dentalpress.com.br\/portal\/wp-json\/wp\/v2\/posts"}],"about":[{"href":"https:\/\/dentalpress.com.br\/portal\/wp-json\/wp\/v2\/types\/post"}],"author":[{"embeddable":true,"href":"https:\/\/dentalpress.com.br\/portal\/wp-json\/wp\/v2\/users\/26"}],"replies":[{"embeddable":true,"href":"https:\/\/dentalpress.com.br\/portal\/wp-json\/wp\/v2\/comments?post=36150"}],"version-history":[{"count":3,"href":"https:\/\/dentalpress.com.br\/portal\/wp-json\/wp\/v2\/posts\/36150\/revisions"}],"predecessor-version":[{"id":36406,"href":"https:\/\/dentalpress.com.br\/portal\/wp-json\/wp\/v2\/posts\/36150\/revisions\/36406"}],"wp:featuredmedia":[{"embeddable":true,"href":"https:\/\/dentalpress.com.br\/portal\/wp-json\/wp\/v2\/media\/36163"}],"wp:attachment":[{"href":"https:\/\/dentalpress.com.br\/portal\/wp-json\/wp\/v2\/media?parent=36150"}],"wp:term":[{"taxonomy":"category","embeddable":true,"href":"https:\/\/dentalpress.com.br\/portal\/wp-json\/wp\/v2\/categories?post=36150"},{"taxonomy":"post_tag","embeddable":true,"href":"https:\/\/dentalpress.com.br\/portal\/wp-json\/wp\/v2\/tags?post=36150"}],"curies":[{"name":"wp","href":"https:\/\/api.w.org\/{rel}","templated":true}]}}