{"id":36105,"date":"2022-10-03T20:18:13","date_gmt":"2022-10-03T23:18:13","guid":{"rendered":"https:\/\/www.dentalpress.com.br\/portal\/?p=36105"},"modified":"2022-10-04T11:34:09","modified_gmt":"2022-10-04T14:34:09","slug":"cfo-entra-na-justica-para-barrar-abertura-de-novos-cursos-de-graduacao-em-odontologia","status":"publish","type":"post","link":"https:\/\/dentalpress.com.br\/portal\/cfo-entra-na-justica-para-barrar-abertura-de-novos-cursos-de-graduacao-em-odontologia\/","title":{"rendered":"CFO entra na justi\u00e7a para barrar abertura de novos cursos de gradua\u00e7\u00e3o em odontologia"},"content":{"rendered":"<p>O CFO (Conselho Federal de Odontologia) protocolou uma A\u00e7\u00e3o Civil P\u00fablica, nesta segunda-feira (3), pedindo a suspens\u00e3o de abertura de novos <a href=\"https:\/\/dentalpress.com.br\/portal\/especializacao-em-implantodontia-transforme-sua-carreira-com-precisao-e-seguranca\/\">cursos<\/a> de gradua\u00e7\u00e3o na \u00e1rea de odontologia. O documento prev\u00ea tamb\u00e9m as paralisa\u00e7\u00e3o de novas turmas nas faculdades em atividade que j\u00e1 tenham a gradua\u00e7\u00e3o autorizada pelo MEC (Minist\u00e9rio da Educa\u00e7\u00e3o).<\/p>\n<p>O argumento do conselho \u00e9 haver preocupa\u00e7\u00e3o com a qualidade da forma\u00e7\u00e3o de profissionais da \u00e1rea e, com a a\u00e7\u00e3o, o CFO espera impedir o aumento desenfreado de autoriza\u00e7\u00f5es de cursos e institui\u00e7\u00f5es de ensino superior que oferecem o <a href=\"https:\/\/dentalpress.com.br\/portal\/como-inserir-lasers-de-baixa-e-alta-potencia-na-rotina-clinica\/\">curso<\/a>, visando mais qualidade na forma\u00e7\u00e3o acad\u00eamica e cl\u00ednica de estudantes da \u00e1rea.<\/p>\n<p>\u201cNo dever legal de fiscalizar o exerc\u00edcio profissional da Classe Odontol\u00f3gica, entende-se que a qualidade do ensino ofertado pode ser prejudicada no formato que est\u00e1 hoje, podendo colocar em risco at\u00e9 a sa\u00fade da sociedade\u201d, explicou o presidente do CFO, Juliano do Vale, ressaltando que essa suspens\u00e3o possibilitaria manter a sustentabilidade da profiss\u00e3o em m\u00e9dio e longo prazo.<\/p>\n<p>Em 15 de setembro deste ano, foi publicada a Portaria n\u00b0 688 do Minist\u00e9rio da Educa\u00e7\u00e3o, instituindo Grupo de Trabalho para discutir a regulamenta\u00e7\u00e3o do Ensino a Dist\u00e2ncia em Odontologia, Direito, Enfermagem e Psicologia. Neste Grupo, o CFO garante que vai manter seu posicionamento contr\u00e1rio a modalidade de ensino no curso de gradua\u00e7\u00e3o em Odontologia.<\/p>\n<p>Hoje, no Brasil, h\u00e1 381.827 dentistas cadastrados: uma m\u00e9dia de um <a href=\"https:\/\/dentalpress.com.br\/portal\/reforma-tributaria-impacta-dentistas-e-pacientes-com-custos\/\">dentista<\/a> para cada 570 habitantes.\u00a0 Segundo o pr\u00f3prio Conselho Federal de Odontologia, a propor\u00e7\u00e3o de um dentista para cada 2 mil habitantes parece ser adequada aos pa\u00edses de modo geral. Essa m\u00e9trica foi apresentada em estudo feito em 1999, por Jeunon Santiago. Quando a consulta \u00e9 feita \u00e0 OMS (Organiza\u00e7\u00e3o Mundial da Sa\u00fade), a propor\u00e7\u00e3o cai para um dentista a cada 1,5 mil habitantes.<\/p>\n<p>Desta forma, cabe destacar que, dado os n\u00fameros atuais e as recomenda\u00e7\u00f5es feitas \u2013 tanto pelo CFO, quanto pela OMS \u2013 h\u00e1 satura\u00e7\u00e3o no mercado odontol\u00f3gico, havendo quase quatro vezes mais dentistas em atua\u00e7\u00e3o do que o recomendado. Para a popula\u00e7\u00e3o, de forma, geral, \u00e9 salutar a presen\u00e7a de mais profissionais no mercado, garantindo mais aten\u00e7\u00e3o e assist\u00eancia odontol\u00f3gica.<\/p>\n","protected":false},"excerpt":{"rendered":"<p>O CFO (Conselho Federal de Odontologia) protocolou uma A\u00e7\u00e3o Civil P\u00fablica, nesta segunda-feira (3), pedindo a suspens\u00e3o de abertura de novos cursos de gradua\u00e7\u00e3o na \u00e1rea de odontologia. O documento prev\u00ea tamb\u00e9m as paralisa\u00e7\u00e3o de novas turmas nas faculdades em atividade que j\u00e1 tenham a gradua\u00e7\u00e3o autorizada pelo MEC (Minist\u00e9rio da Educa\u00e7\u00e3o). O argumento do<\/p>\n","protected":false},"author":26,"featured_media":23187,"comment_status":"open","ping_status":"open","sticky":false,"template":"","format":"standard","meta":{"footnotes":""},"categories":[],"tags":[],"class_list":["post-36105","post","type-post","status-publish","format-standard","has-post-thumbnail"],"aioseo_notices":[],"amp_enabled":true,"_links":{"self":[{"href":"https:\/\/dentalpress.com.br\/portal\/wp-json\/wp\/v2\/posts\/36105","targetHints":{"allow":["GET"]}}],"collection":[{"href":"https:\/\/dentalpress.com.br\/portal\/wp-json\/wp\/v2\/posts"}],"about":[{"href":"https:\/\/dentalpress.com.br\/portal\/wp-json\/wp\/v2\/types\/post"}],"author":[{"embeddable":true,"href":"https:\/\/dentalpress.com.br\/portal\/wp-json\/wp\/v2\/users\/26"}],"replies":[{"embeddable":true,"href":"https:\/\/dentalpress.com.br\/portal\/wp-json\/wp\/v2\/comments?post=36105"}],"version-history":[{"count":2,"href":"https:\/\/dentalpress.com.br\/portal\/wp-json\/wp\/v2\/posts\/36105\/revisions"}],"predecessor-version":[{"id":36108,"href":"https:\/\/dentalpress.com.br\/portal\/wp-json\/wp\/v2\/posts\/36105\/revisions\/36108"}],"wp:featuredmedia":[{"embeddable":true,"href":"https:\/\/dentalpress.com.br\/portal\/wp-json\/wp\/v2\/media\/23187"}],"wp:attachment":[{"href":"https:\/\/dentalpress.com.br\/portal\/wp-json\/wp\/v2\/media?parent=36105"}],"wp:term":[{"taxonomy":"category","embeddable":true,"href":"https:\/\/dentalpress.com.br\/portal\/wp-json\/wp\/v2\/categories?post=36105"},{"taxonomy":"post_tag","embeddable":true,"href":"https:\/\/dentalpress.com.br\/portal\/wp-json\/wp\/v2\/tags?post=36105"}],"curies":[{"name":"wp","href":"https:\/\/api.w.org\/{rel}","templated":true}]}}