{"id":36103,"date":"2022-09-30T11:06:54","date_gmt":"2022-09-30T14:06:54","guid":{"rendered":"https:\/\/www.dentalpress.com.br\/portal\/?p=36103"},"modified":"2022-10-04T11:17:02","modified_gmt":"2022-10-04T14:17:02","slug":"ministerio-da-saude-orienta-pela-descontinuidade-do-uso-de-amalgama-de-prata","status":"publish","type":"post","link":"https:\/\/dentalpress.com.br\/portal\/ministerio-da-saude-orienta-pela-descontinuidade-do-uso-de-amalgama-de-prata\/","title":{"rendered":"Minist\u00e9rio da Sa\u00fade orienta pela descontinuidade do uso de am\u00e1lgama de prata"},"content":{"rendered":"<p>O Minist\u00e9rio da Sa\u00fade, por parecer t\u00e9cnico, orienta pela descontinuidade do uso de am\u00e1lgama de prata.\u00a0 O documento publicado ressalta considera o parecer de diversos profissionais da \u00e1rea de dent\u00edstica, inclusive, do GBPD (Grupo Brasileiro de Professores de Dent\u00edstica).\u00a0 O PT (Parecer T\u00e9cnico) n\u00ba 6\/2022 foi publicado em meados de setembro.<\/p>\n<p>&#8220;Considerando o assunto em tela, importa salientar que os riscos envolvidos nas restaura\u00e7\u00f5es de am\u00e1lgama dent\u00e1rio ao indiv\u00edduo s\u00e3o baixos, entretanto, sabe-se que pela evid\u00eancia cient\u00edfica atual, h\u00e1 limitada diferen\u00e7a de desempenho cl\u00ednico entre am\u00e1lgama e <a href=\"https:\/\/dentalpress.com.br\/portal\/imersao-em-resina-compostas\/\">resina<\/a> composta, e para restaura\u00e7\u00f5es de uma \u00fanica superf\u00edcie, entre am\u00e1lgama e os cimentos de ion\u00f4mero de vidro de alta viscosidade e os h\u00edbridos de vidro&#8221;, diz parte do parecer.<\/p>\n<p>Em janeiro, na C\u00e2mara dos Deputados, j\u00e1 se discutia, no PL (Projeto de Lei) n\u00ba 3.098\/2021, o prazo de tr\u00eas anos para a proibi\u00e7\u00e3o total do uso de am\u00e1lgamas de merc\u00fario em procedimentos odontol\u00f3gicos do pa\u00eds. O projeto, de autoria do deputado Carlos Henrique Gaguim (DEM-TO) tramita ainda no parlamento.<\/p>\n<p>Caso o projeto aprovado o projeto, ser\u00e1 imediatamente proibido o uso de am\u00e1lgamas de merc\u00fario em gestantes, lactantes ou mulheres em idade reprodutiva; em crian\u00e7as e adolescentes; em pessoas com doen\u00e7as neurol\u00f3gicas ou renais; e em pessoas com pr\u00e9via intoxica\u00e7\u00e3o por merc\u00fario. O parecer do MinS j\u00e1 faz recomenda\u00e7\u00e3o contr\u00e1ria ao uso nesse p\u00fablico.<\/p>\n<p>&#8220;Parabenizamos os professores e instituic\u0327o\u0303es participantes da escrita deste parecer, certamente um fruto do esforc\u0327o conjunto da comunidade odontolo\u0301gica e cienti\u0301fica de nosso pai\u0301s, em prol de um ensino e pra\u0301tica cada vez mais responsa\u0301veis e embasados cientificamente&#8221;, celebrou o GBPD nas redes sociais.<\/p>\n<p>Voc\u00ea pode ler o Parecer T\u00e9cnico do minist\u00e9rio da sa\u00fade <a href=\"https:\/\/egestorab.saude.gov.br\/image\/?file=20220916_N_ParecerAmalgama_5748663761191058646.pdf\">aqui<\/a>.<\/p>\n","protected":false},"excerpt":{"rendered":"<p>O Minist\u00e9rio da Sa\u00fade, por parecer t\u00e9cnico, orienta pela descontinuidade do uso de am\u00e1lgama de prata.\u00a0 O documento publicado ressalta considera o parecer de diversos profissionais da \u00e1rea de dent\u00edstica, inclusive, do GBPD (Grupo Brasileiro de Professores de Dent\u00edstica).\u00a0 O PT (Parecer T\u00e9cnico) n\u00ba 6\/2022 foi publicado em meados de setembro. &#8220;Considerando o assunto em<\/p>\n","protected":false},"author":26,"featured_media":18451,"comment_status":"open","ping_status":"open","sticky":false,"template":"","format":"standard","meta":{"footnotes":""},"categories":[],"tags":[],"class_list":["post-36103","post","type-post","status-publish","format-standard","has-post-thumbnail"],"aioseo_notices":[],"amp_enabled":true,"_links":{"self":[{"href":"https:\/\/dentalpress.com.br\/portal\/wp-json\/wp\/v2\/posts\/36103","targetHints":{"allow":["GET"]}}],"collection":[{"href":"https:\/\/dentalpress.com.br\/portal\/wp-json\/wp\/v2\/posts"}],"about":[{"href":"https:\/\/dentalpress.com.br\/portal\/wp-json\/wp\/v2\/types\/post"}],"author":[{"embeddable":true,"href":"https:\/\/dentalpress.com.br\/portal\/wp-json\/wp\/v2\/users\/26"}],"replies":[{"embeddable":true,"href":"https:\/\/dentalpress.com.br\/portal\/wp-json\/wp\/v2\/comments?post=36103"}],"version-history":[{"count":1,"href":"https:\/\/dentalpress.com.br\/portal\/wp-json\/wp\/v2\/posts\/36103\/revisions"}],"predecessor-version":[{"id":36104,"href":"https:\/\/dentalpress.com.br\/portal\/wp-json\/wp\/v2\/posts\/36103\/revisions\/36104"}],"wp:featuredmedia":[{"embeddable":true,"href":"https:\/\/dentalpress.com.br\/portal\/wp-json\/wp\/v2\/media\/18451"}],"wp:attachment":[{"href":"https:\/\/dentalpress.com.br\/portal\/wp-json\/wp\/v2\/media?parent=36103"}],"wp:term":[{"taxonomy":"category","embeddable":true,"href":"https:\/\/dentalpress.com.br\/portal\/wp-json\/wp\/v2\/categories?post=36103"},{"taxonomy":"post_tag","embeddable":true,"href":"https:\/\/dentalpress.com.br\/portal\/wp-json\/wp\/v2\/tags?post=36103"}],"curies":[{"name":"wp","href":"https:\/\/api.w.org\/{rel}","templated":true}]}}