{"id":36096,"date":"2022-09-29T16:01:27","date_gmt":"2022-09-29T19:01:27","guid":{"rendered":"https:\/\/www.dentalpress.com.br\/portal\/?p=36096"},"modified":"2022-09-29T16:01:27","modified_gmt":"2022-09-29T19:01:27","slug":"dia-mundial-do-coracao-incor-aponta-que-45-dos-problemas-cardiacos-podem-ter-origem-nos-dentes","status":"publish","type":"post","link":"https:\/\/dentalpress.com.br\/portal\/dia-mundial-do-coracao-incor-aponta-que-45-dos-problemas-cardiacos-podem-ter-origem-nos-dentes\/","title":{"rendered":"Dia mundial do cora\u00e7\u00e3o: Incor aponta que 45% dos problemas card\u00edacos podem ter origem nos dentes"},"content":{"rendered":"<p>Hoje, dia 29 de setembro, comemora-se o Dia Mundial do Cora\u00e7\u00e3o. A odontologia tem franca rela\u00e7\u00e3o com a sa\u00fade card\u00edaca das pessoas. Para se ter ideia, um estudo realizado em 2019 pelo Incor (Instituto do cora\u00e7\u00e3o) mostra que cerca de 45% das doen\u00e7as do cora\u00e7\u00e3o e 36% das mortes por problemas card\u00edacos t\u00eam origem dent\u00e1ria.<\/p>\n<p>A falta de tratamento odontol\u00f3gico adequado, segundo esse estudo, pode ter graves consequ\u00eancias \u00e0 sa\u00fade geral do paciente e, em mais de uma a cada tr\u00eas mortes, por problemas card\u00edacos, tem rela\u00e7\u00e3o direta com a falta de preven\u00e7\u00e3o e tratamentos nos <a href=\"https:\/\/dentalpress.com.br\/portal\/curso-de-aperfeicoamento-em-cirurgia-de-dentes-retidos\/\">dentes<\/a>.<\/p>\n<p>O cora\u00e7\u00e3o est\u00e1 ligado \u00e0 boca por corrente sangu\u00ednea e, por isso, quando h\u00e1 doen\u00e7a periodontal &#8211; ou mesmo c\u00e1ries que se instalam nos dentes, os organismos respons\u00e1veis por essas doen\u00e7as podem se espalhar rapidamente pelo corpo, causando, em alguns casos, patologias sist\u00eamicas que podem chegar ao cora\u00e7\u00e3o.<\/p>\n<p>&#8220;A aterosclerose \u00e9 a mais proeminente e \u00e9 a principal causa de doen\u00e7as cardiovasculares (DCV). H\u00e1 tamb\u00e9m a endocardite, uma infec\u00e7\u00e3o do revestimento interno do cora\u00e7\u00e3o, e os acidentes vasculares cerebrais (AVC). Os principais sintomas das doen\u00e7as periodontais s\u00e3o sangramento ao escovar e usar o fio dental, retra\u00e7\u00e3o, incha\u00e7o e vermelhid\u00e3o <a href=\"https:\/\/dentalpress.com.br\/portal\/imersao-em-correcao-de-sorriso-gengival\/\">gengival<\/a>. Quando algum desses sinais \u00e9 observado, \u00e9 muito importante consultar um Cirurgi\u00e3o-Dentista, fundamental para o diagn\u00f3stico e o tratamento adequados&#8221;, disse em nota o CFO (Conselho Federal de Odontologia) em seu site oficial.<\/p>\n<p>Para prevenir essas patologias e tratar as doen\u00e7as bucais que podem, eventualmente, ter consequ\u00eancias mais graves, recomenda-se a visita peri\u00f3dica ao cirurgi\u00e3o <a href=\"https:\/\/dentalpress.com.br\/portal\/reforma-tributaria-impacta-dentistas-e-pacientes-com-custos\/\">dentista<\/a>, al\u00e9m dos cuidados cotidianos para manter a sa\u00fade dos dentes e da boca de maneira geral.<\/p>\n","protected":false},"excerpt":{"rendered":"<p>Hoje, dia 29 de setembro, comemora-se o Dia Mundial do Cora\u00e7\u00e3o. A odontologia tem franca rela\u00e7\u00e3o com a sa\u00fade card\u00edaca das pessoas. Para se ter ideia, um estudo realizado em 2019 pelo Incor (Instituto do cora\u00e7\u00e3o) mostra que cerca de 45% das doen\u00e7as do cora\u00e7\u00e3o e 36% das mortes por problemas card\u00edacos t\u00eam origem dent\u00e1ria.<\/p>\n","protected":false},"author":26,"featured_media":36097,"comment_status":"open","ping_status":"open","sticky":false,"template":"","format":"standard","meta":{"footnotes":""},"categories":[],"tags":[],"class_list":["post-36096","post","type-post","status-publish","format-standard","has-post-thumbnail"],"aioseo_notices":[],"amp_enabled":true,"_links":{"self":[{"href":"https:\/\/dentalpress.com.br\/portal\/wp-json\/wp\/v2\/posts\/36096","targetHints":{"allow":["GET"]}}],"collection":[{"href":"https:\/\/dentalpress.com.br\/portal\/wp-json\/wp\/v2\/posts"}],"about":[{"href":"https:\/\/dentalpress.com.br\/portal\/wp-json\/wp\/v2\/types\/post"}],"author":[{"embeddable":true,"href":"https:\/\/dentalpress.com.br\/portal\/wp-json\/wp\/v2\/users\/26"}],"replies":[{"embeddable":true,"href":"https:\/\/dentalpress.com.br\/portal\/wp-json\/wp\/v2\/comments?post=36096"}],"version-history":[{"count":2,"href":"https:\/\/dentalpress.com.br\/portal\/wp-json\/wp\/v2\/posts\/36096\/revisions"}],"predecessor-version":[{"id":36099,"href":"https:\/\/dentalpress.com.br\/portal\/wp-json\/wp\/v2\/posts\/36096\/revisions\/36099"}],"wp:featuredmedia":[{"embeddable":true,"href":"https:\/\/dentalpress.com.br\/portal\/wp-json\/wp\/v2\/media\/36097"}],"wp:attachment":[{"href":"https:\/\/dentalpress.com.br\/portal\/wp-json\/wp\/v2\/media?parent=36096"}],"wp:term":[{"taxonomy":"category","embeddable":true,"href":"https:\/\/dentalpress.com.br\/portal\/wp-json\/wp\/v2\/categories?post=36096"},{"taxonomy":"post_tag","embeddable":true,"href":"https:\/\/dentalpress.com.br\/portal\/wp-json\/wp\/v2\/tags?post=36096"}],"curies":[{"name":"wp","href":"https:\/\/api.w.org\/{rel}","templated":true}]}}