{"id":36091,"date":"2022-09-28T13:24:46","date_gmt":"2022-09-28T16:24:46","guid":{"rendered":"https:\/\/www.dentalpress.com.br\/portal\/?p=36091"},"modified":"2022-09-28T16:21:29","modified_gmt":"2022-09-28T19:21:29","slug":"morre-dr-flavio-vellini-ferreira-ex-presidente-do-cro-sp-e-professor-da-usp","status":"publish","type":"post","link":"https:\/\/dentalpress.com.br\/portal\/morre-dr-flavio-vellini-ferreira-ex-presidente-do-cro-sp-e-professor-da-usp\/","title":{"rendered":"Morre Dr. Fl\u00e1vio Vellini Ferreira, ex-presidente do CRO-SP"},"content":{"rendered":"<p>O Prof. Dr. Flavio Vellini Ferreira faleceu na manh\u00e3 desta quarta-feira (28). A not\u00edcia foi confirmada por familiares e amigos do professor e ortodontista. &#8220;Mais do que uma <a href=\"https:\/\/dentalpress.com.br\/portal\/especializacao-em-implantodontia-transforme-sua-carreira-com-precisao-e-seguranca\/\">carreira<\/a> ilustre, Prof. Vellini deixou in\u00fameros amigos por onde passou, al\u00e9m de uma fam\u00edlia unida e amorosa. Foi um marido, pai e av\u00f4 carinhoso&#8221;, diz parte da nota de falecimento.<\/p>\n<p>Graduado em Odontologia, pela Faculdade de Farm\u00e1cia Odontologia da USP (Universidade de S\u00e3o Paulo), Vellini tra\u00e7ou carreira acad\u00eamica, concluindo doutorado na mesma institui\u00e7\u00e3o, onde mais tarde passou pelo concurso de livre docente e professor associado no Instituto de Ci\u00eancias Biom\u00e9dicas.<\/p>\n<p>Foi tamb\u00e9m professor titular de <a href=\"https:\/\/dentalpress.com.br\/portal\/excelencia-em-ortodontia-2\/\">Ortodontia<\/a> das Universidades de Santo Amaro e Unicid (Universidade Cidade de S\u00e3o Paulo). Nesta \u00faltima, ocupou, por 22 anos, o cargo de diretor do <a href=\"https:\/\/dentalpress.com.br\/portal\/como-inserir-lasers-de-baixa-e-alta-potencia-na-rotina-clinica\/\">curso<\/a> de odontologia. Foi coordenador do Programa de Mestrado em Odontologia do Instituto Vellini.<\/p>\n<p>Al\u00e9m da doc\u00eancia, professor Vellini se dedicou a representar sua classe. Foi presidente reeleito do CRO-SP (COnselho regional de Odontologia de S\u00e3o Paulo) entre 1976 e 1980. Foi membro fundador da SPO (Sociedade Paulista de Ortodontia) e tamb\u00e9m membro fundador da Academia Paulista de Odontologia, a qual, por ele, foi presidida.<\/p>\n<p>Sua mem\u00f3ria segue viva pelos in\u00fameros alunos que ajudou a formar, amigos, familiares e atrav\u00e9s de seus escritos. Ele foi o autor das obras: &#8220;Ortodontia &#8211; Diagn\u00f3stico e Planejamento Cl\u00ednico&#8221; (com edi\u00e7\u00f5es em portugu\u00eas e espanhol), &#8220;Anatomia Dental&#8221; e &#8220;Ortodontia Cl\u00ednica&#8221;.<\/p>\n<p>&#8220;Seu legado cient\u00edfico, imortalizado em livros did\u00e1ticos, ajudou a formar v\u00e1rias gera\u00e7\u00f5es de ortodontistas no Brasil e no Exterior&#8221;, complementa a nota, publicada no perfil de uma rede social\u00a0 sua filha, Andreia Cotrim Ferreira.<\/p>\n<p>O vel\u00f3rio acontece na cidade de S\u00e3o Paulo, at\u00e9 as 16h, no Funeral Home, sala Roma &#8211; Rua S\u00e3o Carlos do Pinhal, 376, no bairro Bela Vista, na capital paulista.<\/p>\n","protected":false},"excerpt":{"rendered":"<p>O Prof. Dr. Flavio Vellini Ferreira faleceu na manh\u00e3 desta quarta-feira (28). A not\u00edcia foi confirmada por familiares e amigos do professor e ortodontista. &#8220;Mais do que uma carreira ilustre, Prof. Vellini deixou in\u00fameros amigos por onde passou, al\u00e9m de uma fam\u00edlia unida e amorosa. Foi um marido, pai e av\u00f4 carinhoso&#8221;, diz parte da<\/p>\n","protected":false},"author":26,"featured_media":24285,"comment_status":"open","ping_status":"open","sticky":false,"template":"","format":"standard","meta":{"footnotes":""},"categories":[],"tags":[],"class_list":["post-36091","post","type-post","status-publish","format-standard","has-post-thumbnail"],"aioseo_notices":[],"amp_enabled":true,"_links":{"self":[{"href":"https:\/\/dentalpress.com.br\/portal\/wp-json\/wp\/v2\/posts\/36091","targetHints":{"allow":["GET"]}}],"collection":[{"href":"https:\/\/dentalpress.com.br\/portal\/wp-json\/wp\/v2\/posts"}],"about":[{"href":"https:\/\/dentalpress.com.br\/portal\/wp-json\/wp\/v2\/types\/post"}],"author":[{"embeddable":true,"href":"https:\/\/dentalpress.com.br\/portal\/wp-json\/wp\/v2\/users\/26"}],"replies":[{"embeddable":true,"href":"https:\/\/dentalpress.com.br\/portal\/wp-json\/wp\/v2\/comments?post=36091"}],"version-history":[{"count":2,"href":"https:\/\/dentalpress.com.br\/portal\/wp-json\/wp\/v2\/posts\/36091\/revisions"}],"predecessor-version":[{"id":36093,"href":"https:\/\/dentalpress.com.br\/portal\/wp-json\/wp\/v2\/posts\/36091\/revisions\/36093"}],"wp:featuredmedia":[{"embeddable":true,"href":"https:\/\/dentalpress.com.br\/portal\/wp-json\/wp\/v2\/media\/24285"}],"wp:attachment":[{"href":"https:\/\/dentalpress.com.br\/portal\/wp-json\/wp\/v2\/media?parent=36091"}],"wp:term":[{"taxonomy":"category","embeddable":true,"href":"https:\/\/dentalpress.com.br\/portal\/wp-json\/wp\/v2\/categories?post=36091"},{"taxonomy":"post_tag","embeddable":true,"href":"https:\/\/dentalpress.com.br\/portal\/wp-json\/wp\/v2\/tags?post=36091"}],"curies":[{"name":"wp","href":"https:\/\/api.w.org\/{rel}","templated":true}]}}