{"id":36086,"date":"2022-09-23T16:31:04","date_gmt":"2022-09-23T19:31:04","guid":{"rendered":"https:\/\/www.dentalpress.com.br\/portal\/?p=36086"},"modified":"2022-09-26T11:34:59","modified_gmt":"2022-09-26T14:34:59","slug":"novas-publicacoes-tracam-novas-relacoes-entre-doencas-na-gengiva-e-alzheimer","status":"publish","type":"post","link":"https:\/\/dentalpress.com.br\/portal\/novas-publicacoes-tracam-novas-relacoes-entre-doencas-na-gengiva-e-alzheimer\/","title":{"rendered":"Novas publica\u00e7\u00f5es tra\u00e7am novas rela\u00e7\u00f5es entre doen\u00e7as na gengiva e Alzheimer"},"content":{"rendered":"<p>Um grupo de estudos da faculdade de odontologia da Universidade de Lancashire, na Inglaterra, publicou dois novos estudos que demonstram liga\u00e7\u00f5es entre gengivite e a deteriora\u00e7\u00e3o da fun\u00e7\u00e3o\u00a0 cerebral, a partir do Alzheimer. As pesquisas foram publicados em dois peri\u00f3dicos importantes da \u00e1rea: o Journal of Alzheimer&#8217;s Disease e no Journal of Alzheimer&#8217;s Disease Reports.<\/p>\n<p>No \u00faltimo dia 21 de setembro, celebrou-se o Dia Mundial de Alzheimer. A data \u00e9 celebrada no mundo todo. Diversas pesquisas, de diferentes \u00e1reas, apontam progressos no tratamento da doen\u00e7a, bem como aspectos de protelar os sintomas, a partir de diagn\u00f3sticos.<\/p>\n<p>A primeira pesquisa mostra que as c\u00e9lulas nervosas do c\u00e9rebro t\u00eam um tipo de prote\u00edna que quando entra em contato com uma enzima da gengiva e liberada para o sistema nervoso. Uma vez em contato, essa prote\u00edna muda fisicamente, sob forma de bobinas e filamentos, acarretando na morte de c\u00e9lulas nervosas.<\/p>\n<p>Isso significa que uma vez que a c\u00e9lula nervosa morre e a prote\u00edna vaza, essa prote\u00edna pode se ligar com c\u00e9ulas nervosas vizinhas saud\u00e1veis e repetir todo o processo, levando a mais danos no c\u00e9rebro \u00e0 medida que a doen\u00e7a vai se espelhando pelo sistema nervoso.<\/p>\n<p><strong>Alzheimer<\/strong><br \/>\nA doen\u00e7a de Alzheimer causa a deteriora\u00e7\u00e3o progressiva da mem\u00f3ria, capacidades de racioc\u00ednio e capacidade de comunica\u00e7\u00e3o. A causa exata desta doen\u00e7a ainda n\u00e3o \u00e9 totalmente compreendida, o que significa que \u00e9 uma doen\u00e7a dif\u00edcil de prevenir e tratar.<\/p>\n<p>Estudos recentes apontam que a bact\u00e9ria <em>Porphyromonas<\/em> <em>gingivalis<\/em> que destr\u00f3i o tecido das gengivas e a enzima que ela produz, conhecida como <em>gingipains<\/em>, est\u00e3o especificamente ligadas \u00e0 doen\u00e7a de Alzheimer, depois de ambas terem sido descobertas no tecido cerebral de quem sofre da doen\u00e7a. Estes novos estudos v\u00e3o mais longe na explora\u00e7\u00e3o de como a doen\u00e7a das gengivas e as suas prote\u00ednas bacterianas podem potencialmente contribuir para a forma\u00e7\u00e3o de les\u00f5es no c\u00e9rebro.<\/p>\n","protected":false},"excerpt":{"rendered":"<p>Um grupo de estudos da faculdade de odontologia da Universidade de Lancashire, na Inglaterra, publicou dois novos estudos que demonstram liga\u00e7\u00f5es entre gengivite e a deteriora\u00e7\u00e3o da fun\u00e7\u00e3o\u00a0 cerebral, a partir do Alzheimer. As pesquisas foram publicados em dois peri\u00f3dicos importantes da \u00e1rea: o Journal of Alzheimer&#8217;s Disease e no Journal of Alzheimer&#8217;s Disease Reports.<\/p>\n","protected":false},"author":26,"featured_media":23613,"comment_status":"open","ping_status":"open","sticky":false,"template":"","format":"standard","meta":{"footnotes":""},"categories":[],"tags":[],"class_list":["post-36086","post","type-post","status-publish","format-standard","has-post-thumbnail"],"aioseo_notices":[],"amp_enabled":true,"_links":{"self":[{"href":"https:\/\/dentalpress.com.br\/portal\/wp-json\/wp\/v2\/posts\/36086","targetHints":{"allow":["GET"]}}],"collection":[{"href":"https:\/\/dentalpress.com.br\/portal\/wp-json\/wp\/v2\/posts"}],"about":[{"href":"https:\/\/dentalpress.com.br\/portal\/wp-json\/wp\/v2\/types\/post"}],"author":[{"embeddable":true,"href":"https:\/\/dentalpress.com.br\/portal\/wp-json\/wp\/v2\/users\/26"}],"replies":[{"embeddable":true,"href":"https:\/\/dentalpress.com.br\/portal\/wp-json\/wp\/v2\/comments?post=36086"}],"version-history":[{"count":2,"href":"https:\/\/dentalpress.com.br\/portal\/wp-json\/wp\/v2\/posts\/36086\/revisions"}],"predecessor-version":[{"id":36088,"href":"https:\/\/dentalpress.com.br\/portal\/wp-json\/wp\/v2\/posts\/36086\/revisions\/36088"}],"wp:featuredmedia":[{"embeddable":true,"href":"https:\/\/dentalpress.com.br\/portal\/wp-json\/wp\/v2\/media\/23613"}],"wp:attachment":[{"href":"https:\/\/dentalpress.com.br\/portal\/wp-json\/wp\/v2\/media?parent=36086"}],"wp:term":[{"taxonomy":"category","embeddable":true,"href":"https:\/\/dentalpress.com.br\/portal\/wp-json\/wp\/v2\/categories?post=36086"},{"taxonomy":"post_tag","embeddable":true,"href":"https:\/\/dentalpress.com.br\/portal\/wp-json\/wp\/v2\/tags?post=36086"}],"curies":[{"name":"wp","href":"https:\/\/api.w.org\/{rel}","templated":true}]}}