{"id":3547,"date":"2014-02-18T15:10:52","date_gmt":"2014-02-18T18:10:52","guid":{"rendered":"https:\/\/www.dentalpress.com.br\/portal\/?p=3547"},"modified":"2014-02-18T15:13:42","modified_gmt":"2014-02-18T18:13:42","slug":"estabilidade-cor-resinas-compostas-processo-manchamento-clareamento","status":"publish","type":"post","link":"https:\/\/dentalpress.com.br\/portal\/estabilidade-cor-resinas-compostas-processo-manchamento-clareamento\/","title":{"rendered":"Estabilidade de cor de resinas compostas no processo de manchamento e clareamento"},"content":{"rendered":"<p><b>Resumo<\/b><\/p>\n<p><b>Introdu\u00e7\u00e3o:<\/b> a procura pelo aprimoramento da est\u00e9tica dent\u00e1ria tem impulsionado o <a href=\"https:\/\/dentalpress.com.br\/portal\/curso-de-aperfeicoamento-em-cirurgia-de-dentes-retidos\/\">aperfei\u00e7oamento<\/a> de materiais restauradores. <b>Objetivo: <\/b>abordar, por meio de uma pesquisa liter\u00e1ria e laboratorial, a estabilidade de cor de resinas compostas micro-h\u00edbridas e nanoparticuladas, no processo de pigmenta\u00e7\u00e3o e branqueamento. <b>M\u00e9todos:<\/b> foram confeccionados 80 esp\u00e9cimes, seguindo as dimens\u00f5es 25\u00a0x\u00a02\u00a0x\u00a02mm (ISO 4049), de resinas compostas Opallis (FGM) e Filtek Z350XT (3M ESPE). A amostra foi dividida em quatro grupos, de mesma quantidade (n\u00a0=\u00a020). Com a espectrofotometria e o sistema CIELAB foi avaliada a estabilidade de cor durante o processo de pigmenta\u00e7\u00e3o com caf\u00e9, al\u00e9m da capacidade do agente clareador Whiteness HP Maxx (FGM). <b>Resultados:<\/b> ambas as resinas sofreram altera\u00e7\u00f5es com caf\u00e9, sendo que a de nanotecnologia obteve menores percentuais. O gel clareador foi capaz de reduzir a pigmenta\u00e7\u00e3o obtida. Ap\u00f3s duas semanas de pigmenta\u00e7\u00e3o e posterior procedimento clareador, a <a href=\"https:\/\/dentalpress.com.br\/portal\/imersao-em-resina-compostas\/\">resina<\/a> Opallis apresentou menor retorno de cor (\u0394E\u00a0=\u00a07,8) quando comparada com a Filtek Z350 XT (\u0394E\u00a0=\u00a05,8). <b>Conclus\u00f5es:<\/b> a resina composta Filtek Z350 XT apresentou menor altera\u00e7\u00e3o de cor em fun\u00e7\u00e3o do tempo. A subst\u00e2ncia clareadora foi capaz de reduzir os n\u00edveis de altera\u00e7\u00e3o crom\u00e1tica.<\/p>\n<p><b>Palavras-chave:<\/b> Espectrofotometria. Pigmenta\u00e7\u00e3o.\u00a0Resinas compostas. Clareamento dent\u00e1rio.<\/p>\n<p>&nbsp;<\/p>\n<p><b>Abstract<\/b><\/p>\n<p><b>Introduction:<\/b> The search for the improvement of dental esthetics has driven to the development of restorative materials. <b>Objective: <\/b>The aim of this study was to evaluate the color stability of nanoparticulate and microhybrid composite resins in the process of pigmentation and whitening, through a literature and laboratory search. <b>Methods:<\/b> Eighty specimens were made following the dimensions 25\u00a0x\u00a02\u00a0x\u00a02mm (ISO 4049) from the composite resins Opallis (FGM) and Filtek Z350XT (3M ESPE). The sample was divided into four groups of equal size (n = 20). The\u00a0spectrophotometry and CIELAB system was used to evaluate the color stability during pigmentation process with coffee and also the ability of the bleaching agent Whiteness HP Maxx (FGM). <b>Results:<\/b> Both resins were modified with coffee, and the nanotechnology had lower percentages. The bleaching gel was capable of reducing the pigmentation obtained. After two weeks of pigmentation and subsequent bleaching procedure, Opallis resin had lower color return (\u0394E\u00a0=\u00a07.8) when compared with Filtek Z350 XT (\u0394E\u00a0=\u00a05.8). <b>Conclusions:<\/b> The composite resin Filtek Z350 XT showed lower color change with time. The bleaching substance was able to reduce levels of color change.<\/p>\n<p><b>Keywords:<\/b> Spectrophotometry. Pigmentation. Composite Resins. Tooth bleaching.<\/p>\n<p><i>\u00a0<\/i><\/p>\n<p><i>\u00a0<\/i><\/p>\n<p><b><i>\u00a0<\/i><\/b><\/p>\n<p><strong>Introdu\u00e7\u00e3o<\/strong><\/p>\n<p>A est\u00e9tica \u00e9 um ramo da Odontologia de elevado crescimento. Dessa maneira, \u00e9 incessante a procura por materiais restauradores que visem restaura\u00e7\u00f5es menos percept\u00edveis poss\u00edveis, dando ao paciente est\u00e9tica aliada a um material restaurador de qualidade.<\/p>\n<p>Com a dif\u00edcil miss\u00e3o de trazer uma alternativa est\u00e9tica conservadora e dur\u00e1vel, as resinas compostas ocupam um lugar de destaque entre os materiais odontol\u00f3gicos, sendo capazes de devolver a anatomia, fun\u00e7\u00e3o e est\u00e9tica dent\u00e1ria.<\/p>\n<p>A estabilidade de cor \u00e9 um atributo cada vez mais necess\u00e1rio \u00e0s restaura\u00e7\u00f5es, tornando-se um problema adicional<sup>1<\/sup>. A descolora\u00e7\u00e3o pode ser motivada por fatores intr\u00ednsecos ou extr\u00ednsecos, sendo esse segundo ocasionado por agentes pigmentantes, presentes na dieta e em h\u00e1bitos<sup>2<\/sup>.<\/p>\n<p>Os brasileiros consomem cerca de 171mg de cafe\u00edna por dia, sendo a solu\u00e7\u00e3o de caf\u00e9 a principal fonte na dieta<sup>3<\/sup>. O tempo m\u00e9dio para o consumo de uma x\u00edcara de caf\u00e9 \u00e9 de at\u00e9 quinze minutos, e entre os consumidores a ingest\u00e3o m\u00e9dia \u00e9 de 3,2 x\u00edcaras di\u00e1rias. Portanto, o tempo de armazenagem de 24 horas simula cerca de um m\u00eas de consumo m\u00e9dio, j\u00e1 o contato com o caf\u00e9 durante quinze dias equivale a 15 meses de consumo<sup>4<\/sup>.<\/p>\n<p>A estabilidade de cor de um comp\u00f3sito \u00e9 afetada por uma variedade de fatores, tais como a matriz resinosa, concentra\u00e7\u00e3o de iniciador, oxida\u00e7\u00e3o de mon\u00f4meros que n\u00e3o reagiram, carga de enchimento e contato com pigmentos<sup>5,6<\/sup>.<\/p>\n<p>Os materiais micro-h\u00edbridos perdem seu elevado grau de polimento sobre o tempo, desenvolvendo uma superf\u00edcie mais \u00e1spera e, consequentemente, reduzindo sua est\u00e9tica; no entanto, oferecem elevadas propriedades f\u00edsicas<sup>7<\/sup>. O Opallis (FGM, Joinville\/SC) \u00e9 um material resinoso, composto, segundo\u00a0o fabricante, por mon\u00f4meros de Bis-GMA, Bis-EMA, TEGDMA e UDMA, part\u00edculas de b\u00e1rio-alum\u00edno e di\u00f3xido de sil\u00edcio com 0,5\u00b5m e carga em volume m\u00e9dio de 58%.<\/p>\n<p>Desde a d\u00e9cada de 1950, os comp\u00f3sitos resinosos v\u00eam sofrendo elevada evolu\u00e7\u00e3o, principalmente em rela\u00e7\u00e3o ao tamanho e distribui\u00e7\u00e3o das part\u00edculas de carga<sup>8<\/sup>.<\/p>\n<p>A resina nanoparticulada Filtek Z350 XT (3M ESPE, Sumar\u00e9\/SP) \u00e9 composta, segundo o fabricante, por mon\u00f4meros de Bis-GMA, UDMA, TEGDMA e Bis-EMA, com part\u00edculas de carga de 4-20nm de s\u00edlica e zirc\u00f4nia n\u00e3o aglomeradas\/n\u00e3o agregadas e aglomerados de s\u00edlica e zirc\u00f4nia, tendo uma carga em volume m\u00e9dio de 63,3%. Part\u00edculas nanom\u00e9tricas encontram-se dispersas no material, enquanto os nanoaglomerados s\u00e3o constitu\u00eddos de v\u00e1rias part\u00edculas nanom\u00e9tricas quimicamente unidas por liga\u00e7\u00f5es fracas. O tamanho das part\u00edculas altera a natureza das intera\u00e7\u00f5es entre as mol\u00e9culas do material, modificando as propriedades desses produtos nanotecnol\u00f3gicos no meio ambiente e na sa\u00fade humana<sup>9<\/sup>.<\/p>\n<p>A percep\u00e7\u00e3o humana de cores \u00e9 complexa e subjetiva, assim a avalia\u00e7\u00e3o de cor por inspe\u00e7\u00f5es visuais n\u00e3o \u00e9 confi\u00e1vel<sup>10<\/sup>. O padr\u00e3o International Commission on Illumination (CIELAB) faz uso de tr\u00eas dimens\u00f5es da esfera de cor: amarelo (+b*), vermelho (+a*) e luminosidade (L*). O color\u00edmetro emite raios de luz e analisa aqueles refletidos. A partir dos dados encontra-se o \u0394E, que representa a diferen\u00e7a de cor do mesmo objeto em rela\u00e7\u00e3o a determinado tempo, por meio da f\u00f3rmula:<\/p>\n<p>\u0394E= [(L<sub>final<\/sub> &#8211; L<sub>inicial<\/sub>)\u00b2+ (a<sub>final<\/sub> &#8211; a<sub>inicial<\/sub>)\u00b2 + (b<sub>final<\/sub> &#8211; b<sub>inicial<\/sub>)\u00b2]<sup>1\/2<\/sup><\/p>\n<p>No processo clareador, devido ao baixo peso molecular, o produto migra pelos prismas de esmalte e se decomp\u00f5em em radicais de oxig\u00eanio livre, esses capazes de reagir com mol\u00e9culas de pigmentos org\u00e2nicos, minimizando a pigmenta\u00e7\u00e3o<sup>11<\/sup>.<\/p>\n<p>Nos \u00faltimos anos verifica-se elevado crescimento no mercado de clareamento dent\u00e1rio. Assim, as propriedades de materiais restauradores s\u00e3o relevantes durante o processo clareador, podendo suportar e at\u00e9 responder ao procedimento.<\/p>\n<p>O processo de altera\u00e7\u00e3o de cor ocorre, principalmente, em dentes anteriores e, em resinas compostas indicadas para a substitui\u00e7\u00e3o do esmalte dent\u00e1rio, pelo frequente contato com o agente pigmentante. Diante\u00a0disso, na procura por resultados mais precisos e atuais, o presente trabalho analisa a altera\u00e7\u00e3o de cor de comp\u00f3sitos odontol\u00f3gicos indicados para a est\u00e9tica frente ao caf\u00e9 e ao processo clareador.<\/p>\n<p>&nbsp;<\/p>\n<p style=\"text-align: center;\"><a href=\"https:\/\/dentalpress.com.br\/portal\/wp-content\/uploads\/2014\/01\/estetica_v10_n03_54fig01.jpg\"><img fetchpriority=\"high\" decoding=\"async\" class=\"size-full wp-image-3549 aligncenter\" alt=\"estetica_v10_n03_54fig01\" src=\"https:\/\/dentalpress.com.br\/portal\/wp-content\/uploads\/2014\/01\/estetica_v10_n03_54fig01.jpg\" width=\"300\" height=\"181\" \/><\/a><\/p>\n<p>&nbsp;<\/p>\n<p>&nbsp;<\/p>\n<p><strong>Material e M\u00e9todos<\/strong><\/p>\n<p>Os experimentos do presente trabalho <i>in vitro<\/i> foram realizados na Faculdade de Odontologia Professor Albino Coimbra Filho (FAODO), Universidade Federal de Mato Grosso do Sul, sendo confeccionados 80 corpos de prova com dimens\u00f5es de 25\u00a0x\u00a02\u00a0x\u00a02mm, para comprimento, largura e espessura, respectivamente, conforme o m\u00e9todo ISO 4049. Em mesma quantidade (n\u00a0=\u00a020), formaram-se quatro grupos, de acordo com o material restaurador utilizado: nos grupos I e II, esp\u00e9cimes de resina composta Opallis, e, nos grupos III e IV, esp\u00e9cimes de resina composta Filtek Z350 XT. As\u00a0caracter\u00edsticas e especifica\u00e7\u00f5es dos materiais fotopolimeriz\u00e1veis utilizados encontram-se nas Tabelas\u00a01 e\u00a02.<\/p>\n<p>&nbsp;<\/p>\n<p style=\"text-align: center;\"><a href=\"https:\/\/dentalpress.com.br\/portal\/wp-content\/uploads\/2014\/01\/estetica_v10_n03_54tab01.jpg\"><img decoding=\"async\" class=\"size-full wp-image-3550 aligncenter\" alt=\"estetica_v10_n03_54tab01\" src=\"https:\/\/dentalpress.com.br\/portal\/wp-content\/uploads\/2014\/01\/estetica_v10_n03_54tab01.jpg\" width=\"800\" height=\"113\" srcset=\"\/wp-content\/uploads\/2014\/01\/estetica_v10_n03_54tab01.jpg 800w, \/wp-content\/uploads\/2014\/01\/estetica_v10_n03_54tab01-300x42.jpg 300w\" sizes=\"(max-width: 800px) 100vw, 800px\" \/><\/a><\/p>\n<p>&nbsp;<\/p>\n<p style=\"text-align: center;\"><a href=\"https:\/\/dentalpress.com.br\/portal\/wp-content\/uploads\/2014\/01\/estetica_v10_n03_54tab02.jpg\"><img decoding=\"async\" class=\"size-full wp-image-3551 aligncenter\" alt=\"estetica_v10_n03_54tab02\" src=\"https:\/\/dentalpress.com.br\/portal\/wp-content\/uploads\/2014\/01\/estetica_v10_n03_54tab02.jpg\" width=\"800\" height=\"164\" srcset=\"\/wp-content\/uploads\/2014\/01\/estetica_v10_n03_54tab02.jpg 800w, \/wp-content\/uploads\/2014\/01\/estetica_v10_n03_54tab02-300x61.jpg 300w\" sizes=\"(max-width: 800px) 100vw, 800px\" \/><\/a><\/p>\n<p style=\"text-align: center;\"><a href=\"https:\/\/dentalpress.com.br\/portal\/wp-content\/uploads\/2014\/01\/estetica_v10_n03_54fig02_3.jpg\"><img loading=\"lazy\" decoding=\"async\" class=\" wp-image-3552 aligncenter\" alt=\"estetica_v10_n03_54fig02_3\" src=\"https:\/\/dentalpress.com.br\/portal\/wp-content\/uploads\/2014\/01\/estetica_v10_n03_54fig02_3.jpg\" width=\"800\" height=\"901\" srcset=\"\/wp-content\/uploads\/2014\/01\/estetica_v10_n03_54fig02_3.jpg 2467w, \/wp-content\/uploads\/2014\/01\/estetica_v10_n03_54fig02_3-266x300.jpg 266w, \/wp-content\/uploads\/2014\/01\/estetica_v10_n03_54fig02_3-908x1024.jpg 908w\" sizes=\"(max-width: 800px) 100vw, 800px\" \/><\/a><\/p>\n<p>Para confec\u00e7\u00e3o dos corpos de prova, de cor A2, uma placa de vidro de 5mm de espessura foi posicionada sob fundo negro e, acima dessa, colocada a matriz de poliacetato de 01mm de espessura. O preenchimento foi feito em \u00fanico incremento de material restaurador, por meio de esp\u00e1tula de <i>teflon<\/i>. Sob essa, foi colocada uma tira de poli\u00e9ster e outra l\u00e2mina de vidro de 0,5mm de espessura, pressionada digitalmente para obten\u00e7\u00e3o do escoamento uniforme do material. Essa l\u00e2mina foi removida, posicionou-se um anel de acr\u00edlico de 10mm de altura e 27mm de di\u00e2metro, padronizador da dist\u00e2ncia entre a ponteira do fotopolimerizador e o corpo de prova, conforme a Figura\u00a01.<\/p>\n<p>A fotoatiava\u00e7\u00e3o foi dada pelo fotopolimerizador Radii (SDI), com pot\u00eancia de 700mW\/cm<sup>2<\/sup>, aferido previamente por radi\u00f4metro. A fotopolimeriza\u00e7\u00e3o foi realizada em tr\u00eas etapas, sendo cada segmento por 20 segundos, conforme recomenda\u00e7\u00e3o dos fabricantes, totalizando 60 segundos em cada esp\u00e9cime, conforme Figura\u00a02.<\/p>\n<p>Ap\u00f3s a confec\u00e7\u00e3o, todos tiveram suas dimens\u00f5es verificadas por meio de espess\u00edmetro (Temper) e paqu\u00edmetro (Mauser). Realizou-se a fixa\u00e7\u00e3o da extremidade de cada corpo de prova ao fio de <i>nylon<\/i> de 0,6mm (Araty), com acr\u00e9scimo de pequena por\u00e7\u00e3o do mesmo material restaurador, sendo fotopolimerizados por 20 segundos. Assim, os esp\u00e9cimes ficaram imersos na solu\u00e7\u00e3o de imers\u00e3o, sem contato com o fundo do frasco, como ilustra a Figura\u00a03.<\/p>\n<p>Colocados sob material esponjoso \u00famido, com troca di\u00e1ria de saliva artificial, os esp\u00e9cimes estiveram abrigados a 37\u2009\u00b1\u20091\u00baC, em estufa (Fanem), durante 15 dias, visando a representa\u00e7\u00e3o de tempo cl\u00ednico e condi\u00e7\u00f5es para ocorr\u00eancia da expans\u00e3o higrosc\u00f3pica do material resinoso.<\/p>\n<p>O polimento foi realizado com disco de feltro Diamond (FGM) e com pasta polidora diamantada Diamond Excel (FGM), sem refrigera\u00e7\u00e3o, em \u00fanica dire\u00e7\u00e3o, com movimentos intermitentes, em baixa velocidade e durante 30 segundos, sendo um disco para cada corpo de resina.<\/p>\n<p>Ap\u00f3s o polimento, todos foram imersos em saliva artificial (Pharmac\u00eautica, Campo Grande\/MS) durante uma hora, a 37\u2009\u00b1\u20091\u00baC, ao abrigo de luz, para que reidratassem. Ap\u00f3s esse tempo, foi realizada a leitura inicial com o color\u00edmetro Shade-Eye NCC (Shofu), previamente calibrado e contra fundo branco, observando os valores por meio do sistema de notifica\u00e7\u00e3o de cor CIELAB, conforme normas do fabricante.<\/p>\n<p>Os grupos II e IV foram imersos em saliva artificial a 37\u2009\u00b1\u20091\u00baC, trocada diariamente. Novas leituras procederam em uma hora, 24 horas, uma semana e duas semanas.<\/p>\n<p>J\u00e1 os grupos I e III foram imersos em solu\u00e7\u00e3o de caf\u00e9 (Caf\u00e9 Brasileiro Tradicional, Ara\u00e7ariguama\/SP, lote 38B12B, 80g de p\u00f3 para um litro de \u00e1gua filtrada a 70\u2009\u00b1\u00a05\u00baC), trocada diariamente e mantida a 37\u2009\u00b1\u20091\u00baC, ao abrigo da luz. Leituras ocorreram em uma hora, 24 horas, uma semana e duas semanas, sendo os esp\u00e9cimes levados \u00e0 \u00e1gua corrente antes das leituras.<\/p>\n<p>Foi realizado o processo clareador, com Whiteness HP Maxx (FGM, Joinville\/SC, lote 310811), sendo utilizado na propor\u00e7\u00e3o de tr\u00eas gotas de per\u00f3xido de hidrog\u00eanio a 35% para uma gota de espessante. Com o aux\u00edlio de uma esp\u00e1tula, foi coberta toda a superf\u00edcie de cada esp\u00e9ssime com cerca de 1mm de gel clareador, conforme o protocolo de uso e aux\u00edlio de fotopolimerizador durante 20 segundos. Por meio do color\u00edmetro, fez-se a leitura de cor ap\u00f3s o procedimento. Todos os dados foram levados \u00e0 an\u00e1lise estat\u00edstica.<\/p>\n<p>&nbsp;<\/p>\n<p>&nbsp;<\/p>\n<p><strong>Resultados<\/strong><\/p>\n<p>A an\u00e1lise estat\u00edstica de vari\u00e2ncia para dois fatores (Two-way ANOVA) e o teste <i>t<\/i> de Student revelaram que o caf\u00e9 foi capaz de alterar as colora\u00e7\u00f5es das resinas testadas no experimento. Ambos os materiais resinosos apresentaram varia\u00e7\u00f5es crom\u00e1ticas ap\u00f3s uma hora de imers\u00e3o no caf\u00e9, \u0394E Opallis &gt; \u0394E Filtek Z350 XT. Ap\u00f3s duas semanas, a Opallis obteve maior diferen\u00e7a total de cor, \u0394E\u00a0=\u00a019,6 quando comparada \u00e0 Filtek Z350 XT com \u0394E\u00a0=\u00a018,7, conforme a Tabela\u00a03.<\/p>\n<p>Com rela\u00e7\u00e3o ao processo pigmentante referente \u00e0 luminosidade (L*), observa-se que a pigmenta\u00e7\u00e3o foi progressiva, tendendo \u00e0 menor luminosidade (L*). Passadas duas semanas, a Opallis apresenta maior altera\u00e7\u00e3o, com \u0394L\u00a0=\u00a010,1\u00a0\u00b1\u00a05,4) quando comparada \u00e0 Filtek Z350 XT, com \u0394L\u00a0=\u00a013,6\u00a0\u00b1\u00a02,3), representando um \u0394L Opallis\u00a0&lt;\u00a0\u0394L Filtek Z350 XT, com tend\u00eancia \u00e0 cor preta, de acordo com o Gr\u00e1fico\u00a01.<\/p>\n<p>J\u00e1 a an\u00e1lise da tend\u00eancia ao amarelo, coordenada b*, revela que ambas as resinas sofrem a\u00e7\u00e3o do caf\u00e9, sendo que, ap\u00f3s quinze dias em contato com a bebida, a Opallis demonstrou valores mais elevados (\u0394b\u00a0=\u00a015,2\u00a0\u00b1\u00a04,2) quando comparada com a Filtek Z350 XT, com \u0394b\u00a0=\u00a011,7\u00a0\u00b1\u00a03,5, sendo poss\u00edvel verificar \u0394b Opallis &gt; \u0394b Filtek Z350 XT por meio da an\u00e1lise do Gr\u00e1fico 2.<\/p>\n<p>Conforme o Gr\u00e1fico 3, ap\u00f3s o procedimento clareador, nenhum material testado retornou aos exatos valores iniciais. A resina Filtek Z350 XT obteve maior redu\u00e7\u00e3o de seus \u00edndices, com \u0394E\u00a0=\u00a05,8\u00a0\u00b1\u00a02,1, comparado \u00e0 Opallis, com \u0394E\u00a0=\u00a07,8\u00a0\u00b1\u00a04,7). Dos grupos que n\u00e3o foram expostos \u00e0 a\u00e7\u00e3o do caf\u00e9, houve varia\u00e7\u00e3o crom\u00e1tica (\u0394E\u00a0=\u00a03,75\u00a0\u00b1\u00a01,79) na Opallis, e de \u0394E\u00a0=\u00a02,56\u00a0\u00b1\u00a01,57 na Filtek Z350 XT.<\/p>\n<p>&nbsp;<\/p>\n<p style=\"text-align: center;\"><a href=\"https:\/\/dentalpress.com.br\/portal\/wp-content\/uploads\/2014\/01\/estetica_v10_n03_54tab03.jpg\"><img loading=\"lazy\" decoding=\"async\" class=\"size-full wp-image-3555 aligncenter\" alt=\"estetica_v10_n03_54tab03\" src=\"https:\/\/dentalpress.com.br\/portal\/wp-content\/uploads\/2014\/01\/estetica_v10_n03_54tab03.jpg\" width=\"800\" height=\"182\" srcset=\"\/wp-content\/uploads\/2014\/01\/estetica_v10_n03_54tab03.jpg 800w, \/wp-content\/uploads\/2014\/01\/estetica_v10_n03_54tab03-300x68.jpg 300w\" sizes=\"(max-width: 800px) 100vw, 800px\" \/><\/a><\/p>\n<p style=\"text-align: center;\"><a href=\"https:\/\/dentalpress.com.br\/portal\/wp-content\/uploads\/2014\/01\/estetica_v10_n03_54grf01_2.jpg\"><img loading=\"lazy\" decoding=\"async\" class=\"size-full wp-image-3553 aligncenter\" alt=\"estetica_v10_n03_54grf01_2\" src=\"https:\/\/dentalpress.com.br\/portal\/wp-content\/uploads\/2014\/01\/estetica_v10_n03_54grf01_2.jpg\" width=\"800\" height=\"300\" srcset=\"\/wp-content\/uploads\/2014\/01\/estetica_v10_n03_54grf01_2.jpg 800w, \/wp-content\/uploads\/2014\/01\/estetica_v10_n03_54grf01_2-300x112.jpg 300w\" sizes=\"(max-width: 800px) 100vw, 800px\" \/><\/a><\/p>\n<p style=\"text-align: center;\"><a href=\"https:\/\/dentalpress.com.br\/portal\/wp-content\/uploads\/2014\/01\/estetica_v10_n03_54grf03.jpg\"><img loading=\"lazy\" decoding=\"async\" class=\"alignnone size-full wp-image-3554\" alt=\"estetica_v10_n03_54grf03\" src=\"https:\/\/dentalpress.com.br\/portal\/wp-content\/uploads\/2014\/01\/estetica_v10_n03_54grf03.jpg\" width=\"400\" height=\"302\" srcset=\"\/wp-content\/uploads\/2014\/01\/estetica_v10_n03_54grf03.jpg 400w, \/wp-content\/uploads\/2014\/01\/estetica_v10_n03_54grf03-300x226.jpg 300w\" sizes=\"(max-width: 400px) 100vw, 400px\" \/><\/a><\/p>\n<p>&nbsp;<\/p>\n<p><strong>Discuss\u00e3o<\/strong><\/p>\n<p>Apesar de ser um material de primeira escolha quando se refere \u00e0 <a href=\"https:\/\/dentalpress.com.br\/portal\/especializacao-em-harmonizacao-orofacial\/\">harmonia<\/a> est\u00e9tica, os atuais comp\u00f3sitos possuem limita\u00e7\u00f5es quanto \u00e0 pigmenta\u00e7\u00e3o superficial, impedindo-o de ser denominado material ideal<sup>12<\/sup>.<\/p>\n<p>O presente trabalho testou dois tipos de resinas compostas de f\u00e1cil acesso: a micro-h\u00edbrida e a nanoparticulada, objetivando identificar poss\u00edveis diferen\u00e7as na estabilidade de cor frente \u00e0 a\u00e7\u00e3o do caf\u00e9 e ao processo clareador. Ambos os materiais demonstraram distor\u00e7\u00f5es crom\u00e1ticas perante o pigmento, estando de acordo com estudos anteriores<sup>5,13<\/sup>.<\/p>\n<p>O fato dos grupos que continham caf\u00e9 apresentarem alterados valores de pigmenta\u00e7\u00e3o \u00e9 justificado devido \u00e0 alta temperatura da solu\u00e7\u00e3o, 70\u2009\u00b1\u20095\u00baC, acelerando o processo de manchamento. Assim, por haver compatibilidade das matrizes resinosas dos comp\u00f3sitos com os corantes amarelos do caf\u00e9, pelo baixo grau de polaridade da bebida, os corantes s\u00e3o absorvidos e associados \u00e0 matriz polim\u00e9rica do material, ao contr\u00e1rio do que ocorre em solu\u00e7\u00f5es mais polares, como \u00e1gua destilada e saliva artificial, onde ocorre o processo de adsor\u00e7\u00e3o<sup>5<\/sup>.<\/p>\n<p>Na presente pesquisa, as vari\u00e1veis tenderam ao amarelo (b*) e com processo de escurecimento (L*), assim como j\u00e1 relatado em estudo anterior<sup>14<\/sup>.<\/p>\n<p>Diferentes resinas, bem como o tempo de exposi\u00e7\u00e3o ou agente pigmentante, apresentam altera\u00e7\u00f5es de cor em diferentes graus<sup>12<\/sup>. Durante a pigmenta\u00e7\u00e3o, na primeira hora j\u00e1 havia significativa distor\u00e7\u00e3o crom\u00e1tica, sendo nas seguintes leituras uma redu\u00e7\u00e3o mais branda e cont\u00ednua. A mudan\u00e7a de cor averiguada no estudo estava similar \u00e0 de estudos anteriores<sup>2,15,16<\/sup>, por\u00e9m, esses trabalhos apresentaram material e m\u00e9todos diferentes dos do presente estudo.<\/p>\n<p>Mudan\u00e7as de cor podem estar relacionadas com a estrutura da matriz org\u00e2nica do material. Aqueles que possuem TEGDMA,\u00a0mon\u00f4mero de alta flexibilidade e diluente, apresentam n\u00edveis elevados de descolora\u00e7\u00e3o, devido ao seu car\u00e1ter hidrof\u00edlico<sup>9<\/sup>. Em contrapartida, o Bis-EMA, mon\u00f4mero hidrof\u00f3bico, tamb\u00e9m pode apresentar descolora\u00e7\u00e3o evidente em contato com solu\u00e7\u00f5es<sup>17<\/sup>. Ambos os materiais utilizados na presente pesquisa possuem TEGDMA e Bis-EMA em suas composi\u00e7\u00f5es, dessa forma, acredita-se no envolvimento desses mon\u00f4meros com o potencial de descolora\u00e7\u00e3o em contato com agentes pigmentantes.<\/p>\n<p>Os comp\u00f3sitos micro-h\u00edbridos, surgidos na d\u00e9cada de 90 e amplamente empregados at\u00e9 os dias atuais, possuem capacidade de resist\u00eancia, polimento e est\u00e9tica<sup>18<\/sup>. Contrariando os resultados do presente estudo, verificou-se que o comp\u00f3sito micro-h\u00edbrido Opallis \u00e9 mais vulner\u00e1vel \u00e0 a\u00e7\u00e3o do caf\u00e9 quando comparado ao comp\u00f3sito nanoparticulado Filtek Z350 XT.<\/p>\n<p>De modo geral, quanto maior a porcentagem de carga em volume e menor a part\u00edcula, melhores s\u00e3o as propriedades mec\u00e2nicas, lisura superficial e resist\u00eancia \u00e0 altera\u00e7\u00e3o crom\u00e1tica. As cargas s\u00e3o capazes de elevar a for\u00e7a e o m\u00f3dulo de elasticidade, reduzir a contra\u00e7\u00e3o de polimeriza\u00e7\u00e3o, o coeficiente de expans\u00e3o t\u00e9rmica e a absor\u00e7\u00e3o de \u00e1gua<sup>9,19<\/sup>, justificando a menor descolora\u00e7\u00e3o do nanocomp\u00f3sito encontrado no presente estudo. Esses nanorestauradores, al\u00e9m de apresentarem menor dist\u00e2ncia interpart\u00edculas, abrigando maior quantidade de matriz resinosa, tamb\u00e9m s\u00e3o capazes de permitir melhor colora\u00e7\u00e3o e radiopacidade<sup>20<\/sup>. Verificou-se, como a poss\u00edvel justificativa para os resultados desse trabalho, o fato do material resinoso de menor altera\u00e7\u00e3o crom\u00e1tica apresentar part\u00edculas menores e maior quantidade de carga em volume.<\/p>\n<p>A atual distribui\u00e7\u00e3o de tons dos guias de cores dent\u00e1rias \u00e9 dependente da individualidade do observador<sup>21<\/sup>. Color\u00edmetros s\u00e3o capazes de receber a reflex\u00e3o e absor\u00e7\u00e3o da luz, analisar, quantitativamente remeter e registrar valores, que s\u00e3o convertidos para o sistema CIELAB<sup>22<\/sup>. Valores de \u0394E\u00a0\u2264\u00a03,7 s\u00e3o considerados visualmente impercept\u00edveis a olho humano, bem como clinicamente aceit\u00e1veis<sup>23<\/sup>. Nesse estudo <i>in vitro<\/i>, ap\u00f3s o procedimento clareador, verificou-se a redu\u00e7\u00e3o dos \u00edndices de pigmenta\u00e7\u00e3o, \u0394E\u00a0=\u00a07,8 na Opallis e \u0394E\u00a0=\u00a05,8 na Filtek Z350 XT.<\/p>\n<p>Essa redu\u00e7\u00e3o dos n\u00edveis comprovou que o procedimento clareador \u00e9 capaz de reduzir a pigmenta\u00e7\u00e3o ex\u00f3gena, assim como j\u00e1 mostraram pesquisadores anteriores<sup>24,26<\/sup>, em desacordo com outros estudos<sup>27<\/sup>.<\/p>\n<p>Os resultados desse trabalho comprovam que a resina composta pode apresentar aceit\u00e1vel resposta ao clareamento, como j\u00e1 verificaram pesquisas anteriores<sup>28<\/sup>. Comprovando, tamb\u00e9m, que esse procedimento n\u00e3o \u00e9 respons\u00e1vel por altera\u00e7\u00f5es na opacidade do material resinoso<sup>26,29<\/sup>.<\/p>\n<p>N\u00e3o existe, ainda, consenso sobre os efeitos do agente clareador em restaura\u00e7\u00f5es de resina composta<sup>30<\/sup>. Nesse trabalho, vimos que os nanocomp\u00f3sitos trouxeram melhorias significativas. No entanto, ainda h\u00e1 espa\u00e7o para o aperfei\u00e7oamento das propriedades desses materiais.<\/p>\n<p>&nbsp;<\/p>\n<p>&nbsp;<\/p>\n<p><strong>Conclus\u00f5es<\/strong><\/p>\n<p>Dentro das limita\u00e7\u00f5es do presente estudo <i>in vitro<\/i>, permitiu-se concluir que a resina composta Filtek Z350XT (3M ESPE) apresenta menor altera\u00e7\u00e3o de cor em fun\u00e7\u00e3o do tempo, quando comparada \u00e0 Opallis (FGM).<\/p>\n<p>A subst\u00e2ncia clareadora \u00e9 capaz de reduzir os n\u00edveis de altera\u00e7\u00e3o crom\u00e1tica, sendo mais evidente na Filtek Z350XT (3M ESPE). N\u00e3o h\u00e1 respostas significativas ao clareamento nos grupos que n\u00e3o foram sujeitos ao caf\u00e9.<\/p>\n<p>&nbsp;<\/p>\n<p><b>Como citar este artigo:<\/b> Salvego RN, Dias RPB, Figueiredo JLG. Estabilidade de cor de resinas compostas no processo de manchamento e clareamento. Rev Dental Press Est\u00e9t. 2013 jul-set;10(3):54-62.<\/p>\n<p>\u00bb Os autores declaram n\u00e3o ter interesses associativos, comerciais, de propriedade ou financeiros que representem conflito de interesse, nos produtos e companhias descritos nesse artigo.<\/p>\n","protected":false},"excerpt":{"rendered":"<p>Objetivo, abordar por meio de uma pesquisa liter\u00e1ria e laboratorial, a estabilidade de cor de resinas compostas micro-h\u00edbridas e nanoparticuladas, no processo de pigmenta\u00e7\u00e3o e branqueamento.<\/p>\n","protected":false},"author":20,"featured_media":3888,"comment_status":"open","ping_status":"closed","sticky":false,"template":"","format":"standard","meta":{"footnotes":""},"categories":[],"tags":[],"class_list":["post-3547","post","type-post","status-publish","format-standard","has-post-thumbnail"],"aioseo_notices":[],"amp_enabled":true,"_links":{"self":[{"href":"https:\/\/dentalpress.com.br\/portal\/wp-json\/wp\/v2\/posts\/3547","targetHints":{"allow":["GET"]}}],"collection":[{"href":"https:\/\/dentalpress.com.br\/portal\/wp-json\/wp\/v2\/posts"}],"about":[{"href":"https:\/\/dentalpress.com.br\/portal\/wp-json\/wp\/v2\/types\/post"}],"author":[{"embeddable":true,"href":"https:\/\/dentalpress.com.br\/portal\/wp-json\/wp\/v2\/users\/20"}],"replies":[{"embeddable":true,"href":"https:\/\/dentalpress.com.br\/portal\/wp-json\/wp\/v2\/comments?post=3547"}],"version-history":[{"count":0,"href":"https:\/\/dentalpress.com.br\/portal\/wp-json\/wp\/v2\/posts\/3547\/revisions"}],"wp:featuredmedia":[{"embeddable":true,"href":"https:\/\/dentalpress.com.br\/portal\/wp-json\/wp\/v2\/media\/3888"}],"wp:attachment":[{"href":"https:\/\/dentalpress.com.br\/portal\/wp-json\/wp\/v2\/media?parent=3547"}],"wp:term":[{"taxonomy":"category","embeddable":true,"href":"https:\/\/dentalpress.com.br\/portal\/wp-json\/wp\/v2\/categories?post=3547"},{"taxonomy":"post_tag","embeddable":true,"href":"https:\/\/dentalpress.com.br\/portal\/wp-json\/wp\/v2\/tags?post=3547"}],"curies":[{"name":"wp","href":"https:\/\/api.w.org\/{rel}","templated":true}]}}