{"id":32809,"date":"2022-07-19T14:33:32","date_gmt":"2022-07-19T17:33:32","guid":{"rendered":"https:\/\/www.dentalpress.com.br\/portal\/?p=32809"},"modified":"2022-07-19T14:33:32","modified_gmt":"2022-07-19T17:33:32","slug":"semana-do-diagnostico-com-o-professor-leopoldino-capelozza-apresenta-a-segunda-aula-nesta-terca-feira-19","status":"publish","type":"post","link":"https:\/\/dentalpress.com.br\/portal\/semana-do-diagnostico-com-o-professor-leopoldino-capelozza-apresenta-a-segunda-aula-nesta-terca-feira-19\/","title":{"rendered":"Semana do Diagn\u00f3stico, com o Professor Leopoldino Capelozza, apresenta a segunda aula nesta ter\u00e7a-feira (19)"},"content":{"rendered":"<figure id=\"attachment_32811\" aria-describedby=\"caption-attachment-32811\" style=\"width: 298px\" class=\"wp-caption alignright\"><img fetchpriority=\"high\" decoding=\"async\" class=\"size-medium wp-image-32811\" src=\"https:\/\/dentalpress.com.br\/portal\/wp-content\/uploads\/2022\/07\/WhatsApp-Image-2022-07-19-at-11.13.32-298x300.jpeg\" alt=\"Semana do Diagn\u00f3stico; Leopoldino Capelozza; Dino Capelozza; Dental Press Cursos; Diagn\u00f3stico em Ortodontia; Ortodontia; Aulas gratuitas\" width=\"298\" height=\"300\" srcset=\"\/wp-content\/uploads\/2022\/07\/WhatsApp-Image-2022-07-19-at-11.13.32-298x300.jpeg 298w, \/wp-content\/uploads\/2022\/07\/WhatsApp-Image-2022-07-19-at-11.13.32-1017x1024.jpeg 1017w, \/wp-content\/uploads\/2022\/07\/WhatsApp-Image-2022-07-19-at-11.13.32-150x150.jpeg 150w, \/wp-content\/uploads\/2022\/07\/WhatsApp-Image-2022-07-19-at-11.13.32-768x773.jpeg 768w, \/wp-content\/uploads\/2022\/07\/WhatsApp-Image-2022-07-19-at-11.13.32-1170x1178.jpeg 1170w, \/wp-content\/uploads\/2022\/07\/WhatsApp-Image-2022-07-19-at-11.13.32-585x589.jpeg 585w, \/wp-content\/uploads\/2022\/07\/WhatsApp-Image-2022-07-19-at-11.13.32.jpeg 1271w\" sizes=\"(max-width: 298px) 100vw, 298px\" \/><figcaption id=\"caption-attachment-32811\" class=\"wp-caption-text\">Imagem: Dental Press\/Reprodu\u00e7\u00e3o<\/figcaption><\/figure>\n<p>Nesta ter\u00e7a-feira (19) acontece a segunda aula da <strong>Semana do Diagn\u00f3stico<\/strong>, ministrada pelo Professor Dr. <a href=\"https:\/\/www.instagram.com\/dinocapelozza\/\" target=\"_blank\" rel=\"noopener\">Leopoldino Capelozza<\/a>. Com o tema &#8220;<i><span style=\"font-weight: 400;\">Protocolo de tratamento para as m\u00e1s oclus\u00f5es classe III ou do padr\u00e3o III? O que precisa saber&#8221;<\/span><\/i><span style=\"font-weight: 400;\">, o Dr. Capelozza trar\u00e1 apontamentos sobre <\/span><b>protocolos<\/b><span style=\"font-weight: 400;\">, <\/span><b>possibilidades<\/b><span style=\"font-weight: 400;\"> e <\/span><b>limita\u00e7\u00f5es condicionadas pelo Padr\u00e3o de Crescimento<\/b><span style=\"font-weight: 400;\">.<\/span><\/p>\n<p>O primeiro encontro da <strong>Semana do Diagn\u00f3stico<\/strong> aconteceu na noite desta segunda-feira (18) e o tema abordado foi &#8220;<em><span style=\"font-weight: 400;\">Por que voc\u00ea n\u00e3o tem protocolos de<\/span><\/em><span style=\"font-weight: 400;\"> tratamento?&#8221;. As inscri\u00e7\u00f5es para a Semana do Diagn\u00f3stico ainda est\u00e3o abertas. Os inscritos recebem, ao fim do cadastro, um\u00a0<em>e-book<\/em> exclusivo com artigos e entrevistas.\u00a0<\/span><\/p>\n<p>A segunda exposi\u00e7\u00e3o do Professor Capelozza na Semana do Diagn\u00f3stico, evento promovido em parceria com a Dental Press, acontece \u00e0s 20h30. Para se inscrever e participar, basta clicar <a href=\"https:\/\/editora.dentalpress.com.br\/semana-do-diagnostico?fbclid=IwAR2YTvWD8vKUtR6RCstUs3gPtxQK_1o5N9mBjx2bFXQK_q77POHMoch8fO4\" target=\"_blank\" rel=\"noopener\">aqui<\/a>. Todas as aulas s\u00e3o ministradas\u00a0<em>on-line<\/em>, al\u00e9m de serem abertas e totalmente gratuitas.<\/p>\n<p>&nbsp;<\/p>\n","protected":false},"excerpt":{"rendered":"<p>Nesta ter\u00e7a-feira (19) acontece a segunda aula da Semana do Diagn\u00f3stico, ministrada pelo Professor Dr. Leopoldino Capelozza. Com o tema &#8220;Protocolo de tratamento para as m\u00e1s oclus\u00f5es classe III ou do padr\u00e3o III? O que precisa saber&#8221;, o Dr. Capelozza trar\u00e1 apontamentos sobre protocolos, possibilidades e limita\u00e7\u00f5es condicionadas pelo Padr\u00e3o de Crescimento. O primeiro encontro<\/p>\n","protected":false},"author":26,"featured_media":32811,"comment_status":"open","ping_status":"open","sticky":false,"template":"","format":"standard","meta":{"footnotes":""},"categories":[],"tags":[],"class_list":["post-32809","post","type-post","status-publish","format-standard","has-post-thumbnail"],"aioseo_notices":[],"amp_enabled":true,"_links":{"self":[{"href":"https:\/\/dentalpress.com.br\/portal\/wp-json\/wp\/v2\/posts\/32809","targetHints":{"allow":["GET"]}}],"collection":[{"href":"https:\/\/dentalpress.com.br\/portal\/wp-json\/wp\/v2\/posts"}],"about":[{"href":"https:\/\/dentalpress.com.br\/portal\/wp-json\/wp\/v2\/types\/post"}],"author":[{"embeddable":true,"href":"https:\/\/dentalpress.com.br\/portal\/wp-json\/wp\/v2\/users\/26"}],"replies":[{"embeddable":true,"href":"https:\/\/dentalpress.com.br\/portal\/wp-json\/wp\/v2\/comments?post=32809"}],"version-history":[{"count":1,"href":"https:\/\/dentalpress.com.br\/portal\/wp-json\/wp\/v2\/posts\/32809\/revisions"}],"predecessor-version":[{"id":32812,"href":"https:\/\/dentalpress.com.br\/portal\/wp-json\/wp\/v2\/posts\/32809\/revisions\/32812"}],"wp:featuredmedia":[{"embeddable":true,"href":"https:\/\/dentalpress.com.br\/portal\/wp-json\/wp\/v2\/media\/32811"}],"wp:attachment":[{"href":"https:\/\/dentalpress.com.br\/portal\/wp-json\/wp\/v2\/media?parent=32809"}],"wp:term":[{"taxonomy":"category","embeddable":true,"href":"https:\/\/dentalpress.com.br\/portal\/wp-json\/wp\/v2\/categories?post=32809"},{"taxonomy":"post_tag","embeddable":true,"href":"https:\/\/dentalpress.com.br\/portal\/wp-json\/wp\/v2\/tags?post=32809"}],"curies":[{"name":"wp","href":"https:\/\/api.w.org\/{rel}","templated":true}]}}