{"id":32806,"date":"2022-07-18T14:45:54","date_gmt":"2022-07-18T17:45:54","guid":{"rendered":"https:\/\/www.dentalpress.com.br\/portal\/?p=32806"},"modified":"2022-07-18T14:46:56","modified_gmt":"2022-07-18T17:46:56","slug":"semana-do-diagnostico-dino-capelozza","status":"publish","type":"post","link":"https:\/\/dentalpress.com.br\/portal\/semana-do-diagnostico-dino-capelozza\/","title":{"rendered":"Primeira aula da Semana do Diagn\u00f3stico, com o professor Leopoldino Capelozza, acontece nesta segunda-feira (18)"},"content":{"rendered":"<figure id=\"attachment_32807\" aria-describedby=\"caption-attachment-32807\" style=\"width: 300px\" class=\"wp-caption alignleft\"><img fetchpriority=\"high\" decoding=\"async\" class=\"size-medium wp-image-32807\" src=\"https:\/\/dentalpress.com.br\/portal\/wp-content\/uploads\/2022\/07\/WhatsApp-Image-2022-07-18-at-14.35.59-300x300.jpeg\" alt=\"Semana do Diagn\u00f3stico; Leopoldino Capelozza; Dino Capelozza; Dental Press Cursos; Diagn\u00f3stico em Ortodontia; Ortodontia; Aulas gratuitas\" width=\"300\" height=\"300\" srcset=\"\/wp-content\/uploads\/2022\/07\/WhatsApp-Image-2022-07-18-at-14.35.59-300x300.jpeg 300w, \/wp-content\/uploads\/2022\/07\/WhatsApp-Image-2022-07-18-at-14.35.59-1024x1024.jpeg 1024w, \/wp-content\/uploads\/2022\/07\/WhatsApp-Image-2022-07-18-at-14.35.59-150x150.jpeg 150w, \/wp-content\/uploads\/2022\/07\/WhatsApp-Image-2022-07-18-at-14.35.59-768x768.jpeg 768w, \/wp-content\/uploads\/2022\/07\/WhatsApp-Image-2022-07-18-at-14.35.59-585x585.jpeg 585w, \/wp-content\/uploads\/2022\/07\/WhatsApp-Image-2022-07-18-at-14.35.59.jpeg 1080w\" sizes=\"(max-width: 300px) 100vw, 300px\" \/><figcaption id=\"caption-attachment-32807\" class=\"wp-caption-text\">Imagem: Dental Press\/Reprodu\u00e7\u00e3o<\/figcaption><\/figure>\n<p>A primeira aula da Semana do Diagn\u00f3stico acontece nesta segunda-feira, 18. Comandada pelo <a href=\"https:\/\/www.instagram.com\/dinocapelozza\/\" target=\"_blank\" rel=\"nofollow noopener\">Prof. Dr. Leopoldino Capelozza<\/a>, a Semana do Diagn\u00f3stico contar\u00e1 com tr\u00eas dias de aulas abertas e totalmente gratuitas.<\/p>\n<p>As inscri\u00e7\u00f5es ainda est\u00e3o abertas e podem ser feitas clicando <a href=\"https:\/\/editora.dentalpress.com.br\/semana-do-diagnostico?fbclid=IwAR2YTvWD8vKUtR6RCstUs3gPtxQK_1o5N9mBjx2bFXQK_q77POHMoch8fO4\" target=\"_blank\" rel=\"noopener\">aqui<\/a>.\u00a0Os inscritos na Semana do Diagn\u00f3stico ainda ganhar\u00e3o um <em>e-book\u00a0<\/em>exclusivo com 10 conte\u00fados, inclu\u00edndo entrevistas e artigos cient\u00edficos.<\/p>\n<p>As aulas ser\u00e3o ministradas ao vivo, entre os dias 18, 19 e 20 de julho. Na primeira exposi\u00e7\u00e3o da Semana do Diagn\u00f3stico, o Dr. Leopoldino Capelozza abordar\u00e1 o tema &#8220;<i><span style=\"font-weight: 400;\">Por que voc\u00ea n\u00e3o tem protocolo de tratamento? Aprenda a diagnosticar e tratar todos os tipos de m\u00e1 oclus\u00e3o e seja independente&#8221;.<\/span><\/i><\/p>\n<p>No segundo dia de aula, o tema fica por conta do &#8220;<i><span style=\"font-weight: 400;\">Protocolo de tratamento para as m\u00e1s oclus\u00f5es classe III ou do padr\u00e3o III? O que precisa saber<\/span><\/i><span style=\"font-weight: 400;\">\u201d. Nesta aula, ser\u00e3o abordados <\/span><b>protocolos<\/b><span style=\"font-weight: 400;\">, <\/span><b>possibilidades<\/b><span style=\"font-weight: 400;\"> e <\/span><b>limita\u00e7\u00f5es condicionadas pelo Padr\u00e3o de Crescimento<\/b><span style=\"font-weight: 400;\">. <\/span>J\u00e1 o tema da terceira e \u00faltima aula ser\u00e1 &#8220;<i><span style=\"font-weight: 400;\">O diagn\u00f3stico sempre \u00e9 importante. Ele faz muita diferen\u00e7a na dentadura mista&#8221;.\u00a0<\/span><\/i><\/p>\n<p>Os encontros acontecem \u00e0s 20h30 e o link para cada dia de aula ser\u00e1 disponibilizado ap\u00f3s a inscri\u00e7\u00e3o no portal da <a href=\"https:\/\/editora.dentalpress.com.br\/semana-do-diagnostico?fbclid=IwAR2YTvWD8vKUtR6RCstUs3gPtxQK_1o5N9mBjx2bFXQK_q77POHMoch8fO4\" target=\"_blank\" rel=\"noopener\">Semana do Diagn\u00f3stico<\/a>.<\/p>\n","protected":false},"excerpt":{"rendered":"<p>A primeira aula da Semana do Diagn\u00f3stico acontece nesta segunda-feira, 18. Comandada pelo Prof. Dr. Leopoldino Capelozza, a Semana do Diagn\u00f3stico contar\u00e1 com tr\u00eas dias de aulas abertas e totalmente gratuitas. As inscri\u00e7\u00f5es ainda est\u00e3o abertas e podem ser feitas clicando aqui.\u00a0Os inscritos na Semana do Diagn\u00f3stico ainda ganhar\u00e3o um e-book\u00a0exclusivo com 10 conte\u00fados, inclu\u00edndo<\/p>\n","protected":false},"author":26,"featured_media":32807,"comment_status":"open","ping_status":"open","sticky":false,"template":"","format":"standard","meta":{"footnotes":""},"categories":[],"tags":[],"class_list":["post-32806","post","type-post","status-publish","format-standard","has-post-thumbnail"],"aioseo_notices":[],"amp_enabled":true,"_links":{"self":[{"href":"https:\/\/dentalpress.com.br\/portal\/wp-json\/wp\/v2\/posts\/32806","targetHints":{"allow":["GET"]}}],"collection":[{"href":"https:\/\/dentalpress.com.br\/portal\/wp-json\/wp\/v2\/posts"}],"about":[{"href":"https:\/\/dentalpress.com.br\/portal\/wp-json\/wp\/v2\/types\/post"}],"author":[{"embeddable":true,"href":"https:\/\/dentalpress.com.br\/portal\/wp-json\/wp\/v2\/users\/26"}],"replies":[{"embeddable":true,"href":"https:\/\/dentalpress.com.br\/portal\/wp-json\/wp\/v2\/comments?post=32806"}],"version-history":[{"count":1,"href":"https:\/\/dentalpress.com.br\/portal\/wp-json\/wp\/v2\/posts\/32806\/revisions"}],"predecessor-version":[{"id":32808,"href":"https:\/\/dentalpress.com.br\/portal\/wp-json\/wp\/v2\/posts\/32806\/revisions\/32808"}],"wp:featuredmedia":[{"embeddable":true,"href":"https:\/\/dentalpress.com.br\/portal\/wp-json\/wp\/v2\/media\/32807"}],"wp:attachment":[{"href":"https:\/\/dentalpress.com.br\/portal\/wp-json\/wp\/v2\/media?parent=32806"}],"wp:term":[{"taxonomy":"category","embeddable":true,"href":"https:\/\/dentalpress.com.br\/portal\/wp-json\/wp\/v2\/categories?post=32806"},{"taxonomy":"post_tag","embeddable":true,"href":"https:\/\/dentalpress.com.br\/portal\/wp-json\/wp\/v2\/tags?post=32806"}],"curies":[{"name":"wp","href":"https:\/\/api.w.org\/{rel}","templated":true}]}}