{"id":32798,"date":"2022-07-15T09:28:25","date_gmt":"2022-07-15T12:28:25","guid":{"rendered":"https:\/\/www.dentalpress.com.br\/portal\/?p=32798"},"modified":"2022-07-15T09:28:25","modified_gmt":"2022-07-15T12:28:25","slug":"dr-leopoldino-capelozza-apresentara-a-semana-do-diagnostico-em-parceria-com-a-dental-press","status":"publish","type":"post","link":"https:\/\/dentalpress.com.br\/portal\/dr-leopoldino-capelozza-apresentara-a-semana-do-diagnostico-em-parceria-com-a-dental-press\/","title":{"rendered":"Dr. Leopoldino Capelozza apresentar\u00e1 a Semana do Diagn\u00f3stico, em parceria com a Dental Press"},"content":{"rendered":"<figure id=\"attachment_32800\" aria-describedby=\"caption-attachment-32800\" style=\"width: 300px\" class=\"wp-caption alignleft\"><img fetchpriority=\"high\" decoding=\"async\" class=\"size-medium wp-image-32800\" src=\"https:\/\/dentalpress.com.br\/portal\/wp-content\/uploads\/2022\/07\/WhatsApp-Image-2022-07-15-at-09.24.57-300x300.jpeg\" alt=\"Semana do Diagn\u00f3stico; Leopoldino Capelozza; Dino Capelozza; Dental Press Cursos; Diagn\u00f3stico em Ortodontia; Ortodontia; Aulas gratuitas\" width=\"300\" height=\"300\" srcset=\"\/wp-content\/uploads\/2022\/07\/WhatsApp-Image-2022-07-15-at-09.24.57-300x300.jpeg 300w, \/wp-content\/uploads\/2022\/07\/WhatsApp-Image-2022-07-15-at-09.24.57-1024x1024.jpeg 1024w, \/wp-content\/uploads\/2022\/07\/WhatsApp-Image-2022-07-15-at-09.24.57-150x150.jpeg 150w, \/wp-content\/uploads\/2022\/07\/WhatsApp-Image-2022-07-15-at-09.24.57-768x768.jpeg 768w, \/wp-content\/uploads\/2022\/07\/WhatsApp-Image-2022-07-15-at-09.24.57-585x585.jpeg 585w, \/wp-content\/uploads\/2022\/07\/WhatsApp-Image-2022-07-15-at-09.24.57.jpeg 1080w\" sizes=\"(max-width: 300px) 100vw, 300px\" \/><figcaption id=\"caption-attachment-32800\" class=\"wp-caption-text\">Imagem: Dental Press\/Reprodu\u00e7\u00e3o<\/figcaption><\/figure>\n<p>A <strong>Semana do Diagn\u00f3stico<\/strong>, um conjunto de aulas ministradas pelo <strong>Prof. Dr. Leopoldino Capelozza<\/strong> come\u00e7a na pr\u00f3xima segunda-feira, 18. Com tr\u00eas dias de programa\u00e7\u00e3o aberta e totalmente gratuita, as aulas acontecem de maneira <em>on-line<\/em> e ao vivo.<\/p>\n<p>Com conte\u00fados \u00fanicos e exclusivos, a <strong>Semana do Diagn\u00f3stico<\/strong> ir\u00e1 apresentar, durante os tr\u00eas dias de aula, temas relacionados \u00e0 \u00e1rea, sob a perspectiva e conhecimento de um dos maiores nomes da <a href=\"https:\/\/dentalpress.com.br\/portal\/excelencia-em-ortodontia-2\/\">ortodontia<\/a> brasileira. As aulas iniciam \u00e0s 19h30.<\/p>\n<p>A primeira aula da <strong>Semana do Diagn\u00f3stico<\/strong>, que ocorre na segunda-feira (18), abordar\u00e1 o tema &#8220;<i><span style=\"font-weight: 400;\">Por que voc\u00ea n\u00e3o tem protocolo de tratamento? Aprenda a diagnosticar e tratar todos os tipos de m\u00e1 oclus\u00e3o e seja independente.&#8221; <\/span><\/i><span style=\"font-weight: 400;\">Nesta primeira exposi\u00e7\u00e3o, o Prof. Capelozza ir\u00e1 apresentar m\u00e9todos de <\/span><b>organiza\u00e7\u00e3o<\/b><span style=\"font-weight: 400;\">, <\/span><b>planejamento<\/b><span style=\"font-weight: 400;\">, <\/span><b>avalia\u00e7\u00e3o<\/b><span style=\"font-weight: 400;\"> e <\/span><b>progn\u00f3stico<\/b><span style=\"font-weight: 400;\">.\u00a0<\/span><\/p>\n<p>A segunda aula, ministrada na ter\u00e7a-feira (19), apresentar\u00e1 o tema <span style=\"font-weight: 400;\">\u201c<\/span><i><span style=\"font-weight: 400;\">Protocolo de tratamento para as m\u00e1s oclus\u00f5es classe III ou do padr\u00e3o III? O que precisa saber.<\/span><\/i><span style=\"font-weight: 400;\">\u201d Nesta aula, ser\u00e3o abordados <\/span><b>protocolos<\/b><span style=\"font-weight: 400;\">, <\/span><b>possibilidades<\/b><span style=\"font-weight: 400;\"> e <\/span><b>limita\u00e7\u00f5es condicionadas pelo Padr\u00e3o de Crescimento<\/b><span style=\"font-weight: 400;\">.<\/span><\/p>\n<p>A terceira e \u00faltima aula, que encerra a <strong>Semana do Diagn\u00f3stico<\/strong>, acontece na quarta-feira (20). O tema a ser exposto pelo Dr. Capelozza ser\u00e1 <span style=\"font-weight: 400;\">\u201c<\/span><i><span style=\"font-weight: 400;\">O diagn\u00f3stico sempre \u00e9 importante. Ele faz muita diferen\u00e7a na dentadura mista. <\/span><\/i><span style=\"font-weight: 400;\">O conceito de <\/span><b>Ortodontia Minimalista<\/b><span style=\"font-weight: 400;\"> ser\u00e1 tema fundamental da \u00faltima aula. Tamb\u00e9m ser\u00e1 abordado o tema <\/span><b>Tratamentos Interceptivos<\/b><span style=\"font-weight: 400;\">, assunto imprescind\u00edvel dentro da ortodontia.<\/span><\/p>\n<p><span style=\"font-weight: 400;\">Os inscritos na <\/span><b>Semana do Diagn\u00f3stico <\/b><span style=\"font-weight: 400;\">receber\u00e3o um <\/span><i><span style=\"font-weight: 400;\">e-book<\/span><\/i><span style=\"font-weight: 400;\"> exclusivo e totalmente gratuito, totalizando mais de 130 p\u00e1ginas, com tr\u00eas entrevistas e sete artigos cient\u00edficos, incluindo o artigo cl\u00e1ssico que deu origem aos dois livros <\/span><i><span style=\"font-weight: 400;\">best sellers<\/span><\/i><span style=\"font-weight: 400;\"> do <\/span><b>Dr. Capelozza<\/b><span style=\"font-weight: 400;\">.\u00a0<\/span><\/p>\n<p>As inscri\u00e7\u00f5es para a <strong>Semana do Diagn\u00f3stico<\/strong> ainda est\u00e3o abertas. Para participar, basta clicar <a href=\"https:\/\/editora.dentalpress.com.br\/semana-do-diagnostico?fbclid=IwAR2YTvWD8vKUtR6RCstUs3gPtxQK_1o5N9mBjx2bFXQK_q77POHMoch8fO4\" target=\"_blank\" rel=\"noopener\">aqui<\/a>.<\/p>\n","protected":false},"excerpt":{"rendered":"<p>A Semana do Diagn\u00f3stico, um conjunto de aulas ministradas pelo Prof. Dr. Leopoldino Capelozza come\u00e7a na pr\u00f3xima segunda-feira, 18. Com tr\u00eas dias de programa\u00e7\u00e3o aberta e totalmente gratuita, as aulas acontecem de maneira on-line e ao vivo. Com conte\u00fados \u00fanicos e exclusivos, a Semana do Diagn\u00f3stico ir\u00e1 apresentar, durante os tr\u00eas dias de aula, temas<\/p>\n","protected":false},"author":26,"featured_media":32800,"comment_status":"open","ping_status":"open","sticky":false,"template":"","format":"standard","meta":{"footnotes":""},"categories":[],"tags":[],"class_list":["post-32798","post","type-post","status-publish","format-standard","has-post-thumbnail"],"aioseo_notices":[],"amp_enabled":true,"_links":{"self":[{"href":"https:\/\/dentalpress.com.br\/portal\/wp-json\/wp\/v2\/posts\/32798","targetHints":{"allow":["GET"]}}],"collection":[{"href":"https:\/\/dentalpress.com.br\/portal\/wp-json\/wp\/v2\/posts"}],"about":[{"href":"https:\/\/dentalpress.com.br\/portal\/wp-json\/wp\/v2\/types\/post"}],"author":[{"embeddable":true,"href":"https:\/\/dentalpress.com.br\/portal\/wp-json\/wp\/v2\/users\/26"}],"replies":[{"embeddable":true,"href":"https:\/\/dentalpress.com.br\/portal\/wp-json\/wp\/v2\/comments?post=32798"}],"version-history":[{"count":2,"href":"https:\/\/dentalpress.com.br\/portal\/wp-json\/wp\/v2\/posts\/32798\/revisions"}],"predecessor-version":[{"id":32801,"href":"https:\/\/dentalpress.com.br\/portal\/wp-json\/wp\/v2\/posts\/32798\/revisions\/32801"}],"wp:featuredmedia":[{"embeddable":true,"href":"https:\/\/dentalpress.com.br\/portal\/wp-json\/wp\/v2\/media\/32800"}],"wp:attachment":[{"href":"https:\/\/dentalpress.com.br\/portal\/wp-json\/wp\/v2\/media?parent=32798"}],"wp:term":[{"taxonomy":"category","embeddable":true,"href":"https:\/\/dentalpress.com.br\/portal\/wp-json\/wp\/v2\/categories?post=32798"},{"taxonomy":"post_tag","embeddable":true,"href":"https:\/\/dentalpress.com.br\/portal\/wp-json\/wp\/v2\/tags?post=32798"}],"curies":[{"name":"wp","href":"https:\/\/api.w.org\/{rel}","templated":true}]}}