{"id":32776,"date":"2022-07-08T08:18:21","date_gmt":"2022-07-08T11:18:21","guid":{"rendered":"https:\/\/www.dentalpress.com.br\/portal\/?p=32776"},"modified":"2022-07-08T08:18:21","modified_gmt":"2022-07-08T11:18:21","slug":"nova-edicao-da-revista-journal-of-the-brazilian-college-of-oral-and-maxillofacial-surgery-e-lancada","status":"publish","type":"post","link":"https:\/\/dentalpress.com.br\/portal\/nova-edicao-da-revista-journal-of-the-brazilian-college-of-oral-and-maxillofacial-surgery-e-lancada\/","title":{"rendered":"Nova edi\u00e7\u00e3o da revista Journal of the Brazilian College of Oral and Maxillofacial Surgery \u00e9 lan\u00e7ada"},"content":{"rendered":"<p>A mais nova edi\u00e7\u00e3o da revista <strong>Journal of the Brazilian College of Oral and Maxillofacial Surgery &#8211; JBCOMS<\/strong> foi lan\u00e7ada pela\u00a0<strong>Dental Press Editora<\/strong>. A\u00a0<strong>JBCOMS<\/strong> \u00e9 um peri\u00f3dico trimestral e essa edi\u00e7\u00e3o \u00e9 referente aos meses de abril, maio e junho.<\/p>\n<figure id=\"attachment_32778\" aria-describedby=\"caption-attachment-32778\" style=\"width: 225px\" class=\"wp-caption alignleft\"><img fetchpriority=\"high\" decoding=\"async\" class=\"size-medium wp-image-32778\" src=\"https:\/\/dentalpress.com.br\/portal\/wp-content\/uploads\/2022\/07\/JBCOMs_capa_v8_n2jpeg-225x300.jpg\" alt=\"Journal of the Brazilian College of Oral and Maxillofacial Surgery; JBCOMS; Col\u00e9gio Brasileiro de Cirurgia e Traumatologia Buco-Maxilo-Facial; Dental Press Editora; Dental Press\" width=\"225\" height=\"300\" srcset=\"\/wp-content\/uploads\/2022\/07\/JBCOMs_capa_v8_n2jpeg-225x300.jpg 225w, \/wp-content\/uploads\/2022\/07\/JBCOMs_capa_v8_n2jpeg-768x1024.jpg 768w, \/wp-content\/uploads\/2022\/07\/JBCOMs_capa_v8_n2jpeg-1152x1536.jpg 1152w, \/wp-content\/uploads\/2022\/07\/JBCOMs_capa_v8_n2jpeg-1536x2048.jpg 1536w, \/wp-content\/uploads\/2022\/07\/JBCOMs_capa_v8_n2jpeg-scaled.jpg 1920w, \/wp-content\/uploads\/2022\/07\/JBCOMs_capa_v8_n2jpeg-1170x1560.jpg 1170w, \/wp-content\/uploads\/2022\/07\/JBCOMs_capa_v8_n2jpeg-585x780.jpg 585w\" sizes=\"(max-width: 225px) 100vw, 225px\" \/><figcaption id=\"caption-attachment-32778\" class=\"wp-caption-text\">Imagem: Dental Press Editora\/Reprodu\u00e7\u00e3o<\/figcaption><\/figure>\n<p>Confira as publica\u00e7\u00f5es da mais recente edi\u00e7\u00e3o da\u00a0<strong>JBCOMS<\/strong>:<\/p>\n<ul>\n<li><strong>CARTA DO PRESIDENTE<\/strong>: Marcelo Marotta Arau\u0301jo<\/li>\n<li><strong>EDITORIAL<\/strong>: Sylvio Luiz Costa de Moraes<\/li>\n<li><strong>1\u00ba Desafio de Ligas Acad\u00eamicas do Col\u00e9gio Brasileiro de <a href=\"https:\/\/dentalpress.com.br\/portal\/curso-de-aperfeicoamento-em-cirurgia-de-dentes-retidos\/\">Cirurgia<\/a> e Traumatologia Buco-Maxilo-Facial (CBCTBMF)<\/strong><\/li>\n<li><strong>UMA ENTREVISTA COM S\u00c9RGIO SCHIEFFERDECKER<\/strong>: Jonathan Ribeiro<\/li>\n<li><strong>PLANEJAMENTO VIRTUAL EM CIRURGIA ORTOGN\u00c1TICA NA FORMA\u00c7\u00c3O BASE DO CIRURGI\u00c3O BUCO-MAXILO-FACIAL<\/strong>: Daiana Cristina Pereira Santana, Juliana Jorge Garcia, Diego Maia de Oliveira Barbosa, Weber Ce\u0301o Cavalcante<\/li>\n<li><strong>QUANDO REALIZAR UMA NOVA REVIS\u00c3O SISTEM\u00c1TICA COM UM TEMA J\u00c1 ABORDADO PREVIAMENTE?<\/strong>: Pedro Henrique da Hora Sales<\/li>\n<li><strong>PARTICIPA\u00c7\u00c3O FEMININA EM CIRURGIA E TRAUMATOLOGIA BUCO-MAXILO-FACIAL: UM ESTUDO DE CAMPO<\/strong>: Rebeca Maria Vieira Pereira, Maria A\u0302ngela Are\u0302a Lea\u0303o Ferraz, Carlos Alberto Monteiro Falca\u0303o, Darklilson Pereira Santos, Brunna da Silva Firmino, Marcus Victor Vaz Soares Castro<\/li>\n<li><strong>AN\u00c1LISE DA RESIST\u00caNCIA AO CISALHAMENTO DE RESINAS ODONTOL\u00d3GICAS NO TRACIONAMENTO ORTOD\u00d4NTICO-CIR\u00daRGICO<\/strong>: Anna Luiza Riva, Manuella Sodre\u0301 Telles, Claudio Patroci\u0301nio Ju\u0301nior, Gabriela Mayrink<\/li>\n<li><strong>EFIC\u00c1CIA DA ARTICA\u00cdNA PARA REDU\u00c7\u00c3O DE <a href=\"https:\/\/dentalpress.com.br\/portal\/curso-de-aperfeicoamento-em-dtm-dor-orofacial-e-apneia-do-sono\/\">DOR<\/a> INTRAOPERAT\u00d3RIA DURANTE EXODONTIA DE TERCEIROS MOLARES INFERIORES: ESTUDO CL\u00cdNICO CONTROLADO, TRIPLO-CEGO E EM BOCA DIVIDIDA<\/strong>: Josfran da Silva Ferreira Filho, Kalina Santos Vasconcelos, Paulo Goberla\u0302nio de Barros da-Silva, Breno Souza Benevides, Marcelo Bonifa\u0301cio Sampieri, Marcelo Ferraro Bezerra<\/li>\n<li><strong>A EMINECTOMIA COMO TRATAMENTO PARA A LUXA\u00c7\u00c3O RECIDIVANTE DA ATM: UMA REVIS\u00c3O SISTEM\u00c1TICA<\/strong>: Wedja Alves Suares, Andre\u0301 Coelho Lopes, Kayo Costa Alves, Clarisse Samara de Andrade, Pedro Henrique da Hora Sales<\/li>\n<li><strong>ZUMBIDO AURICULAR TARDIO AP\u00d3S REDU\u00c7\u00c3O ABERTA DE FRATURA DE C\u00d4NDILO MANDIBULAR: RELATO DE CASO<\/strong>: Leti\u0301cia Liana Chihara, Bruno Gomes Duarte, Eduardo Sanches Gonc\u0327ales<\/li>\n<\/ul>\n<p>Esse \u00e9 a edi\u00e7\u00e3o <em>volume 8<\/em>, <em>n\u00famero 2<\/em> da revista <strong>Journal of the Brazilian College of Oral and Maxillofacial Surgery<\/strong>. A primeira edi\u00e7\u00e3o da <strong>JBCOMS<\/strong> foi lan\u00e7ada no primeiro trimestre de 2015. Desde 2016, a\u00a0<strong>JBCOMS\u00a0<\/strong>est\u00e1 indexada na plataforma de pesquisa cient\u00edfica <a href=\"https:\/\/www.latindex.org\/latindex\/\" target=\"_blank\" rel=\"noopener\">Latindex<\/a>.<\/p>\n<p>Para acessar os artigos e conte\u00fados exclusivos publicados nesta mais recente edi\u00e7\u00e3o da\u00a0<strong>JBCOMS<\/strong>, basta acessar a plataforma de ensino <a href=\"https:\/\/dentalpress.com.br\/dentalgo\/\">DentalGO<\/a>.<\/p>\n","protected":false},"excerpt":{"rendered":"<p>A mais nova edi\u00e7\u00e3o da revista Journal of the Brazilian College of Oral and Maxillofacial Surgery &#8211; JBCOMS foi lan\u00e7ada pela\u00a0Dental Press Editora. A\u00a0JBCOMS \u00e9 um peri\u00f3dico trimestral e essa edi\u00e7\u00e3o \u00e9 referente aos meses de abril, maio e junho. Confira as publica\u00e7\u00f5es da mais recente edi\u00e7\u00e3o da\u00a0JBCOMS: CARTA DO PRESIDENTE: Marcelo Marotta Arau\u0301jo EDITORIAL:<\/p>\n","protected":false},"author":26,"featured_media":32778,"comment_status":"open","ping_status":"open","sticky":false,"template":"","format":"standard","meta":{"footnotes":""},"categories":[],"tags":[],"class_list":["post-32776","post","type-post","status-publish","format-standard","has-post-thumbnail"],"aioseo_notices":[],"amp_enabled":true,"_links":{"self":[{"href":"https:\/\/dentalpress.com.br\/portal\/wp-json\/wp\/v2\/posts\/32776","targetHints":{"allow":["GET"]}}],"collection":[{"href":"https:\/\/dentalpress.com.br\/portal\/wp-json\/wp\/v2\/posts"}],"about":[{"href":"https:\/\/dentalpress.com.br\/portal\/wp-json\/wp\/v2\/types\/post"}],"author":[{"embeddable":true,"href":"https:\/\/dentalpress.com.br\/portal\/wp-json\/wp\/v2\/users\/26"}],"replies":[{"embeddable":true,"href":"https:\/\/dentalpress.com.br\/portal\/wp-json\/wp\/v2\/comments?post=32776"}],"version-history":[{"count":3,"href":"https:\/\/dentalpress.com.br\/portal\/wp-json\/wp\/v2\/posts\/32776\/revisions"}],"predecessor-version":[{"id":32783,"href":"https:\/\/dentalpress.com.br\/portal\/wp-json\/wp\/v2\/posts\/32776\/revisions\/32783"}],"wp:featuredmedia":[{"embeddable":true,"href":"https:\/\/dentalpress.com.br\/portal\/wp-json\/wp\/v2\/media\/32778"}],"wp:attachment":[{"href":"https:\/\/dentalpress.com.br\/portal\/wp-json\/wp\/v2\/media?parent=32776"}],"wp:term":[{"taxonomy":"category","embeddable":true,"href":"https:\/\/dentalpress.com.br\/portal\/wp-json\/wp\/v2\/categories?post=32776"},{"taxonomy":"post_tag","embeddable":true,"href":"https:\/\/dentalpress.com.br\/portal\/wp-json\/wp\/v2\/tags?post=32776"}],"curies":[{"name":"wp","href":"https:\/\/api.w.org\/{rel}","templated":true}]}}