{"id":32770,"date":"2022-07-07T10:38:52","date_gmt":"2022-07-07T13:38:52","guid":{"rendered":"https:\/\/www.dentalpress.com.br\/portal\/?p=32770"},"modified":"2022-07-07T10:38:52","modified_gmt":"2022-07-07T13:38:52","slug":"nova-edicao-da-revista-dental-press-journal-of-orthodontics-ja-esta-disponivel","status":"publish","type":"post","link":"https:\/\/dentalpress.com.br\/portal\/nova-edicao-da-revista-dental-press-journal-of-orthodontics-ja-esta-disponivel\/","title":{"rendered":"Nova edi\u00e7\u00e3o da revista Dental Press Journal of Orthodontics j\u00e1 est\u00e1 dispon\u00edvel"},"content":{"rendered":"<p>A mais recente edi\u00e7\u00e3o da revista <strong>Dental Press Journal of Orthodontics &#8211; DPJO<\/strong>, <em>volume 27<\/em>, <em>n\u00famero 3<\/em>, j\u00e1 est\u00e1 dispon\u00edvel em sua vers\u00e3o em l\u00edngua portuguesa. Com 11 publica\u00e7\u00f5es exclusivas, essa \u00e9 a segunda edi\u00e7\u00e3o da <strong>DPJO<\/strong> com <a href=\"https:\/\/www.dentalpress.com.br\/portal\/novo-editor-chefe-da-dental-press-journal-of-orthodontics-e-anunciado-no-13o-congresso-internacional-abor\/\" target=\"_blank\" rel=\"noopener\">Dr. Matheus Melo Pithon<\/a> \u00e0 frente da editoria-chefe da revista.<\/p>\n<figure id=\"attachment_32772\" aria-describedby=\"caption-attachment-32772\" style=\"width: 225px\" class=\"wp-caption alignleft\"><img fetchpriority=\"high\" decoding=\"async\" class=\"size-medium wp-image-32772\" src=\"https:\/\/dentalpress.com.br\/portal\/wp-content\/uploads\/2022\/07\/capa_DPJO_27_3-PT-225x300.jpg\" alt=\"Dental Press Journal of Orthodontics; DPJO; Dental Press; DentalGO; Dental Go; Matheus Melo Phiton; Matheus Pithon; BBO; ABOR; Dental Press Editora\" width=\"225\" height=\"300\" srcset=\"\/wp-content\/uploads\/2022\/07\/capa_DPJO_27_3-PT-225x300.jpg 225w, \/wp-content\/uploads\/2022\/07\/capa_DPJO_27_3-PT-768x1025.jpg 768w, \/wp-content\/uploads\/2022\/07\/capa_DPJO_27_3-PT-1151x1536.jpg 1151w, \/wp-content\/uploads\/2022\/07\/capa_DPJO_27_3-PT-1535x2048.jpg 1535w, \/wp-content\/uploads\/2022\/07\/capa_DPJO_27_3-PT-1920x2561.jpg 1920w, \/wp-content\/uploads\/2022\/07\/capa_DPJO_27_3-PT-1170x1561.jpg 1170w, \/wp-content\/uploads\/2022\/07\/capa_DPJO_27_3-PT-585x780.jpg 585w, \/wp-content\/uploads\/2022\/07\/capa_DPJO_27_3-PT-scaled.jpg 1919w\" sizes=\"(max-width: 225px) 100vw, 225px\" \/><figcaption id=\"caption-attachment-32772\" class=\"wp-caption-text\">Imagem: Dental Press Editora\/Reprodu\u00e7\u00e3o<\/figcaption><\/figure>\n<p>Confira a seguir as publica\u00e7\u00f5es do volume 27, n\u00famero 3 da <strong>DPJO<\/strong>:<\/p>\n<ul>\n<li><strong>ORTHODONTICS HIGHLIGHTS:<\/strong> Matheus Melo Phiton<\/li>\n<li><strong>ARTIGO IN\u00c9DITO:<\/strong> Avalia\u00e7\u00e3o de dois softwares de estereofotogrametria para reconstru\u00e7\u00e3o 3D de modelos faciais virtuais<\/li>\n<li><strong>ARTIGO IN\u00c9DITO:<\/strong> Compara\u00e7\u00e3o intercentros entre a expans\u00e3o maxilar r\u00e1pida e lenta em pacientes com <a href=\"https:\/\/dentalpress.com.br\/portal\/causas-das-fissuras-labiopalatinas\/\">fissura<\/a> labiopalatina completa unilateral<\/li>\n<li><strong>ARTIGO IN\u00c9DITO:<\/strong> Como usar o Standard Protocol Items: Recommendations for Interventional Trials (SPIRIT) nas pesquisas em <a href=\"https:\/\/dentalpress.com.br\/portal\/excelencia-em-ortodontia-2\/\">Ortodontia<\/a><\/li>\n<li><strong>ARTIGO IN\u00c9DITO:<\/strong> Efeito de um dentifr\u00edcio com arginina a 8% no Streptococcus mutans em pacientes sob tratamento ortod\u00f4ntico com aparelho fixo: um ensaio cl\u00ednico randomizado<\/li>\n<li><strong>ARTIGO IN\u00c9DITO:<\/strong> Efeitos da teriparatida na forma\u00e7\u00e3o \u00f3ssea em ratos submetidos a expans\u00e3o da pr\u00e9-maxila induzida experimentalmente<\/li>\n<li><strong>ARTIGO IN\u00c9DITO:<\/strong> Influ\u00eancia da pandemia de COVID-19 na <a href=\"https:\/\/dentalpress.com.br\/portal\/curso-de-aperfeicoamento-em-dtm-dor-orofacial-e-apneia-do-sono\/\">dor<\/a> e qualidade de vida relacionada \u00e0 sa\u00fade bucal em mulheres com disfun\u00e7\u00e3o temporomandibular<\/li>\n<li><strong>ARTIGO IN\u00c9DITO:<\/strong> Mudan\u00e7as na inclina\u00e7\u00e3o das coroas dent\u00e1rias durante a fase inicial de alinhamento com arcos redondos<\/li>\n<li><strong>ARTIGO IN\u00c9DITO:<\/strong> Comp\u00f3sito experimental, contendo nanopart\u00edculas de prata revestidas com di\u00f3xido de sil\u00edcio, para colagem ortod\u00f4ntica: atividade antimicrobiana e resist\u00eancia ao cisalhamento<\/li>\n<li><strong>INSIGHT ORTOD\u00d4NTICO:<\/strong> O que muda na biologia da movimenta\u00e7\u00e3o osseodent\u00e1ria induzida com mini-implantes\/miniplacas \u00e9 a sincronicidade<\/li>\n<li><strong>T\u00d3PICO ESPECIAL:<\/strong> Tecnologia da informa\u00e7\u00e3o e comunica\u00e7\u00e3o em Odontologia: abordagem informativa e educacional para pacientes com aparelho ortod\u00f4ntico fixo<\/li>\n<\/ul>\n<p>A <strong>Dental Press Journal of Orthodontics<\/strong>, volume 27, n\u00famero 3 pode ser acessada por meio da plataforma <a href=\"https:\/\/dentalpress.com.br\/dentalgo\/\" target=\"_blank\" rel=\"noopener\">DentalGo<\/a>, a plataforma online de ensino da Dental Press.<\/p>\n","protected":false},"excerpt":{"rendered":"<p>A mais recente edi\u00e7\u00e3o da revista Dental Press Journal of Orthodontics &#8211; DPJO, volume 27, n\u00famero 3, j\u00e1 est\u00e1 dispon\u00edvel em sua vers\u00e3o em l\u00edngua portuguesa. Com 11 publica\u00e7\u00f5es exclusivas, essa \u00e9 a segunda edi\u00e7\u00e3o da DPJO com Dr. Matheus Melo Pithon \u00e0 frente da editoria-chefe da revista. Confira a seguir as publica\u00e7\u00f5es do volume<\/p>\n","protected":false},"author":26,"featured_media":32772,"comment_status":"open","ping_status":"open","sticky":false,"template":"","format":"standard","meta":{"footnotes":""},"categories":[],"tags":[],"class_list":["post-32770","post","type-post","status-publish","format-standard","has-post-thumbnail"],"aioseo_notices":[],"amp_enabled":true,"_links":{"self":[{"href":"https:\/\/dentalpress.com.br\/portal\/wp-json\/wp\/v2\/posts\/32770","targetHints":{"allow":["GET"]}}],"collection":[{"href":"https:\/\/dentalpress.com.br\/portal\/wp-json\/wp\/v2\/posts"}],"about":[{"href":"https:\/\/dentalpress.com.br\/portal\/wp-json\/wp\/v2\/types\/post"}],"author":[{"embeddable":true,"href":"https:\/\/dentalpress.com.br\/portal\/wp-json\/wp\/v2\/users\/26"}],"replies":[{"embeddable":true,"href":"https:\/\/dentalpress.com.br\/portal\/wp-json\/wp\/v2\/comments?post=32770"}],"version-history":[{"count":2,"href":"https:\/\/dentalpress.com.br\/portal\/wp-json\/wp\/v2\/posts\/32770\/revisions"}],"predecessor-version":[{"id":32773,"href":"https:\/\/dentalpress.com.br\/portal\/wp-json\/wp\/v2\/posts\/32770\/revisions\/32773"}],"wp:featuredmedia":[{"embeddable":true,"href":"https:\/\/dentalpress.com.br\/portal\/wp-json\/wp\/v2\/media\/32772"}],"wp:attachment":[{"href":"https:\/\/dentalpress.com.br\/portal\/wp-json\/wp\/v2\/media?parent=32770"}],"wp:term":[{"taxonomy":"category","embeddable":true,"href":"https:\/\/dentalpress.com.br\/portal\/wp-json\/wp\/v2\/categories?post=32770"},{"taxonomy":"post_tag","embeddable":true,"href":"https:\/\/dentalpress.com.br\/portal\/wp-json\/wp\/v2\/tags?post=32770"}],"curies":[{"name":"wp","href":"https:\/\/api.w.org\/{rel}","templated":true}]}}