{"id":32768,"date":"2022-07-11T17:08:33","date_gmt":"2022-07-11T20:08:33","guid":{"rendered":"https:\/\/www.dentalpress.com.br\/portal\/?p=32768"},"modified":"2022-07-11T17:10:10","modified_gmt":"2022-07-11T20:10:10","slug":"tabaco-aquecido-pode-ser-banido-na-uniao-europeia","status":"publish","type":"post","link":"https:\/\/dentalpress.com.br\/portal\/tabaco-aquecido-pode-ser-banido-na-uniao-europeia\/","title":{"rendered":"Tabaco aquecido pode ser banido na Uni\u00e3o Europeia"},"content":{"rendered":"<figure id=\"attachment_32786\" aria-describedby=\"caption-attachment-32786\" style=\"width: 300px\" class=\"wp-caption alignleft\"><img fetchpriority=\"high\" decoding=\"async\" class=\"size-medium wp-image-32786\" src=\"https:\/\/dentalpress.com.br\/portal\/wp-content\/uploads\/2022\/07\/possessed-photography-znpTnG9_-zs-unsplash-300x200.jpg\" alt=\"tabaco aquecido; tabaco\/ aquecido\/ uni\u00e3o europeia; banimento; proibi\u00e7\u00e3o; cigarro eletr\u00f4nico; vape\" width=\"300\" height=\"200\" srcset=\"\/wp-content\/uploads\/2022\/07\/possessed-photography-znpTnG9_-zs-unsplash-300x200.jpg 300w, \/wp-content\/uploads\/2022\/07\/possessed-photography-znpTnG9_-zs-unsplash-1024x684.jpg 1024w, \/wp-content\/uploads\/2022\/07\/possessed-photography-znpTnG9_-zs-unsplash-768x513.jpg 768w, \/wp-content\/uploads\/2022\/07\/possessed-photography-znpTnG9_-zs-unsplash-1536x1026.jpg 1536w, \/wp-content\/uploads\/2022\/07\/possessed-photography-znpTnG9_-zs-unsplash-2048x1368.jpg 2048w, \/wp-content\/uploads\/2022\/07\/possessed-photography-znpTnG9_-zs-unsplash-1920x1282.jpg 1920w, \/wp-content\/uploads\/2022\/07\/possessed-photography-znpTnG9_-zs-unsplash-1170x781.jpg 1170w, \/wp-content\/uploads\/2022\/07\/possessed-photography-znpTnG9_-zs-unsplash-585x391.jpg 585w, \/wp-content\/uploads\/2022\/07\/possessed-photography-znpTnG9_-zs-unsplash-263x175.jpg 263w\" sizes=\"(max-width: 300px) 100vw, 300px\" \/><figcaption id=\"caption-attachment-32786\" class=\"wp-caption-text\">Foto: Unsplash\/Ilustrativa\/Reprodu\u00e7\u00e3o<\/figcaption><\/figure>\n<p>No m\u00eas de junho, a Uni\u00e3o Europeia sugeriu banir a venda de <strong>tabaco aquecido<\/strong> em todos os 27 pa\u00edses que comp\u00f5em a organiza\u00e7\u00e3o. O banimento deste tipo de produto \u00e9 fruto da preocupa\u00e7\u00e3o de organiza\u00e7\u00f5es de sa\u00fade acerca do aumento no consumo deste tipo de subst\u00e2ncia.<\/p>\n<p>De acordo com um relat\u00f3rio divulgado pela Uni\u00e3o Europeia, o consumo de <strong>tabaco aquecido<\/strong> &#8211; que n\u00e3o \u00e9 o mesmo que cigarro eletr\u00f4nico &#8211; ultrapassou 2,5% das vendas do mercado de tabaco na Uni\u00e3o Europeia. A organiza\u00e7\u00e3o tamb\u00e9m se preocupa com a populariza\u00e7\u00e3o do produto, que t\u00eam aumentado sobretudo entre o p\u00fablico jovem.<\/p>\n<p>A Uni\u00e3o Europeia ainda trabalha para criar a &#8220;<strong>Gera\u00e7\u00e3o Livre do Tabaco<\/strong>&#8221; ou <em>Tobacco Free Generation<\/em>, visando, at\u00e9 2040, ter menos de 5% da popula\u00e7\u00e3o dependente de tabaco.<\/p>\n<p>A proposi\u00e7\u00e3o est\u00e1 sendo analisada pelo Conselho Europeu e caso a medida seja aprovada, os estados membros da Uni\u00e3o Europeia ter\u00e3o alguns meses para implementar a proibi\u00e7\u00e3o da venda de <strong>tabaco aquecido<\/strong>. Entretanto, a proposta n\u00e3o ir\u00e1 abranger a venda de cigarros eletr\u00f4nicos, pois s\u00e3o produtos distintos, mesmo ambos pertencendo \u00e0 categoria de <strong>Dispositivos Eletr\u00f4nicos para Fumar<\/strong> (DEFs).<\/p>\n<p>O\u00a0<strong>tabaco aquecido<em>\u00a0<\/em><\/strong>\u00e9 considerado uma alternativa menos t\u00f3xica, se comparado ao cigarro convencional, que tem sua venda permitida. O\u00a0<strong>tabaco aquecido<\/strong> alcan\u00e7a uma temperatura m\u00e1xima de 350 \u00baC, abaixo dos n\u00edveis de combust\u00e3o, j\u00e1 o cigarro convencional, normalmente, atinge temperaturas acima de 600 \u00baC.<\/p>\n<p>Com informa\u00e7\u00f5es do <a href=\"https:\/\/www.washingtonpost.com\/world\/2022\/06\/30\/european-union-flavored-heated-tobacco-ban\/?utm_source=feedly&amp;utm_medium=referral&amp;utm_campaign=wp_lifestyle-wellness\" target=\"_blank\" rel=\"noopener\">The Washington Post<\/a>.<\/p>\n","protected":false},"excerpt":{"rendered":"<p>No m\u00eas de junho, a Uni\u00e3o Europeia sugeriu banir a venda de tabaco aquecido em todos os 27 pa\u00edses que comp\u00f5em a organiza\u00e7\u00e3o. O banimento deste tipo de produto \u00e9 fruto da preocupa\u00e7\u00e3o de organiza\u00e7\u00f5es de sa\u00fade acerca do aumento no consumo deste tipo de subst\u00e2ncia. De acordo com um relat\u00f3rio divulgado pela Uni\u00e3o Europeia,<\/p>\n","protected":false},"author":26,"featured_media":32786,"comment_status":"open","ping_status":"open","sticky":false,"template":"","format":"standard","meta":{"footnotes":""},"categories":[],"tags":[],"class_list":["post-32768","post","type-post","status-publish","format-standard","has-post-thumbnail"],"aioseo_notices":[],"amp_enabled":true,"_links":{"self":[{"href":"https:\/\/dentalpress.com.br\/portal\/wp-json\/wp\/v2\/posts\/32768","targetHints":{"allow":["GET"]}}],"collection":[{"href":"https:\/\/dentalpress.com.br\/portal\/wp-json\/wp\/v2\/posts"}],"about":[{"href":"https:\/\/dentalpress.com.br\/portal\/wp-json\/wp\/v2\/types\/post"}],"author":[{"embeddable":true,"href":"https:\/\/dentalpress.com.br\/portal\/wp-json\/wp\/v2\/users\/26"}],"replies":[{"embeddable":true,"href":"https:\/\/dentalpress.com.br\/portal\/wp-json\/wp\/v2\/comments?post=32768"}],"version-history":[{"count":3,"href":"https:\/\/dentalpress.com.br\/portal\/wp-json\/wp\/v2\/posts\/32768\/revisions"}],"predecessor-version":[{"id":32787,"href":"https:\/\/dentalpress.com.br\/portal\/wp-json\/wp\/v2\/posts\/32768\/revisions\/32787"}],"wp:featuredmedia":[{"embeddable":true,"href":"https:\/\/dentalpress.com.br\/portal\/wp-json\/wp\/v2\/media\/32786"}],"wp:attachment":[{"href":"https:\/\/dentalpress.com.br\/portal\/wp-json\/wp\/v2\/media?parent=32768"}],"wp:term":[{"taxonomy":"category","embeddable":true,"href":"https:\/\/dentalpress.com.br\/portal\/wp-json\/wp\/v2\/categories?post=32768"},{"taxonomy":"post_tag","embeddable":true,"href":"https:\/\/dentalpress.com.br\/portal\/wp-json\/wp\/v2\/tags?post=32768"}],"curies":[{"name":"wp","href":"https:\/\/api.w.org\/{rel}","templated":true}]}}