{"id":32759,"date":"2022-07-06T09:41:20","date_gmt":"2022-07-06T12:41:20","guid":{"rendered":"https:\/\/www.dentalpress.com.br\/portal\/?p=32759"},"modified":"2022-07-06T09:41:20","modified_gmt":"2022-07-06T12:41:20","slug":"conselho-federal-de-odontologia-abre-concurso-com-vagas-efetivas-e-de-cadastro-de-reserva-em-brasilia","status":"publish","type":"post","link":"https:\/\/dentalpress.com.br\/portal\/conselho-federal-de-odontologia-abre-concurso-com-vagas-efetivas-e-de-cadastro-de-reserva-em-brasilia\/","title":{"rendered":"Conselho Federal de Odontologia abre concurso com vagas efetivas e de cadastro de reserva em Bras\u00edlia"},"content":{"rendered":"<figure id=\"attachment_32761\" aria-describedby=\"caption-attachment-32761\" style=\"width: 300px\" class=\"wp-caption alignleft\"><img fetchpriority=\"high\" decoding=\"async\" class=\"size-medium wp-image-32761\" src=\"https:\/\/dentalpress.com.br\/portal\/wp-content\/uploads\/2022\/07\/thandy-yung-40sPNStw_40-unsplash-300x200.jpg\" alt=\"Conselho Federal de Odontologia; CFO; Concurso; Edital; Vagas; Bras\u00edlia; Distrito Federal\" width=\"300\" height=\"200\" srcset=\"\/wp-content\/uploads\/2022\/07\/thandy-yung-40sPNStw_40-unsplash-300x200.jpg 300w, \/wp-content\/uploads\/2022\/07\/thandy-yung-40sPNStw_40-unsplash-1024x683.jpg 1024w, \/wp-content\/uploads\/2022\/07\/thandy-yung-40sPNStw_40-unsplash-768x512.jpg 768w, \/wp-content\/uploads\/2022\/07\/thandy-yung-40sPNStw_40-unsplash-1536x1024.jpg 1536w, \/wp-content\/uploads\/2022\/07\/thandy-yung-40sPNStw_40-unsplash-2048x1365.jpg 2048w, \/wp-content\/uploads\/2022\/07\/thandy-yung-40sPNStw_40-unsplash-1920x1280.jpg 1920w, \/wp-content\/uploads\/2022\/07\/thandy-yung-40sPNStw_40-unsplash-1170x780.jpg 1170w, \/wp-content\/uploads\/2022\/07\/thandy-yung-40sPNStw_40-unsplash-585x390.jpg 585w, \/wp-content\/uploads\/2022\/07\/thandy-yung-40sPNStw_40-unsplash-263x175.jpg 263w\" sizes=\"(max-width: 300px) 100vw, 300px\" \/><figcaption id=\"caption-attachment-32761\" class=\"wp-caption-text\">Foto: Thandy Yung\/Unsplash\/Reprodu\u00e7\u00e3o<\/figcaption><\/figure>\n<p>O <a href=\"https:\/\/website.cfo.org.br\/\">Conselho Federal de Odontologia<\/a> anunciou a abertura de um concurso com 300 postos de trabalho para 11 vagas efetivas e 289 cadastros de reserva em Bras\u00edlia, Distrito Federal. As <a href=\"https:\/\/concursos.quadrix.org.br\/NovoCadastro.aspx\" target=\"_blank\" rel=\"noopener\">inscri\u00e7\u00f5es<\/a> ficam dispon\u00edveis at\u00e9 o dia 4 de agosto.<\/p>\n<p>Est\u00e3o dispon\u00edveis cargos de n\u00edvel m\u00e9dio, t\u00e9cnico e superior. A taxa de inscri\u00e7\u00e3o para os cargos de n\u00edvel m\u00e9dio e t\u00e9cnico est\u00e1 no valor de R$ 70,00, j\u00e1 a taxa de inscri\u00e7\u00e3o para as vagas de n\u00edvel superior t\u00eam valor de R$ 90,00.<\/p>\n<p>Entre as vagas dispon\u00edveis, est\u00e3o:<\/p>\n<ul>\n<li><strong>Agente operacional<\/strong><\/li>\n<li><strong>T\u00e9cnico administrativo<\/strong><\/li>\n<li><strong>T\u00e9cnico em Tecnologia da Informa\u00e7\u00e3o<\/strong><\/li>\n<li><strong>Analista geral<\/strong><\/li>\n<li><strong>Analista de Desenvolvimento de Sistemas da Informa\u00e7\u00e3o<\/strong><\/li>\n<li><strong>Analista de Suporte de Tecnologia da Informa\u00e7\u00e3o<\/strong><\/li>\n<li><strong>Contador<\/strong><\/li>\n<li><strong>Procurador Jur\u00eddico<\/strong><\/li>\n<\/ul>\n<p>A remunera\u00e7\u00e3o para os cargos varia de R$ 3.025,00 at\u00e9 R$ 9.075,00, com jornadas de trabalho de 40 horas semanais. Al\u00e9m do sal\u00e1rio base, tamb\u00e9m h\u00e1 benef\u00edcios como plano de assist\u00eancia m\u00e9dica, aux\u00edlio transporte e aux\u00edlio alimenta\u00e7\u00e3o no valor de R$ 1.298,00.<\/p>\n<p>As provas ser\u00e3o realizadas em Bras\u00edlia (DF), no dia 11 de setembro. Para conferir o edital do concurso, basta clicar <a href=\"http:\/\/www.quadrix.org.br\/todos-os-concursos\/proximos-concursos\/cfo-2022\/publicacoes-3\/edital-no-1-abertura.aspx\" target=\"_blank\" rel=\"noopener\">aqui<\/a>.<\/p>\n","protected":false},"excerpt":{"rendered":"<p>O Conselho Federal de Odontologia anunciou a abertura de um concurso com 300 postos de trabalho para 11 vagas efetivas e 289 cadastros de reserva em Bras\u00edlia, Distrito Federal. As inscri\u00e7\u00f5es ficam dispon\u00edveis at\u00e9 o dia 4 de agosto. Est\u00e3o dispon\u00edveis cargos de n\u00edvel m\u00e9dio, t\u00e9cnico e superior. A taxa de inscri\u00e7\u00e3o para os cargos<\/p>\n","protected":false},"author":26,"featured_media":32760,"comment_status":"open","ping_status":"open","sticky":false,"template":"","format":"standard","meta":{"footnotes":""},"categories":[],"tags":[],"class_list":["post-32759","post","type-post","status-publish","format-standard","has-post-thumbnail"],"aioseo_notices":[],"amp_enabled":true,"_links":{"self":[{"href":"https:\/\/dentalpress.com.br\/portal\/wp-json\/wp\/v2\/posts\/32759","targetHints":{"allow":["GET"]}}],"collection":[{"href":"https:\/\/dentalpress.com.br\/portal\/wp-json\/wp\/v2\/posts"}],"about":[{"href":"https:\/\/dentalpress.com.br\/portal\/wp-json\/wp\/v2\/types\/post"}],"author":[{"embeddable":true,"href":"https:\/\/dentalpress.com.br\/portal\/wp-json\/wp\/v2\/users\/26"}],"replies":[{"embeddable":true,"href":"https:\/\/dentalpress.com.br\/portal\/wp-json\/wp\/v2\/comments?post=32759"}],"version-history":[{"count":1,"href":"https:\/\/dentalpress.com.br\/portal\/wp-json\/wp\/v2\/posts\/32759\/revisions"}],"predecessor-version":[{"id":32762,"href":"https:\/\/dentalpress.com.br\/portal\/wp-json\/wp\/v2\/posts\/32759\/revisions\/32762"}],"wp:featuredmedia":[{"embeddable":true,"href":"https:\/\/dentalpress.com.br\/portal\/wp-json\/wp\/v2\/media\/32760"}],"wp:attachment":[{"href":"https:\/\/dentalpress.com.br\/portal\/wp-json\/wp\/v2\/media?parent=32759"}],"wp:term":[{"taxonomy":"category","embeddable":true,"href":"https:\/\/dentalpress.com.br\/portal\/wp-json\/wp\/v2\/categories?post=32759"},{"taxonomy":"post_tag","embeddable":true,"href":"https:\/\/dentalpress.com.br\/portal\/wp-json\/wp\/v2\/tags?post=32759"}],"curies":[{"name":"wp","href":"https:\/\/api.w.org\/{rel}","templated":true}]}}