{"id":32732,"date":"2022-07-04T11:15:54","date_gmt":"2022-07-04T14:15:54","guid":{"rendered":"https:\/\/www.dentalpress.com.br\/portal\/?p=32732"},"modified":"2022-07-05T09:28:35","modified_gmt":"2022-07-05T12:28:35","slug":"dra-tereza-scardua-especialista-em-harmonizacao-facial-ministra-aula-em-curso-da-dental-press","status":"publish","type":"post","link":"https:\/\/dentalpress.com.br\/portal\/dra-tereza-scardua-especialista-em-harmonizacao-facial-ministra-aula-em-curso-da-dental-press\/","title":{"rendered":"Dra. Tereza Scardua, especialista em Harmoniza\u00e7\u00e3o Facial, ministra aula em curso da Dental Press"},"content":{"rendered":"<p>Entre os dias 4\u00a0 e 8 de julho a Dental Press promove o terceiro e \u00faltimo m\u00f3dulo do <a href=\"https:\/\/cursos.dentalpress.com.br\/excelencia-em-harmonizacao-orofacial\/\" target=\"_blank\" rel=\"noopener\">1\u00ba curso de Excel\u00eancia em Harmoniza\u00e7\u00e3o Orofacial<\/a>, realizado em sua sede educacional, em Maring\u00e1, Paran\u00e1.\u00a0Com uma abordagem te\u00f3rica e pr\u00e1tica, o <a href=\"https:\/\/dentalpress.com.br\/portal\/como-inserir-lasers-de-baixa-e-alta-potencia-na-rotina-clinica\/\">curso<\/a> de <strong><a href=\"https:\/\/dentalpress.com.br\/portal\/excelencia-em-ortodontia-2\/\">Excel\u00eancia<\/a> em HOF<\/strong> conta com 120 horas\/aula, ministradas por mais de 10 especialistas.<\/p>\n<figure id=\"attachment_32737\" aria-describedby=\"caption-attachment-32737\" style=\"width: 192px\" class=\"wp-caption alignleft\"><img fetchpriority=\"high\" decoding=\"async\" class=\"size-medium wp-image-32737\" src=\"https:\/\/dentalpress.com.br\/portal\/wp-content\/uploads\/2022\/07\/52191957857_5799dc8aa3_h-192x300.jpg\" alt=\"Dra. Tereza Scardua; Tereza Scardua; Harmoniza\u00e7\u00e3o Facial; Harmoniza\u00e7\u00e3o Orofacial; Instituto Tereza Scardua; Bioestimuladores; Est\u00e9tica\" width=\"192\" height=\"300\" srcset=\"\/wp-content\/uploads\/2022\/07\/52191957857_5799dc8aa3_h-192x300.jpg 192w, \/wp-content\/uploads\/2022\/07\/52191957857_5799dc8aa3_h-656x1024.jpg 656w, \/wp-content\/uploads\/2022\/07\/52191957857_5799dc8aa3_h-768x1199.jpg 768w, \/wp-content\/uploads\/2022\/07\/52191957857_5799dc8aa3_h-984x1536.jpg 984w, \/wp-content\/uploads\/2022\/07\/52191957857_5799dc8aa3_h-585x913.jpg 585w, \/wp-content\/uploads\/2022\/07\/52191957857_5799dc8aa3_h.jpg 1025w\" sizes=\"(max-width: 192px) 100vw, 192px\" \/><figcaption id=\"caption-attachment-32737\" class=\"wp-caption-text\">Foto: Dental Press\/Reprodu\u00e7\u00e3o<\/figcaption><\/figure>\n<p>Quem participa do terceiro m\u00f3dulo que encerra o <strong>1\u00ba Excel\u00eancia em Harmoniza\u00e7\u00e3o <a href=\"https:\/\/dentalpress.com.br\/portal\/curso-de-aperfeicoamento-em-dtm-dor-orofacial-e-apneia-do-sono\/\">Orofacial<\/a><\/strong> \u00e9 uma das principais especialistas no tema na Am\u00e9rica Latina, a <a href=\"https:\/\/terezascardua.com.br\/\" target=\"_blank\" rel=\"noopener\"><strong>Dr\u00aa. Tereza Scardua<\/strong><\/a>. Com um vasto curr\u00edculo, Scardua \u00e9 refer\u00eancia internacional em HOF h\u00e1 mais de 10 anos.<\/p>\n<p>Em recente reportagem para o portal <a href=\"https:\/\/observatoriodosfamosos.uol.com.br\/noticias\/tereza-scardua-uma-das-maiores-especialistas-em-bioestimuladores-na-estetica-orofacial-da-america-latina\" target=\"_blank\" rel=\"noopener\">Observat\u00f3rio dos Famosos<\/a>, do UOL, Dr\u00aa. Tereza Scardua foi manchete pelo seu trabalho \u00e0 frente de pesquisas acerca da utiliza\u00e7\u00e3o do uso de bioestimuladores associados a procedimentos est\u00e9ticos. Scardua tamb\u00e9m esteve presente no <a href=\"https:\/\/www.ciosp.com.br\/\" target=\"_blank\" rel=\"noopener\">39\u00ba CIOSP<\/a>, realizado entre os dias 29 de junho a 2 de julho, participando como palestrante do congresso.<\/p>\n<p>Por conta de sua grande influ\u00eancia cient\u00edfica e pr\u00e1tica dentro da \u00e1rea da harmoniza\u00e7\u00e3o facial, que v\u00eam ganhando cada vez mais espa\u00e7o entre o p\u00fablico e o mercado nacional e mundial, a Dental Press promover\u00e1 um dia inteiro de aula com a Dr\u00aa. Tereza Scardua no terceiro m\u00f3dulo do 1\u00ba Excel\u00eancia em HOF.<\/p>\n<p>Tereza Scardua participa nesta segunda-feira, 4, ministrando a primeira aula que abre o terceiro m\u00f3dulo do 1\u00ba Excel\u00eancia em HOF, abordando o tema <strong>Hidroxiapatita de C\u00e1lcio<\/strong>. Sua exposi\u00e7\u00e3o acontece das 8 \u00e0s 18h.<\/p>\n<h5>SOBRE TEREZA SCARDUA<\/h5>\n<p>\u00c9 graduada em Odontologia pela Universidade Federal do Esp\u00edrito Santo (UFES), possui Mestrado em Disfun\u00e7\u00e3o Temporomandibular (<a href=\"https:\/\/dentalpress.com.br\/portal\/excelencia-em-dtm-2\/\">DTM<\/a>) pela Universidade Federal de S\u00e3o Paulo (UNIFESP) e Mestrado em Ortodontia pela Universidade de S\u00e3o Paulo (USP).<\/p>\n","protected":false},"excerpt":{"rendered":"<p>Entre os dias 4\u00a0 e 8 de julho a Dental Press promove o terceiro e \u00faltimo m\u00f3dulo do 1\u00ba curso de Excel\u00eancia em Harmoniza\u00e7\u00e3o Orofacial, realizado em sua sede educacional, em Maring\u00e1, Paran\u00e1.\u00a0Com uma abordagem te\u00f3rica e pr\u00e1tica, o curso de Excel\u00eancia em HOF conta com 120 horas\/aula, ministradas por mais de 10 especialistas. Quem<\/p>\n","protected":false},"author":26,"featured_media":32734,"comment_status":"open","ping_status":"open","sticky":false,"template":"","format":"standard","meta":{"footnotes":""},"categories":[],"tags":[],"class_list":["post-32732","post","type-post","status-publish","format-standard","has-post-thumbnail"],"aioseo_notices":[],"amp_enabled":true,"_links":{"self":[{"href":"https:\/\/dentalpress.com.br\/portal\/wp-json\/wp\/v2\/posts\/32732","targetHints":{"allow":["GET"]}}],"collection":[{"href":"https:\/\/dentalpress.com.br\/portal\/wp-json\/wp\/v2\/posts"}],"about":[{"href":"https:\/\/dentalpress.com.br\/portal\/wp-json\/wp\/v2\/types\/post"}],"author":[{"embeddable":true,"href":"https:\/\/dentalpress.com.br\/portal\/wp-json\/wp\/v2\/users\/26"}],"replies":[{"embeddable":true,"href":"https:\/\/dentalpress.com.br\/portal\/wp-json\/wp\/v2\/comments?post=32732"}],"version-history":[{"count":3,"href":"https:\/\/dentalpress.com.br\/portal\/wp-json\/wp\/v2\/posts\/32732\/revisions"}],"predecessor-version":[{"id":32751,"href":"https:\/\/dentalpress.com.br\/portal\/wp-json\/wp\/v2\/posts\/32732\/revisions\/32751"}],"wp:featuredmedia":[{"embeddable":true,"href":"https:\/\/dentalpress.com.br\/portal\/wp-json\/wp\/v2\/media\/32734"}],"wp:attachment":[{"href":"https:\/\/dentalpress.com.br\/portal\/wp-json\/wp\/v2\/media?parent=32732"}],"wp:term":[{"taxonomy":"category","embeddable":true,"href":"https:\/\/dentalpress.com.br\/portal\/wp-json\/wp\/v2\/categories?post=32732"},{"taxonomy":"post_tag","embeddable":true,"href":"https:\/\/dentalpress.com.br\/portal\/wp-json\/wp\/v2\/tags?post=32732"}],"curies":[{"name":"wp","href":"https:\/\/api.w.org\/{rel}","templated":true}]}}