{"id":32713,"date":"2022-06-29T10:08:11","date_gmt":"2022-06-29T13:08:11","guid":{"rendered":"https:\/\/www.dentalpress.com.br\/portal\/?p=32713"},"modified":"2022-06-29T10:55:22","modified_gmt":"2022-06-29T13:55:22","slug":"organizacao-mundial-da-saude-enfatiza-a-importancia-da-presenca-do-fluor-em-cremes-dentais","status":"publish","type":"post","link":"https:\/\/dentalpress.com.br\/portal\/organizacao-mundial-da-saude-enfatiza-a-importancia-da-presenca-do-fluor-em-cremes-dentais\/","title":{"rendered":"Organiza\u00e7\u00e3o Mundial da Sa\u00fade enfatiza a import\u00e2ncia da presen\u00e7a do fl\u00faor em cremes dentais"},"content":{"rendered":"<figure id=\"attachment_32715\" aria-describedby=\"caption-attachment-32715\" style=\"width: 200px\" class=\"wp-caption alignleft\"><img fetchpriority=\"high\" decoding=\"async\" class=\"size-medium wp-image-32715\" src=\"https:\/\/dentalpress.com.br\/portal\/wp-content\/uploads\/2022\/06\/pexels-miriam-alonso-7622555-200x300.jpg\" alt=\"Creme dental com fl\u00faor; Creme dental; Pasta de dente; Fluoreto; OMS; Organiza\u00e7\u00e3o Mundial da Sa\u00fade; ADA;\" width=\"200\" height=\"300\" srcset=\"\/wp-content\/uploads\/2022\/06\/pexels-miriam-alonso-7622555-200x300.jpg 200w, \/wp-content\/uploads\/2022\/06\/pexels-miriam-alonso-7622555-683x1024.jpg 683w, \/wp-content\/uploads\/2022\/06\/pexels-miriam-alonso-7622555-768x1152.jpg 768w, \/wp-content\/uploads\/2022\/06\/pexels-miriam-alonso-7622555-1024x1536.jpg 1024w, \/wp-content\/uploads\/2022\/06\/pexels-miriam-alonso-7622555-1365x2048.jpg 1365w, \/wp-content\/uploads\/2022\/06\/pexels-miriam-alonso-7622555-1920x2880.jpg 1920w, \/wp-content\/uploads\/2022\/06\/pexels-miriam-alonso-7622555-1170x1755.jpg 1170w, \/wp-content\/uploads\/2022\/06\/pexels-miriam-alonso-7622555-585x878.jpg 585w, \/wp-content\/uploads\/2022\/06\/pexels-miriam-alonso-7622555-scaled.jpg 1707w\" sizes=\"(max-width: 200px) 100vw, 200px\" \/><figcaption id=\"caption-attachment-32715\" class=\"wp-caption-text\">Imagem: Ilustrativa\/Reprodu\u00e7\u00e3o\/Pexels<\/figcaption><\/figure>\n<p>Recentemente, a Organiza\u00e7\u00e3o Mundial da Sa\u00fade (OMS) atualizou sua lista de <strong>Medicamentos Essenciais<\/strong>, adicionando cremes dentais com fl\u00faor ao rol de f\u00e1rmacos necess\u00e1rios para a sa\u00fade b\u00e1sica da popula\u00e7\u00e3o. Essa decis\u00e3o foi tomada no outono de 2021.<\/p>\n<p>Essa decis\u00e3o da OMS pode levar pa\u00edses a regulamentar a produ\u00e7\u00e3o de cremes dentais com a adi\u00e7\u00e3o de fluoreto. Nos Estados Unidos, essa decis\u00e3o j\u00e1 \u00e9 uma normativa, regulamentada pela <strong>FDA &#8211; Food and Drug Administration<\/strong>.<\/p>\n<p>Em 2021, um estudo cient\u00edfico publicado pelo Jornal Dental Brit\u00e2nico (British Dental Journal) evidenciou que o aumento do uso de creme dental n\u00e3o fluoretado deve ser motivo de preocupa\u00e7\u00e3o para a sa\u00fade p\u00fablica em geral.<\/p>\n<p>Segundo o que informa a Associa\u00e7\u00e3o Dental Americana (The American Dental Association), o uso de cremes dentais com fl\u00faor \u00e9 seguro e eficaz na preven\u00e7\u00e3o de c\u00e1rie em crian\u00e7as e adultos.<\/p>\n<p>No Brasil, desde 2009 o uso de creme dental com fl\u00faor \u00e9 recomendado pela <strong>Associa\u00e7\u00e3o<\/strong>\u00a0<b>Brasileira de Odontopediatria<\/b> &#8211; ABOPED para crian\u00e7as desde o crescimento do primeiro dente.<\/p>\n<h6>FONTE<\/h6>\n<p><a href=\"https:\/\/www.ada.org\/publications\/ada-news\/2022\/june\/who-emphasizes-importance-of-fluoride-in-toothpastes\" target=\"_blank\" rel=\"noopener\">American Dental Association: https:\/\/www.ada.org\/publications\/ada-news\/2022\/june\/who-emphasizes-importance-of-fluoride-in-toothpastes<\/a><\/p>\n","protected":false},"excerpt":{"rendered":"<p>Recentemente, a Organiza\u00e7\u00e3o Mundial da Sa\u00fade (OMS) atualizou sua lista de Medicamentos Essenciais, adicionando cremes dentais com fl\u00faor ao rol de f\u00e1rmacos necess\u00e1rios para a sa\u00fade b\u00e1sica da popula\u00e7\u00e3o. Essa decis\u00e3o foi tomada no outono de 2021. Essa decis\u00e3o da OMS pode levar pa\u00edses a regulamentar a produ\u00e7\u00e3o de cremes dentais com a adi\u00e7\u00e3o de<\/p>\n","protected":false},"author":26,"featured_media":32715,"comment_status":"open","ping_status":"open","sticky":false,"template":"","format":"standard","meta":{"footnotes":""},"categories":[],"tags":[],"class_list":["post-32713","post","type-post","status-publish","format-standard","has-post-thumbnail"],"aioseo_notices":[],"amp_enabled":true,"_links":{"self":[{"href":"https:\/\/dentalpress.com.br\/portal\/wp-json\/wp\/v2\/posts\/32713","targetHints":{"allow":["GET"]}}],"collection":[{"href":"https:\/\/dentalpress.com.br\/portal\/wp-json\/wp\/v2\/posts"}],"about":[{"href":"https:\/\/dentalpress.com.br\/portal\/wp-json\/wp\/v2\/types\/post"}],"author":[{"embeddable":true,"href":"https:\/\/dentalpress.com.br\/portal\/wp-json\/wp\/v2\/users\/26"}],"replies":[{"embeddable":true,"href":"https:\/\/dentalpress.com.br\/portal\/wp-json\/wp\/v2\/comments?post=32713"}],"version-history":[{"count":2,"href":"https:\/\/dentalpress.com.br\/portal\/wp-json\/wp\/v2\/posts\/32713\/revisions"}],"predecessor-version":[{"id":32717,"href":"https:\/\/dentalpress.com.br\/portal\/wp-json\/wp\/v2\/posts\/32713\/revisions\/32717"}],"wp:featuredmedia":[{"embeddable":true,"href":"https:\/\/dentalpress.com.br\/portal\/wp-json\/wp\/v2\/media\/32715"}],"wp:attachment":[{"href":"https:\/\/dentalpress.com.br\/portal\/wp-json\/wp\/v2\/media?parent=32713"}],"wp:term":[{"taxonomy":"category","embeddable":true,"href":"https:\/\/dentalpress.com.br\/portal\/wp-json\/wp\/v2\/categories?post=32713"},{"taxonomy":"post_tag","embeddable":true,"href":"https:\/\/dentalpress.com.br\/portal\/wp-json\/wp\/v2\/tags?post=32713"}],"curies":[{"name":"wp","href":"https:\/\/api.w.org\/{rel}","templated":true}]}}