{"id":32704,"date":"2022-06-28T11:35:36","date_gmt":"2022-06-28T14:35:36","guid":{"rendered":"https:\/\/www.dentalpress.com.br\/portal\/?p=32704"},"modified":"2022-06-28T11:42:52","modified_gmt":"2022-06-28T14:42:52","slug":"saiba-como-identificar-o-momento-certo-para-trocar-a-escova-de-dente","status":"publish","type":"post","link":"https:\/\/dentalpress.com.br\/portal\/saiba-como-identificar-o-momento-certo-para-trocar-a-escova-de-dente\/","title":{"rendered":"Escova de Dente: saiba como identificar o momento certo para trocar a sua"},"content":{"rendered":"<p>De quanto em quanto tempo devo trocar minha escova de dente? Essa \u00e9 uma pergunta que sempre paira sobre as discuss\u00f5es acerca da sa\u00fade oral. H\u00e1 alguns sinais que s\u00e3o fundamentais para identificar o momento certo de dar adeus \u00e0 sua escova e utilizar uma nova e h\u00e1 tamb\u00e9m um per\u00edodo fundamental para que essa mudan\u00e7a seja ocasionada.<\/p>\n<p>J\u00e1 \u00e9 um consenso de que o tempo necess\u00e1rio para que se fa\u00e7a a troca da sua escova de dente seja a cada tr\u00eas meses &#8211; segundo o que aponta a <a href=\"https:\/\/www.ada.org\/\" target=\"_blank\" rel=\"noopener\">Associa\u00e7\u00e3o Dental dos Estados Unidos<\/a> &#8211;\u00a0 apesar de muitas pessoas ignorarem essa recomenda\u00e7\u00e3o. H\u00e1 sinais que tamb\u00e9m devem ser avaliados quando se trata da sua troca de escova de dente, como o desgate das cerdas, por exemplo.<\/p>\n<figure id=\"attachment_32706\" aria-describedby=\"caption-attachment-32706\" style=\"width: 200px\" class=\"wp-caption alignleft\"><img fetchpriority=\"high\" decoding=\"async\" class=\"size-medium wp-image-32706\" src=\"https:\/\/dentalpress.com.br\/portal\/wp-content\/uploads\/2022\/06\/towfiqu-barbhuiya-rr0cuFV-0Mo-unsplash-200x300.jpg\" alt=\"Escova de dente; Toothbrush; Recicl\u00e1vel; Descart\u00e1vel; Sa\u00fade Bucal\" width=\"200\" height=\"300\" srcset=\"\/wp-content\/uploads\/2022\/06\/towfiqu-barbhuiya-rr0cuFV-0Mo-unsplash-200x300.jpg 200w, \/wp-content\/uploads\/2022\/06\/towfiqu-barbhuiya-rr0cuFV-0Mo-unsplash-683x1024.jpg 683w, \/wp-content\/uploads\/2022\/06\/towfiqu-barbhuiya-rr0cuFV-0Mo-unsplash-768x1152.jpg 768w, \/wp-content\/uploads\/2022\/06\/towfiqu-barbhuiya-rr0cuFV-0Mo-unsplash-1024x1536.jpg 1024w, \/wp-content\/uploads\/2022\/06\/towfiqu-barbhuiya-rr0cuFV-0Mo-unsplash-1365x2048.jpg 1365w, \/wp-content\/uploads\/2022\/06\/towfiqu-barbhuiya-rr0cuFV-0Mo-unsplash-1920x2880.jpg 1920w, \/wp-content\/uploads\/2022\/06\/towfiqu-barbhuiya-rr0cuFV-0Mo-unsplash-1170x1755.jpg 1170w, \/wp-content\/uploads\/2022\/06\/towfiqu-barbhuiya-rr0cuFV-0Mo-unsplash-585x878.jpg 585w, \/wp-content\/uploads\/2022\/06\/towfiqu-barbhuiya-rr0cuFV-0Mo-unsplash-scaled.jpg 1707w\" sizes=\"(max-width: 200px) 100vw, 200px\" \/><figcaption id=\"caption-attachment-32706\" class=\"wp-caption-text\">Imagem: Ilustrativa\/Unsplash<\/figcaption><\/figure>\n<p>A escova de dente \u00e9 um objeto que acumula bact\u00e9rias e fungos de maneira muito f\u00e1cil, afinal, est\u00e1 diariamente em contato com a boca, seja em momentos ap\u00f3s uma refei\u00e7\u00e3o, antes de dormir ou depois de acordar, bem como ao parmanecer em ambientes como banheiros, que se tornam muito mais suscet\u00edveis para a prolifera\u00e7\u00e3o desses organismos.<\/p>\n<p>Se temos o entendimento de que quanto mais utilizamos a escova de dente, mais ela se desgasta, ao completar o ciclo de vida \u00fatil recomendado de tr\u00eas meses, \u00e9 necess\u00e1rio fazer a troca desse objeto t\u00e3o imprescind\u00edvel para a manuten\u00e7\u00e3o da sa\u00fade bucal.<\/p>\n<p>A conserva\u00e7\u00e3o da escova de dente deve ser feita, afinal, melhora a sua vida \u00fatil. Cuidados como retirar o excesso de \u00e1gua acumulado nas cerdas ap\u00f3s a escova\u00e7\u00e3o, higieniza\u00e7\u00e3o para a remo\u00e7\u00e3o de excesso de creme dental e mante-la fora de locais \u00famidos s\u00e3o a\u00e7\u00f5es cruciais para a sua preserva\u00e7\u00e3o.<\/p>\n<p>N\u00e3o espere o desgate das cerdas de sua escova de dente se tornar vis\u00edvel para troc\u00e1-la. Se as cerdas estiverem desfiadas ou desbotadas &#8211; no caso das escovas de dente coloridas &#8211; \u00e9 o momento necess\u00e1rio para a sua atualiza\u00e7\u00e3o. Mas lembre-se sempre de descartar corretamente a sua escova em lixo recicl\u00e1vel.<\/p>\n<h5>COMO DESCARTAR MINHA ESCOVA CORRETAMENTE?<\/h5>\n<p>Boa parte das escovas de dente s\u00e3o feitas a partir de materiais como o pl\u00e1stico, que podem levar at\u00e9 450 anos para de decompor. Apesar de ser um material f\u00e1cil de usar e reutilizar, o seu descarte incorreto \u00e9 muito prejudicial ao meio ambiente. O que se recomenda ap\u00f3s a vida \u00fatil de cada escova \u00e9 que seja feita uma higieniza\u00e7\u00e3o no objeto e que seu descarte seja feito em lixo recicl\u00e1vel.<\/p>\n","protected":false},"excerpt":{"rendered":"<p>De quanto em quanto tempo devo trocar minha escova de dente? Essa \u00e9 uma pergunta que sempre paira sobre as discuss\u00f5es acerca da sa\u00fade oral. H\u00e1 alguns sinais que s\u00e3o fundamentais para identificar o momento certo de dar adeus \u00e0 sua escova e utilizar uma nova e h\u00e1 tamb\u00e9m um per\u00edodo fundamental para que essa<\/p>\n","protected":false},"author":26,"featured_media":32705,"comment_status":"open","ping_status":"open","sticky":false,"template":"","format":"standard","meta":{"footnotes":""},"categories":[],"tags":[],"class_list":["post-32704","post","type-post","status-publish","format-standard","has-post-thumbnail"],"aioseo_notices":[],"amp_enabled":true,"_links":{"self":[{"href":"https:\/\/dentalpress.com.br\/portal\/wp-json\/wp\/v2\/posts\/32704","targetHints":{"allow":["GET"]}}],"collection":[{"href":"https:\/\/dentalpress.com.br\/portal\/wp-json\/wp\/v2\/posts"}],"about":[{"href":"https:\/\/dentalpress.com.br\/portal\/wp-json\/wp\/v2\/types\/post"}],"author":[{"embeddable":true,"href":"https:\/\/dentalpress.com.br\/portal\/wp-json\/wp\/v2\/users\/26"}],"replies":[{"embeddable":true,"href":"https:\/\/dentalpress.com.br\/portal\/wp-json\/wp\/v2\/comments?post=32704"}],"version-history":[{"count":3,"href":"https:\/\/dentalpress.com.br\/portal\/wp-json\/wp\/v2\/posts\/32704\/revisions"}],"predecessor-version":[{"id":32709,"href":"https:\/\/dentalpress.com.br\/portal\/wp-json\/wp\/v2\/posts\/32704\/revisions\/32709"}],"wp:featuredmedia":[{"embeddable":true,"href":"https:\/\/dentalpress.com.br\/portal\/wp-json\/wp\/v2\/media\/32705"}],"wp:attachment":[{"href":"https:\/\/dentalpress.com.br\/portal\/wp-json\/wp\/v2\/media?parent=32704"}],"wp:term":[{"taxonomy":"category","embeddable":true,"href":"https:\/\/dentalpress.com.br\/portal\/wp-json\/wp\/v2\/categories?post=32704"},{"taxonomy":"post_tag","embeddable":true,"href":"https:\/\/dentalpress.com.br\/portal\/wp-json\/wp\/v2\/tags?post=32704"}],"curies":[{"name":"wp","href":"https:\/\/api.w.org\/{rel}","templated":true}]}}