{"id":32689,"date":"2022-06-24T16:39:44","date_gmt":"2022-06-24T19:39:44","guid":{"rendered":"https:\/\/www.dentalpress.com.br\/portal\/?p=32689"},"modified":"2022-06-24T16:50:56","modified_gmt":"2022-06-24T19:50:56","slug":"24-de-junho-dia-de-conscientizacao-sobre-a-fissura-labiopalatina","status":"publish","type":"post","link":"https:\/\/dentalpress.com.br\/portal\/24-de-junho-dia-de-conscientizacao-sobre-a-fissura-labiopalatina\/","title":{"rendered":"Fissura Labiopalatina: 24 de junho \u00e9 escolhido para o dia de conscientiza\u00e7\u00e3o sobre essa condi\u00e7\u00e3o"},"content":{"rendered":"<p>Neste 24 de junho \u00e9 celebrado o <strong>Dia Nacional de Conscientiza\u00e7\u00e3o sobre a <a href=\"https:\/\/dentalpress.com.br\/portal\/causas-das-fissuras-labiopalatinas\/\">Fissura<\/a> Labiopalatina<\/strong>. A data foi institu\u00edda ap\u00f3s aprova\u00e7\u00e3o do senado federal, em vota\u00e7\u00e3o realizada no dia 13 de junho deste ano.<\/p>\n<p>Estima-se que no Brasil uma a cada 650 crian\u00e7as rec\u00e9m-nascidas sejam portadoras dessa condi\u00e7\u00e3o, que \u00e9 resultante de uma malforma\u00e7\u00e3o cong\u00eanita, segundo o que aponta o <a href=\"https:\/\/hrac.usp.br\/saude\/fissura-labiopalatina\/\" target=\"_blank\" rel=\"noopener\">HRAC-USP<\/a>.<\/p>\n<p>O dia 24 de junho foi escolhido com o dia nacional de conscientiza\u00e7\u00e3o sobre a fissura labiopalatina pois a data est\u00e1 atrelada \u00e0 funda\u00e7\u00e3o do Hospital de Reabilita\u00e7\u00e3o de Anomalias Craniofaciais da Universidade de S\u00e3o Paulo (HRAC-USP), no ano de 1967. O HRAC-USP \u00e9 refer\u00eancia em tratamentos e pesquisas sobre anomalias craniofaciais cong\u00eanitas.<\/p>\n<figure id=\"attachment_32691\" aria-describedby=\"caption-attachment-32691\" style=\"width: 300px\" class=\"wp-caption alignleft\"><img fetchpriority=\"high\" decoding=\"async\" class=\"size-medium wp-image-32691\" src=\"https:\/\/dentalpress.com.br\/portal\/wp-content\/uploads\/2022\/06\/imagem_materia-2-300x199.jpeg\" alt=\"Fissura Labiopalatina; l\u00e1bio leporino; senado federal; hrac; usp; conscientiza\u00e7\u00e3o\" width=\"300\" height=\"199\" srcset=\"\/wp-content\/uploads\/2022\/06\/imagem_materia-2-300x199.jpeg 300w, \/wp-content\/uploads\/2022\/06\/imagem_materia-2-768x509.jpeg 768w, \/wp-content\/uploads\/2022\/06\/imagem_materia-2-780x516.jpeg 780w, \/wp-content\/uploads\/2022\/06\/imagem_materia-2-585x388.jpeg 585w, \/wp-content\/uploads\/2022\/06\/imagem_materia-2-263x175.jpeg 263w, \/wp-content\/uploads\/2022\/06\/imagem_materia-2.jpeg 860w\" sizes=\"(max-width: 300px) 100vw, 300px\" \/><figcaption id=\"caption-attachment-32691\" class=\"wp-caption-text\">Foto: Waldemir Barreto\/Ag\u00eancia Senado<\/figcaption><\/figure>\n<p>Ainda, de acordo com o <a href=\"https:\/\/legis.senado.leg.br\/sdleg-getter\/documento?dm=9022428&amp;ts=1655899998337&amp;disposition=inline\" target=\"_blank\" rel=\"noopener\">projeto de lei 6.565\/2019<\/a>\u00a0que instituiu a cria\u00e7\u00e3o desta data &#8220;<strong>[O] projeto justifica sua iniciativa citando a preval\u00eancia da fissura labiopalatina, malforma\u00e7\u00e3o cong\u00eanita que pode acarretar dificuldades na amamenta\u00e7\u00e3o, bem como efeitos est\u00e9ticos que podem ocasionar dist\u00farbios emocionais. Por tais raz\u00f5es, prop\u00f5e a institui\u00e7\u00e3o desta data comemorativa para a divulga\u00e7\u00e3o de informa\u00e7\u00f5es sobre esta malforma\u00e7\u00e3o, contribuindo para a redu\u00e7\u00e3o do preconceito com todos aqueles por ela acometidos<\/strong>.&#8221;<\/p>\n<p>Ap\u00f3s ser aprovado pelo Plen\u00e1rio do Senado Federal, o projeto aguarda a san\u00e7\u00e3o do Poder Executivo, que tem at\u00e9 o dia 11 de julho para sancionar ou vetar o PL.<\/p>\n<h5>ENTENDENDO A CONDI\u00c7\u00c3O DA FISSURA LABIOPALATINA<\/h5>\n<p>A <strong>fissura labiopalatina<\/strong> ocorre quando as estruturas embrion\u00e1rias que fazem parte da face n\u00e3o se unem at\u00e9 o fim da gesta\u00e7\u00e3o e podem ser causadas por fatores ambientais, como a ingest\u00e3o de bebida alco\u00f3lica durante a gravidez, nicotina e alguns medicamentos, mas tamb\u00e9m pode ser ocasionada por fatores gen\u00e9ticos.<\/p>\n<p>No Brasil, cerca de 28 institui\u00e7\u00f5es de sa\u00fade realizam atendimento especializado em casos de <strong>fissura labiopalatina<\/strong>. Todas essas institui\u00e7\u00f5es est\u00e3o credenciadas no SUS &#8211; Sistema \u00danico de Sa\u00fade.<\/p>\n<p>O tratamento para esse tipo de caso normalmente \u00e9 longo e ocorre em diversas etapas que se modificam ao longo do crescimento do paciente. H\u00e1 v\u00e1rios profissionais da sa\u00fade envolvidos no tratamento de um paciente diagnosticado com <strong>fissura labiopalatina<\/strong>. Essa condi\u00e7\u00e3o exige um tratamento multidisciplinar que passa por cirurgi\u00f5es-dentistas, m\u00e9dicos e fonoaudi\u00f3logos.<\/p>\n","protected":false},"excerpt":{"rendered":"<p>Neste 24 de junho \u00e9 celebrado o Dia Nacional de Conscientiza\u00e7\u00e3o sobre a Fissura Labiopalatina. A data foi institu\u00edda ap\u00f3s aprova\u00e7\u00e3o do senado federal, em vota\u00e7\u00e3o realizada no dia 13 de junho deste ano. Estima-se que no Brasil uma a cada 650 crian\u00e7as rec\u00e9m-nascidas sejam portadoras dessa condi\u00e7\u00e3o, que \u00e9 resultante de uma malforma\u00e7\u00e3o cong\u00eanita,<\/p>\n","protected":false},"author":26,"featured_media":32690,"comment_status":"open","ping_status":"open","sticky":false,"template":"","format":"standard","meta":{"footnotes":""},"categories":[],"tags":[],"class_list":["post-32689","post","type-post","status-publish","format-standard","has-post-thumbnail"],"aioseo_notices":[],"amp_enabled":true,"_links":{"self":[{"href":"https:\/\/dentalpress.com.br\/portal\/wp-json\/wp\/v2\/posts\/32689","targetHints":{"allow":["GET"]}}],"collection":[{"href":"https:\/\/dentalpress.com.br\/portal\/wp-json\/wp\/v2\/posts"}],"about":[{"href":"https:\/\/dentalpress.com.br\/portal\/wp-json\/wp\/v2\/types\/post"}],"author":[{"embeddable":true,"href":"https:\/\/dentalpress.com.br\/portal\/wp-json\/wp\/v2\/users\/26"}],"replies":[{"embeddable":true,"href":"https:\/\/dentalpress.com.br\/portal\/wp-json\/wp\/v2\/comments?post=32689"}],"version-history":[{"count":3,"href":"https:\/\/dentalpress.com.br\/portal\/wp-json\/wp\/v2\/posts\/32689\/revisions"}],"predecessor-version":[{"id":32695,"href":"https:\/\/dentalpress.com.br\/portal\/wp-json\/wp\/v2\/posts\/32689\/revisions\/32695"}],"wp:featuredmedia":[{"embeddable":true,"href":"https:\/\/dentalpress.com.br\/portal\/wp-json\/wp\/v2\/media\/32690"}],"wp:attachment":[{"href":"https:\/\/dentalpress.com.br\/portal\/wp-json\/wp\/v2\/media?parent=32689"}],"wp:term":[{"taxonomy":"category","embeddable":true,"href":"https:\/\/dentalpress.com.br\/portal\/wp-json\/wp\/v2\/categories?post=32689"},{"taxonomy":"post_tag","embeddable":true,"href":"https:\/\/dentalpress.com.br\/portal\/wp-json\/wp\/v2\/tags?post=32689"}],"curies":[{"name":"wp","href":"https:\/\/api.w.org\/{rel}","templated":true}]}}