{"id":32682,"date":"2022-06-24T17:14:26","date_gmt":"2022-06-24T20:14:26","guid":{"rendered":"https:\/\/www.dentalpress.com.br\/portal\/?p=32682"},"modified":"2022-06-24T17:14:26","modified_gmt":"2022-06-24T20:14:26","slug":"excelencia-em-harmonizacao-finalizado","status":"publish","type":"post","link":"https:\/\/dentalpress.com.br\/portal\/excelencia-em-harmonizacao-finalizado\/","title":{"rendered":"Segundo m\u00f3dulo do 1\u00ba curso de Excel\u00eancia em Harmoniza\u00e7\u00e3o Orofacial da Dental Press  \u00e9 finalizado nesta sexta-feira"},"content":{"rendered":"<p>Nesta sexta-feira (24), acontece a finaliza\u00e7\u00e3o do segundo m\u00f3dulo do 1\u00ba <a href=\"https:\/\/dentalpress.com.br\/portal\/como-inserir-lasers-de-baixa-e-alta-potencia-na-rotina-clinica\/\">curso<\/a> de Excel\u00eancia em Harmoniza\u00e7\u00e3o Orofacial, em Maring\u00e1 (PR). Este \u00e9 o primeiro curso de n\u00edvel E<strong>xcel\u00eancia<\/strong>\u00a0<strong>em Harmoniza\u00e7\u00e3o Orofacial<\/strong> <strong>(HOF)<\/strong> promovido pelo centro de ensino Dental Press.<\/p>\n<figure id=\"attachment_32697\" aria-describedby=\"caption-attachment-32697\" style=\"width: 300px\" class=\"wp-caption alignleft\"><img fetchpriority=\"high\" decoding=\"async\" class=\"size-medium wp-image-32697\" src=\"https:\/\/dentalpress.com.br\/portal\/wp-content\/uploads\/2022\/06\/MG_9916-300x200.jpg\" alt=\"1\u00ba curso de excel\u00eancia em harmoniza\u00e7\u00e3o orofacial; HOF; dental press cursos; dra thallita queiroz; harmoniza\u00e7\u00e3o; est\u00e9tica\" width=\"300\" height=\"200\" srcset=\"\/wp-content\/uploads\/2022\/06\/MG_9916-300x200.jpg 300w, \/wp-content\/uploads\/2022\/06\/MG_9916-1024x683.jpg 1024w, \/wp-content\/uploads\/2022\/06\/MG_9916-768x512.jpg 768w, \/wp-content\/uploads\/2022\/06\/MG_9916-1536x1024.jpg 1536w, \/wp-content\/uploads\/2022\/06\/MG_9916-2048x1365.jpg 2048w, \/wp-content\/uploads\/2022\/06\/MG_9916-1920x1280.jpg 1920w, \/wp-content\/uploads\/2022\/06\/MG_9916-1170x780.jpg 1170w, \/wp-content\/uploads\/2022\/06\/MG_9916-585x390.jpg 585w, \/wp-content\/uploads\/2022\/06\/MG_9916-263x175.jpg 263w\" sizes=\"(max-width: 300px) 100vw, 300px\" \/><figcaption id=\"caption-attachment-32697\" class=\"wp-caption-text\">Foto: Dental Press<\/figcaption><\/figure>\n<p>O curso foi dividido em tr\u00eas m\u00f3dulos, tendo os dois primeiros per\u00edodos sido realizados entre os dias 20 e 24 de junho. J\u00e1 o terceiro m\u00f3dulo ser\u00e1 iniciado no dia 4 de julho com finaliza\u00e7\u00e3o no dia 8 de julho.\u00a0 As inscri\u00e7\u00f5es para o 3\u00ba m\u00f3dulo do <strong>Excel\u00eancia em Harmoniza\u00e7\u00e3o Orofacial<\/strong>\u00a0ainda est\u00e3o abertas e podem ser realizas clicando <a href=\"https:\/\/cursos.dentalpress.com.br\/excelencia-em-harmonizacao-orofacial\/\" target=\"_blank\" rel=\"noopener\">aqui<\/a>.<\/p>\n<p>A metodologia do curso aborda quest\u00f5es t\u00e9cnicas e pr\u00e1ticas, imprescind\u00edveis aos profissionais da odontologia que desejam se atualizar na \u00e1rea de harmoniza\u00e7\u00e3o orofacial, que v\u00eam ganhando cada vez mais espa\u00e7o no mercado est\u00e9tico.<\/p>\n<p>O curso de Excel\u00eancia em Harmoniza\u00e7\u00e3o Orofacial \u00e9 coordenado pela Prof\u00aa Dr\u00aa Thallita Queiroz, al\u00e9m de contar com a participa\u00e7\u00e3o de 13 profissionais especialistas na \u00e1rea. Entre alguns dos temas abordados durante o curso, est\u00e3o:<\/p>\n<ul>\n<li aria-level=\"1\">Toxina Botul\u00ednica na Odontologia: bases cient\u00edficas para seu uso funcional;<\/li>\n<li aria-level=\"1\">\u00c1cido hialur\u00f4nico: full face; e<\/li>\n<li aria-level=\"1\">Cirurgia Ortogn\u00e1tica e harmoniza\u00e7\u00e3o orofacial<\/li>\n<\/ul>\n<p>O 3\u00ba m\u00f3dulo apresentar\u00e1 sua metodologia baseada em <span class=\"s1\"><b>Bioestimuladores de Col\u00e1geno\u00a0<\/b>e contar\u00e1 com a presente dos especialistas Dra. <\/span><span class=\"s1\">Tereza Scardua, Dr. Cledson Azevedo, Dr. Marcelo Januzzi, Dra. Julia Campana e Dra. Thallita Queiroz, encerrando o 1\u00ba curso de excel\u00eancia em HOF, na sexta-feira (8).<\/span><\/p>\n","protected":false},"excerpt":{"rendered":"<p>Nesta sexta-feira (24), acontece a finaliza\u00e7\u00e3o do segundo m\u00f3dulo do 1\u00ba curso de Excel\u00eancia em Harmoniza\u00e7\u00e3o Orofacial, em Maring\u00e1 (PR). Este \u00e9 o primeiro curso de n\u00edvel Excel\u00eancia\u00a0em Harmoniza\u00e7\u00e3o Orofacial (HOF) promovido pelo centro de ensino Dental Press. O curso foi dividido em tr\u00eas m\u00f3dulos, tendo os dois primeiros per\u00edodos sido realizados entre os dias<\/p>\n","protected":false},"author":26,"featured_media":32696,"comment_status":"open","ping_status":"open","sticky":false,"template":"","format":"standard","meta":{"footnotes":""},"categories":[],"tags":[],"class_list":["post-32682","post","type-post","status-publish","format-standard","has-post-thumbnail"],"aioseo_notices":[],"amp_enabled":true,"_links":{"self":[{"href":"https:\/\/dentalpress.com.br\/portal\/wp-json\/wp\/v2\/posts\/32682","targetHints":{"allow":["GET"]}}],"collection":[{"href":"https:\/\/dentalpress.com.br\/portal\/wp-json\/wp\/v2\/posts"}],"about":[{"href":"https:\/\/dentalpress.com.br\/portal\/wp-json\/wp\/v2\/types\/post"}],"author":[{"embeddable":true,"href":"https:\/\/dentalpress.com.br\/portal\/wp-json\/wp\/v2\/users\/26"}],"replies":[{"embeddable":true,"href":"https:\/\/dentalpress.com.br\/portal\/wp-json\/wp\/v2\/comments?post=32682"}],"version-history":[{"count":3,"href":"https:\/\/dentalpress.com.br\/portal\/wp-json\/wp\/v2\/posts\/32682\/revisions"}],"predecessor-version":[{"id":32699,"href":"https:\/\/dentalpress.com.br\/portal\/wp-json\/wp\/v2\/posts\/32682\/revisions\/32699"}],"wp:featuredmedia":[{"embeddable":true,"href":"https:\/\/dentalpress.com.br\/portal\/wp-json\/wp\/v2\/media\/32696"}],"wp:attachment":[{"href":"https:\/\/dentalpress.com.br\/portal\/wp-json\/wp\/v2\/media?parent=32682"}],"wp:term":[{"taxonomy":"category","embeddable":true,"href":"https:\/\/dentalpress.com.br\/portal\/wp-json\/wp\/v2\/categories?post=32682"},{"taxonomy":"post_tag","embeddable":true,"href":"https:\/\/dentalpress.com.br\/portal\/wp-json\/wp\/v2\/tags?post=32682"}],"curies":[{"name":"wp","href":"https:\/\/api.w.org\/{rel}","templated":true}]}}