{"id":32632,"date":"2022-06-20T15:21:48","date_gmt":"2022-06-20T18:21:48","guid":{"rendered":"https:\/\/www.dentalpress.com.br\/portal\/?p=32632"},"modified":"2022-07-01T15:05:21","modified_gmt":"2022-07-01T18:05:21","slug":"julho-laranja-o-mes-da-ortodontia-preventiva-e-dos-cuidados-com-a-saude-bucal","status":"publish","type":"post","link":"https:\/\/dentalpress.com.br\/portal\/julho-laranja-o-mes-da-ortodontia-preventiva-e-dos-cuidados-com-a-saude-bucal\/","title":{"rendered":"Julho Laranja, o m\u00eas da ortodontia preventiva e dos cuidados com a sa\u00fade bucal"},"content":{"rendered":"<p>Julho laranja, voc\u00ea j\u00e1 ouvir falar? Certamente voc\u00ea j\u00e1 ouviu falar das campanhas Outubro Rosa e Novembro Azul e pode at\u00e9 relacion\u00e1-las. Essas campanhas s\u00e3o incentivadas por \u00f3rg\u00e3os p\u00fablicos, ONGs e demais entidades para auxiliar na promo\u00e7\u00e3o de sa\u00fade de mulheres e homens anualmente e na preven\u00e7\u00e3o de doen\u00e7as como o c\u00e2ncer de mama e o c\u00e2ncer de pr\u00f3stata.<\/p>\n<p>A campanha <strong>Julho Laranja<\/strong> foi criada para incentivar dentro do campo da odontologia o desenvolvimento saud\u00e1vel da sa\u00fade bucal e o tratamento preventivo odontol\u00f3gico em crian\u00e7as. O <strong>Julho Laranja<\/strong> nasceu de uma iniciativa de duas cirurgi\u00e3s-dentistas do Distrito Federal, a Dr\u00aa Cibele Albergaria, odontopediatra e ortodontista e a Dr\u00aa Patricia Zambonato, ortodontista.<\/p>\n<figure id=\"attachment_32633\" aria-describedby=\"caption-attachment-32633\" style=\"width: 300px\" class=\"wp-caption alignleft\"><img fetchpriority=\"high\" decoding=\"async\" class=\"size-medium wp-image-32633\" src=\"https:\/\/dentalpress.com.br\/portal\/wp-content\/uploads\/2022\/06\/julitomascote-300x200.jpeg\" alt=\"Julho Laranja; Mascore Julito; Julito; Ortodontia; Ortopediatria;\" width=\"300\" height=\"200\" srcset=\"\/wp-content\/uploads\/2022\/06\/julitomascote-300x200.jpeg 300w, \/wp-content\/uploads\/2022\/06\/julitomascote-585x390.jpeg 585w, \/wp-content\/uploads\/2022\/06\/julitomascote-263x175.jpeg 263w, \/wp-content\/uploads\/2022\/06\/julitomascote.jpeg 750w\" sizes=\"(max-width: 300px) 100vw, 300px\" \/><figcaption id=\"caption-attachment-32633\" class=\"wp-caption-text\">Imagem: Conselho Regional de Odontologia do Distrito Federal\/Reprodu\u00e7\u00e3o<\/figcaption><\/figure>\n<p>Institu\u00edda desde 2018 com o slogan de &#8220;<strong>cuidados precoces, sorrisos para toda a vida<\/strong>&#8220;, a campanha Julho Laranja chegou a ganhar um mascote no ano de 2020, criado pela artista pl\u00e1stica ga\u00facha Clarissa Motta Nunes. O mascote escolhido tem at\u00e9 nome: \u00e9 o Julito, uma ave de cor alaranjada que representa o Julho Laranja.<\/p>\n<p>Mas por qu\u00ea a escolha do m\u00eas de julho para essa campanha? De acordo com a Dr\u00aa Cibele Albergaria, em uma entrevista concedida ao jornal <a href=\"https:\/\/www.correiobraziliense.com.br\/app\/noticia\/cidades\/2020\/07\/14\/interna_cidadesdf,872138\/julho-laranja-chama-atencao-para-avaliacao-ortodontica-em-criancas.shtml\" target=\"_blank\" rel=\"noopener\">Correio Brasiliense<\/a>, a escolha do m\u00eas de julho para a campanha <strong>Julho Laranja<\/strong> est\u00e1 atrelada ao per\u00edodo de f\u00e9rias escolares, momento em que m\u00e3es, pais e respons\u00e1veis t\u00eam mais disponibilidade para passar o dia a dia com seus filhos e, consequentemente, podem dar mais aten\u00e7\u00e3o \u00e0 sa\u00fade bucal dos pequenos.<\/p>\n<p>Segundo especialistas em <a href=\"https:\/\/dentalpress.com.br\/portal\/excelencia-em-ortodontia-2\/\">ortodontia<\/a>, o tratamento preventivo ortod\u00f4ntico realizado em crian\u00e7as auxilia na sa\u00fade bucal para o resto da vida de cada paciente. Quando iniciado ainda na inf\u00e2ncia, o tratamento se torna mais f\u00e1cil e at\u00e9 mesmo mais r\u00e1pido, desde a sua identifica\u00e7\u00e3o at\u00e9 o momento de manuten\u00e7\u00e3o da sa\u00fade bucal.<\/p>\n<h5>JULHO LARANJA PELO BRASIL<\/h5>\n<figure id=\"attachment_32635\" aria-describedby=\"caption-attachment-32635\" style=\"width: 300px\" class=\"wp-caption alignleft\"><img decoding=\"async\" class=\"size-medium wp-image-32635\" src=\"https:\/\/dentalpress.com.br\/portal\/wp-content\/uploads\/2022\/06\/imagem_materia-1-300x199.jpeg\" alt=\"Julho Laranja; Mascore Julito; Julito; Ortodontia; Ortopediatria;\" width=\"300\" height=\"199\" srcset=\"\/wp-content\/uploads\/2022\/06\/imagem_materia-1-300x199.jpeg 300w, \/wp-content\/uploads\/2022\/06\/imagem_materia-1-768x509.jpeg 768w, \/wp-content\/uploads\/2022\/06\/imagem_materia-1-780x516.jpeg 780w, \/wp-content\/uploads\/2022\/06\/imagem_materia-1-585x388.jpeg 585w, \/wp-content\/uploads\/2022\/06\/imagem_materia-1-263x175.jpeg 263w, \/wp-content\/uploads\/2022\/06\/imagem_materia-1.jpeg 860w\" sizes=\"(max-width: 300px) 100vw, 300px\" \/><figcaption id=\"caption-attachment-32635\" class=\"wp-caption-text\">Imagem: Ag\u00eancia Senado\/Roque de S\u00e1\/Reprodu\u00e7\u00e3o<\/figcaption><\/figure>\n<p>No ano de 2020, foi institu\u00edda no Distrito Federal a lei 6.510 que criou a <strong>Pol\u00edtica de Cuidados Ortod\u00f4nticos, Preventivos e Interceptivos em Crian\u00e7as<\/strong>, voltada para o p\u00fablico de 6 a 12 anos de idade, onde essas crian\u00e7as, estudantes da rede p\u00fablica de ensino do DF, devem, ao menos uma vez por ano, passar por consulta com um cirurgi\u00e3o-dentistas ou especialista em ortodontia. A campanha Julho Laranja est\u00e1 atrelada aos princ\u00edpios desta lei.<\/p>\n<p>Em julho de 2021, o Senado Federal foi iluminado com a cor laranja, destacando a import\u00e2ncia da campanha <strong>Julho Laranja<\/strong>. Outros \u00f3rg\u00e3os p\u00fablicos como o Pal\u00e1cio do Planalto e o Minist\u00e9rio da Sa\u00fade tamb\u00e9m foram iluminados em homenagem \u00e0 campanha.<\/p>\n","protected":false},"excerpt":{"rendered":"<p>Julho laranja, voc\u00ea j\u00e1 ouvir falar? Certamente voc\u00ea j\u00e1 ouviu falar das campanhas Outubro Rosa e Novembro Azul e pode at\u00e9 relacion\u00e1-las. Essas campanhas s\u00e3o incentivadas por \u00f3rg\u00e3os p\u00fablicos, ONGs e demais entidades para auxiliar na promo\u00e7\u00e3o de sa\u00fade de mulheres e homens anualmente e na preven\u00e7\u00e3o de doen\u00e7as como o c\u00e2ncer de mama e<\/p>\n","protected":false},"author":26,"featured_media":32633,"comment_status":"open","ping_status":"open","sticky":false,"template":"","format":"standard","meta":{"footnotes":""},"categories":[],"tags":[],"class_list":["post-32632","post","type-post","status-publish","format-standard","has-post-thumbnail"],"aioseo_notices":[],"amp_enabled":true,"_links":{"self":[{"href":"https:\/\/dentalpress.com.br\/portal\/wp-json\/wp\/v2\/posts\/32632","targetHints":{"allow":["GET"]}}],"collection":[{"href":"https:\/\/dentalpress.com.br\/portal\/wp-json\/wp\/v2\/posts"}],"about":[{"href":"https:\/\/dentalpress.com.br\/portal\/wp-json\/wp\/v2\/types\/post"}],"author":[{"embeddable":true,"href":"https:\/\/dentalpress.com.br\/portal\/wp-json\/wp\/v2\/users\/26"}],"replies":[{"embeddable":true,"href":"https:\/\/dentalpress.com.br\/portal\/wp-json\/wp\/v2\/comments?post=32632"}],"version-history":[{"count":3,"href":"https:\/\/dentalpress.com.br\/portal\/wp-json\/wp\/v2\/posts\/32632\/revisions"}],"predecessor-version":[{"id":32729,"href":"https:\/\/dentalpress.com.br\/portal\/wp-json\/wp\/v2\/posts\/32632\/revisions\/32729"}],"wp:featuredmedia":[{"embeddable":true,"href":"https:\/\/dentalpress.com.br\/portal\/wp-json\/wp\/v2\/media\/32633"}],"wp:attachment":[{"href":"https:\/\/dentalpress.com.br\/portal\/wp-json\/wp\/v2\/media?parent=32632"}],"wp:term":[{"taxonomy":"category","embeddable":true,"href":"https:\/\/dentalpress.com.br\/portal\/wp-json\/wp\/v2\/categories?post=32632"},{"taxonomy":"post_tag","embeddable":true,"href":"https:\/\/dentalpress.com.br\/portal\/wp-json\/wp\/v2\/tags?post=32632"}],"curies":[{"name":"wp","href":"https:\/\/api.w.org\/{rel}","templated":true}]}}