{"id":32629,"date":"2022-06-21T10:49:29","date_gmt":"2022-06-21T13:49:29","guid":{"rendered":"https:\/\/www.dentalpress.com.br\/portal\/?p=32629"},"modified":"2022-06-21T17:01:13","modified_gmt":"2022-06-21T20:01:13","slug":"novo-editor-chefe-da-dental-press-journal-of-orthodontics-e-anunciado-no-13o-congresso-internacional-abor","status":"publish","type":"post","link":"https:\/\/dentalpress.com.br\/portal\/novo-editor-chefe-da-dental-press-journal-of-orthodontics-e-anunciado-no-13o-congresso-internacional-abor\/","title":{"rendered":"Novo Editor-Chefe da Dental Press Journal of Orthodontics \u00e9 anunciado no 13\u00ba Congresso Internacional ABOR"},"content":{"rendered":"<figure id=\"attachment_32652\" aria-describedby=\"caption-attachment-32652\" style=\"width: 300px\" class=\"wp-caption alignleft\"><img fetchpriority=\"high\" decoding=\"async\" class=\"size-medium wp-image-32652\" src=\"https:\/\/dentalpress.com.br\/portal\/wp-content\/uploads\/2022\/06\/MG_8116-300x200.jpg\" alt=\"Dr. Matheus Melo Pithon; Editor-Chefe; DPJO; Dental Press Journal of Orthodontics; Dental Press; ABOR; Associa\u00e7\u00e3o Brasileira de Ortodontia e Ortopedia Facial; Dr. Bruno Furquim\" width=\"300\" height=\"200\" srcset=\"\/wp-content\/uploads\/2022\/06\/MG_8116-300x200.jpg 300w, \/wp-content\/uploads\/2022\/06\/MG_8116-1024x683.jpg 1024w, \/wp-content\/uploads\/2022\/06\/MG_8116-768x512.jpg 768w, \/wp-content\/uploads\/2022\/06\/MG_8116-1536x1024.jpg 1536w, \/wp-content\/uploads\/2022\/06\/MG_8116-2048x1365.jpg 2048w, \/wp-content\/uploads\/2022\/06\/MG_8116-1920x1280.jpg 1920w, \/wp-content\/uploads\/2022\/06\/MG_8116-1170x780.jpg 1170w, \/wp-content\/uploads\/2022\/06\/MG_8116-585x390.jpg 585w, \/wp-content\/uploads\/2022\/06\/MG_8116-263x175.jpg 263w\" sizes=\"(max-width: 300px) 100vw, 300px\" \/><figcaption id=\"caption-attachment-32652\" class=\"wp-caption-text\">Foto: 13\u00ba Congresso Internacional ABOR\/Divulga\u00e7\u00e3o<\/figcaption><\/figure>\n<p>No 13\u00b0 Congresso Internacional ABOR, realizado em Fortaleza (CE), entre os dias 15 e 18 de junho, foi anunciado o novo editor-chefe da revista <strong>Dental Press Journal of Orthodontics<\/strong>. O CEO da Dental Press, <strong>Dr. Bruno Furquim<\/strong> deu as boas-vindas ao <strong>Dr. Matheus Pithon<\/strong>, que assumir\u00e1 a editoria-chefe da <strong>DPJO<\/strong> pelos pr\u00f3ximos anos.<\/p>\n<p>Anteriormente, estava \u00e0 frente da editoria-chefe da <strong>DPJO<\/strong> a Dr\u00aa Fl\u00e1via Artese, que atuou por 4 anos no comando da Dental Press Journal of Orthodontics, durante os anos de 2018 a 2022, realizando um trabalho ex\u00edmio.<\/p>\n<p>Desde 1996, a <strong>DPJO<\/strong> \u00e9 uma das principais revistas do mundo na \u00e1rea da <a href=\"https:\/\/dentalpress.com.br\/portal\/excelencia-em-ortodontia-2\/\">ortodontia<\/a>. Em 2010, a revista foi internacionalizada, passando de <strong>Revista Dental Press de Ortodontia e Ortopedia Facial<\/strong> para <strong>Dental Press Journal of Orthodontics <\/strong>e desde ent\u00e3o suas publica\u00e7\u00f5es s\u00e3o realizadas nos idiomas portugu\u00eas e ingl\u00eas.<\/p>\n<figure id=\"attachment_32638\" aria-describedby=\"caption-attachment-32638\" style=\"width: 239px\" class=\"wp-caption alignleft\"><img decoding=\"async\" class=\"size-medium wp-image-32638\" src=\"https:\/\/dentalpress.com.br\/portal\/wp-content\/uploads\/2022\/06\/aed9a1b7e27959a63b2032832581c46f3593324f-239x300.jpeg\" alt=\"Matheus Melo Pithon; DPJO; Dental Press Journal of Orthodontics; ABOR; 13\u00ba Congresso Internacional ABOR\" width=\"239\" height=\"300\" srcset=\"\/wp-content\/uploads\/2022\/06\/aed9a1b7e27959a63b2032832581c46f3593324f-239x300.jpeg 239w, \/wp-content\/uploads\/2022\/06\/aed9a1b7e27959a63b2032832581c46f3593324f-815x1024.jpeg 815w, \/wp-content\/uploads\/2022\/06\/aed9a1b7e27959a63b2032832581c46f3593324f-768x965.jpeg 768w, \/wp-content\/uploads\/2022\/06\/aed9a1b7e27959a63b2032832581c46f3593324f-1222x1536.jpeg 1222w, \/wp-content\/uploads\/2022\/06\/aed9a1b7e27959a63b2032832581c46f3593324f-1170x1470.jpeg 1170w, \/wp-content\/uploads\/2022\/06\/aed9a1b7e27959a63b2032832581c46f3593324f-585x735.jpeg 585w, \/wp-content\/uploads\/2022\/06\/aed9a1b7e27959a63b2032832581c46f3593324f.jpeg 1246w\" sizes=\"(max-width: 239px) 100vw, 239px\" \/><figcaption id=\"caption-attachment-32638\" class=\"wp-caption-text\">Foto: Scielo\/Reprodu\u00e7\u00e3o<\/figcaption><\/figure>\n<p>E para falar mais sobre esse novo desafio \u00e0 frente de uma das principais revistas de ortodontia do mundo, n\u00f3s conversamos com o Dr. Matheus Pithon, que \u00e9 Mestre e Doutor em ortodontia pela Universidade Federal do Rio de Janeiro (UFRJ), P\u00f3s-Doutor em odontopediatria pela Universidade Federal do Rio de Janeiro (UFRJ), Professor da Universidade Estadual do Sudoeste da Bahia (UESB) e agora o mais novo editor-chefe da Dental Press Journal of Orthodontics.<\/p>\n<p><strong>DENTAL PRESS: <\/strong>Como foi receber o convite para ser editor-chefe da DPJO?<\/p>\n<p><strong>DR. MATHEUS PITHON: <\/strong>Recebi com muita alegria o convite. Tenho a pesquisa cient\u00edfica como uma paix\u00e3o. Nos \u00faltimos 15 anos dediquei-me bastante no desenvolvimento de pesquisas, creio que agora, possa contribuir para a Dental Press Journal of Orthodontics que \u00e9 nosso principal peri\u00f3dico no Brasil.<\/p>\n<p><strong>DENTAL PRESS:\u00a0<\/strong>Quais as principais metas e desafios \u00e0 frente da revista?<\/p>\n<p><strong>DR. MATHEUS PITHON:<\/strong> A revista est\u00e1 numa crescente. O objetivo \u00e9 torna-la a cada dia mais lida e principalmente citada com consequente melhoria no seu Cite Score. Para isso a proposta \u00e9 o aceite de artigos com resultados in\u00e9ditos e importantes para pr\u00e1tica cl\u00ednica ortod\u00f4ntica.<\/p>\n<h5>DENTAL PRESS JOURNAL OF ORTHODONTICS<\/h5>\n<p>Para acessar a <strong>Dental Press Journal of Orthodontics<\/strong>, basta assinar a plataforma <strong>DentalGo<\/strong>, clicando <a href=\"https:\/\/dentalpress.com.br\/dentalgo\/home\/\" target=\"_blank\" rel=\"noopener\">aqui<\/a>.<\/p>\n","protected":false},"excerpt":{"rendered":"<p>No 13\u00b0 Congresso Internacional ABOR, realizado em Fortaleza (CE), entre os dias 15 e 18 de junho, foi anunciado o novo editor-chefe da revista Dental Press Journal of Orthodontics. O CEO da Dental Press, Dr. Bruno Furquim deu as boas-vindas ao Dr. Matheus Pithon, que assumir\u00e1 a editoria-chefe da DPJO pelos pr\u00f3ximos anos. Anteriormente, estava<\/p>\n","protected":false},"author":26,"featured_media":32656,"comment_status":"open","ping_status":"open","sticky":false,"template":"","format":"standard","meta":{"footnotes":""},"categories":[],"tags":[],"class_list":["post-32629","post","type-post","status-publish","format-standard","has-post-thumbnail"],"aioseo_notices":[],"amp_enabled":true,"_links":{"self":[{"href":"https:\/\/dentalpress.com.br\/portal\/wp-json\/wp\/v2\/posts\/32629","targetHints":{"allow":["GET"]}}],"collection":[{"href":"https:\/\/dentalpress.com.br\/portal\/wp-json\/wp\/v2\/posts"}],"about":[{"href":"https:\/\/dentalpress.com.br\/portal\/wp-json\/wp\/v2\/types\/post"}],"author":[{"embeddable":true,"href":"https:\/\/dentalpress.com.br\/portal\/wp-json\/wp\/v2\/users\/26"}],"replies":[{"embeddable":true,"href":"https:\/\/dentalpress.com.br\/portal\/wp-json\/wp\/v2\/comments?post=32629"}],"version-history":[{"count":3,"href":"https:\/\/dentalpress.com.br\/portal\/wp-json\/wp\/v2\/posts\/32629\/revisions"}],"predecessor-version":[{"id":32661,"href":"https:\/\/dentalpress.com.br\/portal\/wp-json\/wp\/v2\/posts\/32629\/revisions\/32661"}],"wp:featuredmedia":[{"embeddable":true,"href":"https:\/\/dentalpress.com.br\/portal\/wp-json\/wp\/v2\/media\/32656"}],"wp:attachment":[{"href":"https:\/\/dentalpress.com.br\/portal\/wp-json\/wp\/v2\/media?parent=32629"}],"wp:term":[{"taxonomy":"category","embeddable":true,"href":"https:\/\/dentalpress.com.br\/portal\/wp-json\/wp\/v2\/categories?post=32629"},{"taxonomy":"post_tag","embeddable":true,"href":"https:\/\/dentalpress.com.br\/portal\/wp-json\/wp\/v2\/tags?post=32629"}],"curies":[{"name":"wp","href":"https:\/\/api.w.org\/{rel}","templated":true}]}}