{"id":32612,"date":"2022-06-14T10:28:35","date_gmt":"2022-06-14T13:28:35","guid":{"rendered":"https:\/\/www.dentalpress.com.br\/portal\/?p=32612"},"modified":"2022-06-14T17:32:29","modified_gmt":"2022-06-14T20:32:29","slug":"ministerio-saude-lanca-simapes","status":"publish","type":"post","link":"https:\/\/dentalpress.com.br\/portal\/ministerio-saude-lanca-simapes\/","title":{"rendered":"Minist\u00e9rio da Sa\u00fade lan\u00e7a o SIMAPES, sistema para mapear profissionais da sa\u00fade em forma\u00e7\u00e3o"},"content":{"rendered":"<p>O Minist\u00e9rio da Sa\u00fade lan\u00e7ou, recentemente, o <strong>SIMAPES<\/strong> &#8211; Sistema de Monitoramento da Educa\u00e7\u00e3o na Sa\u00fade. O SIMAPES \u00e9 um sistema que utiliza da coleta e an\u00e1lise de dados dos <a href=\"https:\/\/dentalpress.com.br\/portal\/especializacao-em-implantodontia-transforme-sua-carreira-com-precisao-e-seguranca\/\">cursos<\/a> de gradu\u00e7\u00e3o na \u00e1rea da sa\u00fade, como odontologia, enfermagem e medicina, para avaliar a qualidade do campo de atua\u00e7\u00e3o pr\u00e1tico desses profissionais em forma\u00e7\u00e3o.<\/p>\n<p>O <strong>SIMAPES<\/strong> \u00e9 um projeto idealizado pela <strong>Secretaria de Gest\u00e3o de Trabalho e Educa\u00e7\u00e3o na Sa\u00fade<\/strong>, do Minist\u00e9rio da Sa\u00fade, em parceria com a <strong>Universidade Federal de Goi\u00e1s<\/strong> (UFG). O objetivo central desse sistema de mapeamento \u00e9 compreender a rela\u00e7\u00e3o entre a oferta pelos cursos de gradua\u00e7\u00e3o e cursos t\u00e9cnicos na \u00e1rea da sa\u00fade e a estrutura fornecida pelo <strong>SUS <\/strong>&#8211; Sistema \u00danico de Sa\u00fade, na rede de servi\u00e7os.<\/p>\n<p>Segundo o que informa o Minist\u00e9rio da Sa\u00fade, o\u00a0<strong>SIMAPES\u00a0<\/strong>permitir\u00e1 aos gestores uma amplia\u00e7\u00e3o da estrutura desses cursos de forma\u00e7\u00e3o, como a possibilidade de cria\u00e7\u00e3o de novas \u00e1reas e de melhorias na qualidade desses cursos, al\u00e9m de mudan\u00e7as curriculares, adequando os cursos \u00e0s suas realidades locais, al\u00e9m de aperfei\u00e7oamentos estruturais, com a promo\u00e7\u00e3o dos dados disponibilizados pela plataforma ao Minist\u00e9rio da Sa\u00fade.<\/p>\n<p>Ainda conforme dados disponibilidades pelo Minist\u00e9rio da Sa\u00fade (os dados mais recentes datam do ano de 2019, por\u00e9m, atrav\u00e9s da plataforma, \u00e9 poss\u00edvel consultar dados desde o ano de 2010) por meio do <a href=\"https:\/\/app.powerbi.com\/view?r=eyJrIjoiMzk4NmNkZGMtNmFlZi00MjY3LTlkMTEtMDQ2ZTg0Nzc1M2I4IiwidCI6ImIxY2E3YTgxLWFiZjgtNDJlNS05OGM2LWYyZjJhOTMwYmEzNiJ9\" target=\"_blank\" rel=\"noopener\"><strong>painel din\u00e2mico da odontologia<\/strong><\/a>, no Brasil 429 institui\u00e7\u00f5es de ensino superior ofertam o <a href=\"https:\/\/dentalpress.com.br\/portal\/como-inserir-lasers-de-baixa-e-alta-potencia-na-rotina-clinica\/\">curso<\/a> de gradua\u00e7\u00e3o em odontologia. Estes cursos de gradua\u00e7\u00e3o est\u00e3o dispon\u00edveis em 234 munic\u00edpios espalhados por todo o pa\u00eds, sendo 375 ofertados em institui\u00e7\u00f5es privadas de ensino e 54 em institui\u00e7\u00f5es p\u00fablicas de ensino.<\/p>\n<p>Em 2019, \u00faltimo ano da an\u00e1lise destes dados, o p\u00fablico total de estudantes de odontologia era composto, em sua maioria, por mulheres, sendo 95 mil mulheres matriculadas na gradua\u00e7\u00e3o, enquanto os homens ocupavam 38 mil dos estudantes inscritos.<\/p>\n<p>Al\u00e9m da an\u00e1lise de g\u00eanero, o\u00a0<strong>SIMAPES<\/strong> tamb\u00e9m indicou uma an\u00e1lise de ra\u00e7a dos estudantes da gradua\u00e7\u00e3o em odontologia. Dos 133 mil graduandos em 2019, 2 mil se autodeclararam como amarelos; 67 mil se autodeclararam como brancos; 1 mil se autodeclararam como ind\u00edgenas; 39 mil se autodeclararam como pardos e 6 mil se autodeclararam como negros.<\/p>\n<p>Para al\u00e9m da gradua\u00e7\u00e3o, o <strong>Sistema de Monitoramento da Educa\u00e7\u00e3o na Sa\u00fade<\/strong> tamb\u00e9m analisou dados dos profissionais atuantes na sociedade brasileira. No ano de 2019, 205 mil cirurgi\u00f5es-dentistas exerciam a profiss\u00e3o em todo o territ\u00f3rio nacional.<\/p>\n<p>A plataforma ainda divulgou dados analisados distintamente pelas 5 regi\u00f5es do Brasil. Na \u00e1rea de atua\u00e7\u00e3o profissional, a regi\u00e3o norte conta com 11 mil cirurgi\u00f5es-dentistas; a regi\u00e3o nordeste registrou 41 mil cirurgi\u00f5es-dentistas; no centro-oeste brasileiro, 15 mil cirurgi\u00f5es-dentistas foram contabilizados; a regi\u00e3o sudoeste do Brasil desponta como a localidade com mais profissionais, com 101 mil cirurgi\u00f5es-dentistas; j\u00e1 a regi\u00e3o sul obteve um registro de 36 mil cirurgi\u00f5es-dentistas.<\/p>\n<p>Dentro da plataforma do painel din\u00e2mico da odontologia \u00e9 poss\u00edvel consultar dados referentes \u00e0 cidades, estados, institui\u00e7\u00f5es de ensino superior e regionais de sa\u00fade. A consulta tamb\u00e9m pode ser realizada por m\u00eas ou ano.<\/p>\n<h5>SOBRE O SIMAPES<\/h5>\n<p>A <a href=\"https:\/\/www.in.gov.br\/en\/web\/dou\/-\/portaria-n-1.858-de-28-de-julho-de-2020-269157968\" target=\"_blank\" rel=\"noopener\">portaria do Governo Federal<\/a> que instituiu o <strong>SIMAPES<\/strong> foi publicada ainda no ano de 2020. Segundo o que aponta o documento, o projeto piloto ter\u00e1 dura\u00e7\u00e3o de quatro anos, onde, neste per\u00edodo, os dados totais coletados devem ser analisados e avaliados pelas c\u00e2maras t\u00e9cnicas do Minist\u00e9rio da Sa\u00fade acerca de sua perman\u00eancia.<\/p>\n<p>De acordo com o Governo Federal, o sistema de mapeamento \u00e9 tido como um projeto in\u00e9dito do Minist\u00e9rio da Sa\u00fade e sua sistematiza\u00e7\u00e3o s\u00f3 \u00e9 poss\u00edvel atrav\u00e9s da an\u00e1lise de dados do e-MEC, do Instituto Brasileiro de Geografia e Estat\u00edstica (IBGE), do Cadastro Nacional de Estabelecimentos de Sa\u00fade (CNES), do Contrato Organizativo de A\u00e7\u00e3o P\u00fablica de Ensino-Sa\u00fade (COAPES) e do Sistema de Reestrutura\u00e7\u00e3o da Informa\u00e7\u00e3o da Aten\u00e7\u00e3o B\u00e1sica em N\u00edvel Nacional (e-SUS AB).<\/p>\n<h5>FONTE<\/h5>\n<p><a href=\"https:\/\/www.gov.br\/saude\/pt-br\/composicao\/sgtes\/deges\/integracao-ensino-servico\/sistema-de-mapeamento-em-educacao-na-saude-simapes\" target=\"_blank\" rel=\"noopener\">https:\/\/www.gov.br\/saude\/pt-br\/composicao\/sgtes\/deges\/integracao-ensino-servico\/sistema-de-mapeamento-em-educacao-na-saude-simapes<\/a><\/p>\n","protected":false},"excerpt":{"rendered":"<p>O Minist\u00e9rio da Sa\u00fade lan\u00e7ou, recentemente, o SIMAPES &#8211; Sistema de Monitoramento da Educa\u00e7\u00e3o na Sa\u00fade. O SIMAPES \u00e9 um sistema que utiliza da coleta e an\u00e1lise de dados dos cursos de gradu\u00e7\u00e3o na \u00e1rea da sa\u00fade, como odontologia, enfermagem e medicina, para avaliar a qualidade do campo de atua\u00e7\u00e3o pr\u00e1tico desses profissionais em forma\u00e7\u00e3o.<\/p>\n","protected":false},"author":26,"featured_media":32614,"comment_status":"open","ping_status":"open","sticky":false,"template":"","format":"standard","meta":{"footnotes":""},"categories":[],"tags":[],"class_list":["post-32612","post","type-post","status-publish","format-standard","has-post-thumbnail"],"aioseo_notices":[],"amp_enabled":true,"_links":{"self":[{"href":"https:\/\/dentalpress.com.br\/portal\/wp-json\/wp\/v2\/posts\/32612","targetHints":{"allow":["GET"]}}],"collection":[{"href":"https:\/\/dentalpress.com.br\/portal\/wp-json\/wp\/v2\/posts"}],"about":[{"href":"https:\/\/dentalpress.com.br\/portal\/wp-json\/wp\/v2\/types\/post"}],"author":[{"embeddable":true,"href":"https:\/\/dentalpress.com.br\/portal\/wp-json\/wp\/v2\/users\/26"}],"replies":[{"embeddable":true,"href":"https:\/\/dentalpress.com.br\/portal\/wp-json\/wp\/v2\/comments?post=32612"}],"version-history":[{"count":2,"href":"https:\/\/dentalpress.com.br\/portal\/wp-json\/wp\/v2\/posts\/32612\/revisions"}],"predecessor-version":[{"id":32617,"href":"https:\/\/dentalpress.com.br\/portal\/wp-json\/wp\/v2\/posts\/32612\/revisions\/32617"}],"wp:featuredmedia":[{"embeddable":true,"href":"https:\/\/dentalpress.com.br\/portal\/wp-json\/wp\/v2\/media\/32614"}],"wp:attachment":[{"href":"https:\/\/dentalpress.com.br\/portal\/wp-json\/wp\/v2\/media?parent=32612"}],"wp:term":[{"taxonomy":"category","embeddable":true,"href":"https:\/\/dentalpress.com.br\/portal\/wp-json\/wp\/v2\/categories?post=32612"},{"taxonomy":"post_tag","embeddable":true,"href":"https:\/\/dentalpress.com.br\/portal\/wp-json\/wp\/v2\/tags?post=32612"}],"curies":[{"name":"wp","href":"https:\/\/api.w.org\/{rel}","templated":true}]}}