{"id":32606,"date":"2022-06-13T15:10:20","date_gmt":"2022-06-13T18:10:20","guid":{"rendered":"https:\/\/www.dentalpress.com.br\/portal\/?p=32606"},"modified":"2022-06-13T15:58:39","modified_gmt":"2022-06-13T18:58:39","slug":"estudo-aponta-que-uso-de-dentaduras-pode-afetar-a-nutricao","status":"publish","type":"post","link":"https:\/\/dentalpress.com.br\/portal\/estudo-aponta-que-uso-de-dentaduras-pode-afetar-a-nutricao\/","title":{"rendered":"Estudo aponta que uso de dentaduras pode afetar a nutri\u00e7\u00e3o"},"content":{"rendered":"<p>Um estudo publicado em abril deste ano, realizado pelo Instituto Regenstrief, em conjunto com a Escola de Odontologia da Universidade de Indiana, nos Estados Unidos, apontou <a href=\"https:\/\/www.sciencedaily.com\/releases\/2022\/04\/220421100149.htm\" target=\"_blank\" rel=\"noopener\">a rela\u00e7\u00e3o entre o uso de dentaduras e o impacto negativo na nutri\u00e7\u00e3o de seus usu\u00e1rios<\/a>.<\/p>\n<p>A pesquisa alcan\u00e7ou 10 mil pacientes, por meio de dados laboratoriais disponibilizados por todo o estado de Indiana. Os dados desses pacientes foram comparados, em espec\u00edfico pelo seus marcadores de nutri\u00e7\u00e3o.<\/p>\n<p>Os testes de laborat\u00f3rio analisados incluiram hemogramas, perfil metab\u00f3lico b\u00e1sico e exames de painel lip\u00eddico e tireoidiano. Foram comparados os resultados laboratoriais de pacientes dois anos antes de come\u00e7arem o uso de dentaduras e dois anos depois ap\u00f3s o uso desses dispositivos.<\/p>\n<figure id=\"attachment_32609\" aria-describedby=\"caption-attachment-32609\" style=\"width: 300px\" class=\"wp-caption alignnone\"><img fetchpriority=\"high\" decoding=\"async\" class=\"size-medium wp-image-32609\" src=\"https:\/\/dentalpress.com.br\/portal\/wp-content\/uploads\/2022\/06\/pexels-cottonbro-6502308-300x200.jpg\" alt=\"uso de dentaduras; dentaduras; nutri\u00e7\u00e3o; universidade de indiana\" width=\"300\" height=\"200\" srcset=\"\/wp-content\/uploads\/2022\/06\/pexels-cottonbro-6502308-300x200.jpg 300w, \/wp-content\/uploads\/2022\/06\/pexels-cottonbro-6502308-1024x683.jpg 1024w, \/wp-content\/uploads\/2022\/06\/pexels-cottonbro-6502308-768x512.jpg 768w, \/wp-content\/uploads\/2022\/06\/pexels-cottonbro-6502308-1536x1024.jpg 1536w, \/wp-content\/uploads\/2022\/06\/pexels-cottonbro-6502308-2048x1365.jpg 2048w, \/wp-content\/uploads\/2022\/06\/pexels-cottonbro-6502308-1920x1280.jpg 1920w, \/wp-content\/uploads\/2022\/06\/pexels-cottonbro-6502308-1170x780.jpg 1170w, \/wp-content\/uploads\/2022\/06\/pexels-cottonbro-6502308-585x390.jpg 585w, \/wp-content\/uploads\/2022\/06\/pexels-cottonbro-6502308-263x175.jpg 263w\" sizes=\"(max-width: 300px) 100vw, 300px\" \/><figcaption id=\"caption-attachment-32609\" class=\"wp-caption-text\">Imagem: Ilustrativa\/Reprodu\u00e7\u00e3o\/Pexels<\/figcaption><\/figure>\n<p>O pesquisadores descobriram, por meio do estudo, que pessoas que passaram a utilizar dentaduras tiveram uma queda significativa nas taxas de nutri\u00e7\u00e3o. J\u00e1 as pessoas que n\u00e3o realizaram o uso de dentaduras n\u00e3o tiveram altera\u00e7\u00f5es nesses dados.<\/p>\n<p>Os pesquisadores ressaltam um pedido aos <a href=\"https:\/\/dentalpress.com.br\/portal\/reforma-tributaria-impacta-dentistas-e-pacientes-com-custos\/\">dentistas<\/a>: para que o uso de dentaduras n\u00e3o seja uma possibilidade. Al\u00e9m disso, o autor da pesquisa e diretor do Instituto Regenstrief, PhD Thankam Thyvalikakath, reitera que &#8220;[as dentaduras] n\u00e3o proporcionam a mesma efici\u00eancia mastigat\u00f3ria, o que pode alterar os h\u00e1bitos alimentares&#8221;.<\/p>\n<p>De acordo com os estudiosos, o pr\u00f3ximo passo para essa pesquisa \u00e9 abordar outros fatores que podem afetar a nutri\u00e7\u00e3o, incluindo o status financeiro, al\u00e9m de caracter\u00edsticas dentais cl\u00ednicas.<\/p>\n<h5>FONTE<\/h5>\n<p>Regenstrief Institute. &#8220;Wearing dentures may affect a person&#8217;s nutrition: First study to report results of matched health and dental records to assess nutrition levels.&#8221; ScienceDaily. ScienceDaily, 21 April 2022. &lt;www.sciencedaily.com\/releases\/2022\/04\/220421100149.htm&gt;.<\/p>\n","protected":false},"excerpt":{"rendered":"<p>Um estudo publicado em abril deste ano, realizado pelo Instituto Regenstrief, em conjunto com a Escola de Odontologia da Universidade de Indiana, nos Estados Unidos, apontou a rela\u00e7\u00e3o entre o uso de dentaduras e o impacto negativo na nutri\u00e7\u00e3o de seus usu\u00e1rios. A pesquisa alcan\u00e7ou 10 mil pacientes, por meio de dados laboratoriais disponibilizados por<\/p>\n","protected":false},"author":26,"featured_media":32608,"comment_status":"open","ping_status":"open","sticky":false,"template":"","format":"standard","meta":{"footnotes":""},"categories":[],"tags":[],"class_list":["post-32606","post","type-post","status-publish","format-standard","has-post-thumbnail"],"aioseo_notices":[],"amp_enabled":true,"_links":{"self":[{"href":"https:\/\/dentalpress.com.br\/portal\/wp-json\/wp\/v2\/posts\/32606","targetHints":{"allow":["GET"]}}],"collection":[{"href":"https:\/\/dentalpress.com.br\/portal\/wp-json\/wp\/v2\/posts"}],"about":[{"href":"https:\/\/dentalpress.com.br\/portal\/wp-json\/wp\/v2\/types\/post"}],"author":[{"embeddable":true,"href":"https:\/\/dentalpress.com.br\/portal\/wp-json\/wp\/v2\/users\/26"}],"replies":[{"embeddable":true,"href":"https:\/\/dentalpress.com.br\/portal\/wp-json\/wp\/v2\/comments?post=32606"}],"version-history":[{"count":1,"href":"https:\/\/dentalpress.com.br\/portal\/wp-json\/wp\/v2\/posts\/32606\/revisions"}],"predecessor-version":[{"id":32610,"href":"https:\/\/dentalpress.com.br\/portal\/wp-json\/wp\/v2\/posts\/32606\/revisions\/32610"}],"wp:featuredmedia":[{"embeddable":true,"href":"https:\/\/dentalpress.com.br\/portal\/wp-json\/wp\/v2\/media\/32608"}],"wp:attachment":[{"href":"https:\/\/dentalpress.com.br\/portal\/wp-json\/wp\/v2\/media?parent=32606"}],"wp:term":[{"taxonomy":"category","embeddable":true,"href":"https:\/\/dentalpress.com.br\/portal\/wp-json\/wp\/v2\/categories?post=32606"},{"taxonomy":"post_tag","embeddable":true,"href":"https:\/\/dentalpress.com.br\/portal\/wp-json\/wp\/v2\/tags?post=32606"}],"curies":[{"name":"wp","href":"https:\/\/api.w.org\/{rel}","templated":true}]}}