{"id":32595,"date":"2022-06-10T13:08:24","date_gmt":"2022-06-10T16:08:24","guid":{"rendered":"https:\/\/www.dentalpress.com.br\/portal\/?p=32595"},"modified":"2022-06-10T14:07:22","modified_gmt":"2022-06-10T17:07:22","slug":"pre-venda-do-livro-13o-congresso-internacional-abor-ja-esta-disponivel-na-loja-da-dental-press","status":"publish","type":"post","link":"https:\/\/dentalpress.com.br\/portal\/pre-venda-do-livro-13o-congresso-internacional-abor-ja-esta-disponivel-na-loja-da-dental-press\/","title":{"rendered":"Pr\u00e9 venda do livro 13\u00ba Congresso Internacional ABOR j\u00e1 est\u00e1 dispon\u00edvel na loja da Dental Press"},"content":{"rendered":"<p>J\u00e1 est\u00e1 dispon\u00edvel na loja oficial da Dental Press a pr\u00e9 venda do livro <strong>13\u00ba Congresso Internacional <\/strong><strong>ABOR<\/strong>. O livro \u00e9 uma publica\u00e7\u00e3o da <span class=\"s1\">Associa\u00e7\u00e3o Brasileira de <a href=\"https:\/\/dentalpress.com.br\/portal\/excelencia-em-ortodontia-2\/\">Ortodontia<\/a> e Ortopedia Facial em parceria com a Editora Dental Press.<\/span><\/p>\n<figure id=\"attachment_32597\" aria-describedby=\"caption-attachment-32597\" style=\"width: 224px\" class=\"wp-caption alignnone\"><img fetchpriority=\"high\" decoding=\"async\" class=\"size-medium wp-image-32597\" src=\"https:\/\/dentalpress.com.br\/portal\/wp-content\/uploads\/2022\/06\/13\u00b0-Congresso-Internacional-ABOR-224x300.png\" alt=\"13\u00b0 Congresso Internacional ABOR; ABOR; Editora Dental Press; Pr\u00e9 venda; Lan\u00e7amento\" width=\"224\" height=\"300\" srcset=\"\/wp-content\/uploads\/2022\/06\/13\u00b0-Congresso-Internacional-ABOR-224x300.png 224w, \/wp-content\/uploads\/2022\/06\/13\u00b0-Congresso-Internacional-ABOR-763x1024.png 763w, \/wp-content\/uploads\/2022\/06\/13\u00b0-Congresso-Internacional-ABOR-768x1030.png 768w, \/wp-content\/uploads\/2022\/06\/13\u00b0-Congresso-Internacional-ABOR-1145x1536.png 1145w, \/wp-content\/uploads\/2022\/06\/13\u00b0-Congresso-Internacional-ABOR-1527x2048.png 1527w, \/wp-content\/uploads\/2022\/06\/13\u00b0-Congresso-Internacional-ABOR-1920x2576.png 1920w, \/wp-content\/uploads\/2022\/06\/13\u00b0-Congresso-Internacional-ABOR-1170x1570.png 1170w, \/wp-content\/uploads\/2022\/06\/13\u00b0-Congresso-Internacional-ABOR-585x785.png 585w\" sizes=\"(max-width: 224px) 100vw, 224px\" \/><figcaption id=\"caption-attachment-32597\" class=\"wp-caption-text\">Imagem: Editora Dental Press<\/figcaption><\/figure>\n<p>A <strong>ABOR<\/strong> registra desde 2013, em formato de livro, seus congressos. Os conte\u00fados abordados em cada edi\u00e7\u00e3o se materializam nessas publica\u00e7\u00f5es. Nesta edi\u00e7\u00e3o, s\u00e3o 25 cap\u00edtulos que abordam as mais diversas especialidades da ortodontia.<\/p>\n<p>A obra \u00e9 vendida como\u00a0<em>e-book<\/em>, no site da Dental Press, e para adquiri-l\u00e1, basta clicar <a href=\"https:\/\/loja.dentalpress.com.br\/13-congresso-internacional-abor-501.html\">aqui<\/a>. Caso voc\u00ea queira a ver\u00e3o impressa da obra, basta acessar a nossa loja online &#8211; o livro 13\u00ba Congresso Internacional ABOR ser\u00e1 impresso sob demanda.<\/p>\n<p>A livro 13\u00ba Congresso Internacional ABOR tem mais de 300 p\u00e1ginas e foi escrito com a colabora\u00e7\u00e3o de mais de 70 autores especialistas em ortodontia.<\/p>\n<p>O <a href=\"https:\/\/congresso2022.abor.org.br\/\" target=\"_blank\" rel=\"noopener\">13\u00ba Congresso Internacional ABOR<\/a> acontece entre os dias 15 e 18 de junho, em Fortaleza (CE).<\/p>\n","protected":false},"excerpt":{"rendered":"<p>J\u00e1 est\u00e1 dispon\u00edvel na loja oficial da Dental Press a pr\u00e9 venda do livro 13\u00ba Congresso Internacional ABOR. O livro \u00e9 uma publica\u00e7\u00e3o da Associa\u00e7\u00e3o Brasileira de Ortodontia e Ortopedia Facial em parceria com a Editora Dental Press. A ABOR registra desde 2013, em formato de livro, seus congressos. Os conte\u00fados abordados em cada edi\u00e7\u00e3o<\/p>\n","protected":false},"author":26,"featured_media":32597,"comment_status":"open","ping_status":"open","sticky":false,"template":"","format":"standard","meta":{"footnotes":""},"categories":[],"tags":[],"class_list":["post-32595","post","type-post","status-publish","format-standard","has-post-thumbnail"],"aioseo_notices":[],"amp_enabled":true,"_links":{"self":[{"href":"https:\/\/dentalpress.com.br\/portal\/wp-json\/wp\/v2\/posts\/32595","targetHints":{"allow":["GET"]}}],"collection":[{"href":"https:\/\/dentalpress.com.br\/portal\/wp-json\/wp\/v2\/posts"}],"about":[{"href":"https:\/\/dentalpress.com.br\/portal\/wp-json\/wp\/v2\/types\/post"}],"author":[{"embeddable":true,"href":"https:\/\/dentalpress.com.br\/portal\/wp-json\/wp\/v2\/users\/26"}],"replies":[{"embeddable":true,"href":"https:\/\/dentalpress.com.br\/portal\/wp-json\/wp\/v2\/comments?post=32595"}],"version-history":[{"count":3,"href":"https:\/\/dentalpress.com.br\/portal\/wp-json\/wp\/v2\/posts\/32595\/revisions"}],"predecessor-version":[{"id":32603,"href":"https:\/\/dentalpress.com.br\/portal\/wp-json\/wp\/v2\/posts\/32595\/revisions\/32603"}],"wp:featuredmedia":[{"embeddable":true,"href":"https:\/\/dentalpress.com.br\/portal\/wp-json\/wp\/v2\/media\/32597"}],"wp:attachment":[{"href":"https:\/\/dentalpress.com.br\/portal\/wp-json\/wp\/v2\/media?parent=32595"}],"wp:term":[{"taxonomy":"category","embeddable":true,"href":"https:\/\/dentalpress.com.br\/portal\/wp-json\/wp\/v2\/categories?post=32595"},{"taxonomy":"post_tag","embeddable":true,"href":"https:\/\/dentalpress.com.br\/portal\/wp-json\/wp\/v2\/tags?post=32595"}],"curies":[{"name":"wp","href":"https:\/\/api.w.org\/{rel}","templated":true}]}}