{"id":32582,"date":"2022-06-09T09:10:01","date_gmt":"2022-06-09T12:10:01","guid":{"rendered":"https:\/\/www.dentalpress.com.br\/portal\/?p=32582"},"modified":"2022-06-09T11:26:05","modified_gmt":"2022-06-09T14:26:05","slug":"doenca-periodontal-risco","status":"publish","type":"post","link":"https:\/\/dentalpress.com.br\/portal\/doenca-periodontal-risco\/","title":{"rendered":"Estudo sugere que doen\u00e7a periodontal pode aumentar o risco para outras doen\u00e7as relacionadas ao cora\u00e7\u00e3o e at\u00e9 mesmo a sa\u00fade mental"},"content":{"rendered":"<p>Um estudo publicado por pesquisadores da <a href=\"https:\/\/www.sciencedaily.com\/releases\/2021\/12\/211220083114.htm\" target=\"_blank\" rel=\"noopener\">Universidade de Birmingham<\/a>, na Inglaterra, em dezembro de 2021, associa a periodontite ao poss\u00edvel risco do desenvolvimento de doen\u00e7as card\u00edacas e problemas relacionados \u00e0 sa\u00fade mental.\u00a0O estudo foi realizado com 64.379 pacientes, dentre estes, 60.995 foram diagnosticados com\u00a0<strong>gengivite<\/strong> e\u00a03.384 com <strong>periodontite<\/strong>.<\/p>\n<p>Ao analisarem os dados dos mais de 64 mil pacientes abordados neste estudo por cerca de tr\u00eas anos, os pesquisadores tra\u00e7aram cen\u00e1rios para estabelecer quantos dos pacientes diagnosticados ou n\u00e3o com doen\u00e7a periodontal poderiam desenvolver doen\u00e7as cardiovasculares (insufici\u00eancia card\u00edaca, AVC), dist\u00farbios cardiometab\u00f3licos (press\u00e3o alta, diabetes tipo 2), doen\u00e7as autoimunes (artrite, psor\u00edase) e problemas relacionados \u00e0 sa\u00fade mental (depress\u00e3o, ansiedade).<\/p>\n<p>Pela pesquisa, o grupo de estudiosos descobriu que os pacientes com hist\u00f3rico de doen\u00e7as periodontais no come\u00e7o do estudo estavam mais suscet\u00edveis para receberem o diagn\u00f3stico de alguma das condi\u00e7\u00f5es citadas anteriormente, se comparados aos pacientes analisados que n\u00e3o tinham hist\u00f3rico de doen\u00e7as periodontais.<\/p>\n<figure id=\"attachment_32585\" aria-describedby=\"caption-attachment-32585\" style=\"width: 300px\" class=\"wp-caption alignnone\"><img fetchpriority=\"high\" decoding=\"async\" class=\"size-medium wp-image-32585\" src=\"https:\/\/dentalpress.com.br\/portal\/wp-content\/uploads\/2022\/06\/teeth-gf00c3b935_1920-300x200.jpg\" alt=\"\" width=\"300\" height=\"200\" srcset=\"\/wp-content\/uploads\/2022\/06\/teeth-gf00c3b935_1920-300x200.jpg 300w, \/wp-content\/uploads\/2022\/06\/teeth-gf00c3b935_1920-1024x683.jpg 1024w, \/wp-content\/uploads\/2022\/06\/teeth-gf00c3b935_1920-768x512.jpg 768w, \/wp-content\/uploads\/2022\/06\/teeth-gf00c3b935_1920-1536x1024.jpg 1536w, \/wp-content\/uploads\/2022\/06\/teeth-gf00c3b935_1920-1170x780.jpg 1170w, \/wp-content\/uploads\/2022\/06\/teeth-gf00c3b935_1920-585x390.jpg 585w, \/wp-content\/uploads\/2022\/06\/teeth-gf00c3b935_1920-263x175.jpg 263w, \/wp-content\/uploads\/2022\/06\/teeth-gf00c3b935_1920.jpg 1920w\" sizes=\"(max-width: 300px) 100vw, 300px\" \/><figcaption id=\"caption-attachment-32585\" class=\"wp-caption-text\">Imagem: Ilustrativa\/Reprodu\u00e7\u00e3o\/Pixabay<\/figcaption><\/figure>\n<p>O resultado do estudo ainda mostrou dados quantitativos, como o de pacientes com hist\u00f3rico de doen\u00e7as periodontais, que t\u00eam um aumento de 37% no risco de desenvolver problemas relacionados \u00e0 sa\u00fade mental. J\u00e1 o risco de desenvolver doen\u00e7as autoimunes foi de 33%, enquanto o risco de desenvolvimento de doen\u00e7as cardiovasculares chegou aos 18% e o risco de desenvolver doen\u00e7as cardiometab\u00f3licas foi de 7%.<\/p>\n<p>Um dado que chamou a aten\u00e7\u00e3o nessa pesquisa foi o aumento para o risco do desenvolvimento de diabetes tipo 2, que chegou a 26%, sendo taxado com um n\u00edvel alt\u00edssimo.<\/p>\n<p>Um dos realizadores dessa pesquisa, Dr. Joht Singh Chandan, ressaltou que a falta de sa\u00fade oral \u00e9 extremamente comum, tanto no Reino Unido (local onde o estudo foi realizado), quando no mundo todo e que, com o aumento de problemas relacionados \u00e0 sa\u00fade bucal, h\u00e1, consequentemente, a redu\u00e7\u00e3o da qualidade de vida.<\/p>\n<p>O pesquisador ainda destacou que foram encontradas evid\u00eancias da associa\u00e7\u00e3o de doen\u00e7as periodontais com o aumento do risco do desenvolvimento de doen\u00e7as cr\u00f4nicas.<\/p>\n<h5>REFER\u00caNCIA<\/h5>\n<p>University of Birmingham. &#8220;Gum disease increases risk of other illness such as mental health and heart conditions, study suggests.&#8221; ScienceDaily. ScienceDaily, 20 December 2021. &lt;www.sciencedaily.com\/releases\/2021\/12\/211220083114.htm&gt;.<\/p>\n","protected":false},"excerpt":{"rendered":"<p>Um estudo publicado por pesquisadores da Universidade de Birmingham, na Inglaterra, em dezembro de 2021, associa a periodontite ao poss\u00edvel risco do desenvolvimento de doen\u00e7as card\u00edacas e problemas relacionados \u00e0 sa\u00fade mental.\u00a0O estudo foi realizado com 64.379 pacientes, dentre estes, 60.995 foram diagnosticados com\u00a0gengivite e\u00a03.384 com periodontite. Ao analisarem os dados dos mais de 64<\/p>\n","protected":false},"author":26,"featured_media":32584,"comment_status":"open","ping_status":"open","sticky":false,"template":"","format":"standard","meta":{"footnotes":""},"categories":[],"tags":[],"class_list":["post-32582","post","type-post","status-publish","format-standard","has-post-thumbnail"],"aioseo_notices":[],"amp_enabled":true,"_links":{"self":[{"href":"https:\/\/dentalpress.com.br\/portal\/wp-json\/wp\/v2\/posts\/32582","targetHints":{"allow":["GET"]}}],"collection":[{"href":"https:\/\/dentalpress.com.br\/portal\/wp-json\/wp\/v2\/posts"}],"about":[{"href":"https:\/\/dentalpress.com.br\/portal\/wp-json\/wp\/v2\/types\/post"}],"author":[{"embeddable":true,"href":"https:\/\/dentalpress.com.br\/portal\/wp-json\/wp\/v2\/users\/26"}],"replies":[{"embeddable":true,"href":"https:\/\/dentalpress.com.br\/portal\/wp-json\/wp\/v2\/comments?post=32582"}],"version-history":[{"count":2,"href":"https:\/\/dentalpress.com.br\/portal\/wp-json\/wp\/v2\/posts\/32582\/revisions"}],"predecessor-version":[{"id":32586,"href":"https:\/\/dentalpress.com.br\/portal\/wp-json\/wp\/v2\/posts\/32582\/revisions\/32586"}],"wp:featuredmedia":[{"embeddable":true,"href":"https:\/\/dentalpress.com.br\/portal\/wp-json\/wp\/v2\/media\/32584"}],"wp:attachment":[{"href":"https:\/\/dentalpress.com.br\/portal\/wp-json\/wp\/v2\/media?parent=32582"}],"wp:term":[{"taxonomy":"category","embeddable":true,"href":"https:\/\/dentalpress.com.br\/portal\/wp-json\/wp\/v2\/categories?post=32582"},{"taxonomy":"post_tag","embeddable":true,"href":"https:\/\/dentalpress.com.br\/portal\/wp-json\/wp\/v2\/tags?post=32582"}],"curies":[{"name":"wp","href":"https:\/\/api.w.org\/{rel}","templated":true}]}}