{"id":32577,"date":"2022-06-08T09:31:59","date_gmt":"2022-06-08T12:31:59","guid":{"rendered":"https:\/\/www.dentalpress.com.br\/portal\/?p=32577"},"modified":"2022-06-08T09:32:56","modified_gmt":"2022-06-08T12:32:56","slug":"criancas-nascidas-prematuras-precisam-de-mais-tratamentos-ortodonticos-ao-longo-da-vida-diz-estudo","status":"publish","type":"post","link":"https:\/\/dentalpress.com.br\/portal\/criancas-nascidas-prematuras-precisam-de-mais-tratamentos-ortodonticos-ao-longo-da-vida-diz-estudo\/","title":{"rendered":"Crian\u00e7as nascidas prematuras precisam de mais tratamentos ortod\u00f4nticos ao longo da vida, diz estudo"},"content":{"rendered":"<p>Um estudo publicado pelo <strong>Conselho de Pesquisa Sueco<\/strong>, por meio da <a href=\"https:\/\/www.sciencedaily.com\/releases\/2009\/04\/090428093230.htm\" target=\"_blank\" rel=\"noopener\">disserta\u00e7\u00e3o da pesquisadora Liselotte Paulsson, da Faculdade de Odontologia da Universidade de Malm\u00f6<\/a>, na Su\u00e9cia, mostrou que crian\u00e7as nascidas prematuras, antes de 33 semanas de gesta\u00e7\u00e3o podem precisar de mais cuidados ortod\u00f4nticos ao longo da vida, se comparadas \u00e0s crian\u00e7as nascidas ap\u00f3s 39 semanas de gesta\u00e7\u00e3o.<\/p>\n<p>O estudo constatou que as crian\u00e7as nascidas prematuras tamb\u00e9m t\u00eam mais complica\u00e7\u00f5es na execu\u00e7\u00e3o da mordida. De acordo com a pesquisadora que encabe\u00e7ou o estudo, este grupo de crian\u00e7as &#8211; nascidas prematuras &#8211; precisam de mais aten\u00e7\u00e3o nos cuidados bucais.<\/p>\n<p>O estudo tamb\u00e9m aponta que a maioria das crian\u00e7as nascidas prematuras e que precisam de aux\u00edlio para respirar durante as primeiras semanas de vida, com o uso de respiradores, sofrem um grande risco de desenvolverem desvios na mordida. O risco do desenvolvimento dessa condi\u00e7\u00e3o \u00e9 maior para as crian\u00e7as que foram entubadas ao longo dos primeiros dias de vida.<\/p>\n<p>Essa pesquisa foi realizada com <strong>114 crian\u00e7as<\/strong>, divididas em <strong>tr\u00eas grupos<\/strong>:<\/p>\n<ul>\n<li><strong>Crian\u00e7as nascidas antes da 29\u00aa semanas de gesta\u00e7\u00e3o<\/strong><\/li>\n<li><strong>Crian\u00e7as nascidas entre a 20\u00aa e 32\u00aa semana de gesta\u00e7\u00e3o<\/strong><\/li>\n<li><strong>Crian\u00e7as nascidas ap\u00f3s a 40\u00aa semana de gesta\u00e7\u00e3o<\/strong><\/li>\n<\/ul>\n<p>As crian\u00e7as foram avaliadas pelo estudo entre os 8 e 10 anos e idade, e os resultados constataram que 52% das crian\u00e7as nascidas prematuras precisaram realizar tratamento para problemas relacionados ao desvio na mordida. O estudo tamb\u00e9m mostrou que as crian\u00e7as nascidas prematuras pesam menos (tem uma constitui\u00e7\u00e3o mais leve), t\u00eam cabe\u00e7as com circunfer\u00eancias menores e t\u00eam os maxilares superiores menores.<\/p>\n<p>Segundo <strong>Paulsson<\/strong>, esses apontamentos referentes \u00e0s condi\u00e7\u00f5es de desenvolvimento das crian\u00e7as nascidas prematuras podem estar por tr\u00e1s dos problemas relacionados ao desvio das mordidas, por\u00e9m, a pesquisadora ainda ressalta que mais estudos precisam ser realizados.<\/p>\n<p>O estudo ainda aponta que, mesmo que as crian\u00e7as nascidas prematuras tenham mais problemas relacionados ao desvio na mordida e uma necessidade maior de tratamentos ortod\u00f4nticos, n\u00e3o foi constatado que esse grupo analisado tenha mais sintomas em forma de <a href=\"https:\/\/dentalpress.com.br\/portal\/curso-de-aperfeicoamento-em-dtm-dor-orofacial-e-apneia-do-sono\/\">dor<\/a> na regi\u00e3o do maxilar superior ou at\u00e9 mesmo dores de cabe\u00e7a, se comparadas \u00e0s outras crian\u00e7as.<\/p>\n<h5>FONTE<\/h5>\n<p>Vetenskapsr\u00e5det (The Swedish Research Council). &#8220;More Orthodontic Treatment Needed Among Children Born Prematurely.&#8221; ScienceDaily. ScienceDaily, 1 May 2009. &lt;www.sciencedaily.com\/releases\/2009\/04\/090428093230.htm&gt;.<\/p>\n","protected":false},"excerpt":{"rendered":"<p>Um estudo publicado pelo Conselho de Pesquisa Sueco, por meio da disserta\u00e7\u00e3o da pesquisadora Liselotte Paulsson, da Faculdade de Odontologia da Universidade de Malm\u00f6, na Su\u00e9cia, mostrou que crian\u00e7as nascidas prematuras, antes de 33 semanas de gesta\u00e7\u00e3o podem precisar de mais cuidados ortod\u00f4nticos ao longo da vida, se comparadas \u00e0s crian\u00e7as nascidas ap\u00f3s 39 semanas<\/p>\n","protected":false},"author":26,"featured_media":32578,"comment_status":"open","ping_status":"open","sticky":false,"template":"","format":"standard","meta":{"footnotes":""},"categories":[],"tags":[],"class_list":["post-32577","post","type-post","status-publish","format-standard","has-post-thumbnail"],"aioseo_notices":[],"amp_enabled":true,"_links":{"self":[{"href":"https:\/\/dentalpress.com.br\/portal\/wp-json\/wp\/v2\/posts\/32577","targetHints":{"allow":["GET"]}}],"collection":[{"href":"https:\/\/dentalpress.com.br\/portal\/wp-json\/wp\/v2\/posts"}],"about":[{"href":"https:\/\/dentalpress.com.br\/portal\/wp-json\/wp\/v2\/types\/post"}],"author":[{"embeddable":true,"href":"https:\/\/dentalpress.com.br\/portal\/wp-json\/wp\/v2\/users\/26"}],"replies":[{"embeddable":true,"href":"https:\/\/dentalpress.com.br\/portal\/wp-json\/wp\/v2\/comments?post=32577"}],"version-history":[{"count":1,"href":"https:\/\/dentalpress.com.br\/portal\/wp-json\/wp\/v2\/posts\/32577\/revisions"}],"predecessor-version":[{"id":32579,"href":"https:\/\/dentalpress.com.br\/portal\/wp-json\/wp\/v2\/posts\/32577\/revisions\/32579"}],"wp:featuredmedia":[{"embeddable":true,"href":"https:\/\/dentalpress.com.br\/portal\/wp-json\/wp\/v2\/media\/32578"}],"wp:attachment":[{"href":"https:\/\/dentalpress.com.br\/portal\/wp-json\/wp\/v2\/media?parent=32577"}],"wp:term":[{"taxonomy":"category","embeddable":true,"href":"https:\/\/dentalpress.com.br\/portal\/wp-json\/wp\/v2\/categories?post=32577"},{"taxonomy":"post_tag","embeddable":true,"href":"https:\/\/dentalpress.com.br\/portal\/wp-json\/wp\/v2\/tags?post=32577"}],"curies":[{"name":"wp","href":"https:\/\/api.w.org\/{rel}","templated":true}]}}